{"id":913,"date":"2023-11-14T14:48:57","date_gmt":"2023-11-14T13:48:57","guid":{"rendered":"https:\/\/footdavant.fr\/actualites\/simeone-pretend-quil-peut-gagner-la-premier-league-dit-que-personne-ne-se-defend-la-bas\/"},"modified":"2023-11-14T14:48:57","modified_gmt":"2023-11-14T13:48:57","slug":"simeone-pretend-quil-peut-gagner-la-premier-league-dit-que-personne-ne-se-defend-la-bas","status":"publish","type":"post","link":"https:\/\/footdavant.fr\/actualites\/simeone-pretend-quil-peut-gagner-la-premier-league-dit-que-personne-ne-se-defend-la-bas\/","title":{"rendered":"Simeone pr\u00e9tend qu&rsquo;il peut gagner la Premier League, dit que personne ne se d\u00e9fend l\u00e0-bas"},"content":{"rendered":"<div>\n<p>Le manager de l&rsquo;Atletico Madrid, Diego Simeone, a fait une d\u00e9claration int\u00e9ressante \u00e0 propos de la Premier League, affirmant que les \u00e9quipes anglaises ne sont pas int\u00e9ress\u00e9es \u00e0 d\u00e9fendre.  Il pense \u00e9galement que s\u2019il entra\u00eenait un jour un club de Premier League, il aurait de r\u00e9elles chances de remporter le titre.<\/p>\n<p>Simeone, qui a r\u00e9cemment sign\u00e9 une prolongation de contrat avec l&rsquo;Atletico Madrid, est l&rsquo;un des entra\u00eeneurs les plus anciens d&rsquo;Europe.  Le tacticien argentin dirige le club madril\u00e8ne depuis 2011 et y est contractuellement li\u00e9 jusqu&rsquo;en juin 2027. Au cours des 12 derni\u00e8res ann\u00e9es, il a men\u00e9 le club \u00e0 deux titres de Liga et deux troph\u00e9es de Ligue Europa, entre autres honneurs. .<\/p>\n<h2>Simeone fait une d\u00e9claration audacieuse en Premier League<\/h2>\n<p>Simeone a fait de l&rsquo;Atletico Madrid une force avec laquelle il faut compter, mais son r\u00e8gne n&rsquo;a pas \u00e9t\u00e9 sans d\u00e9bat.  Beaucoup ont critiqu\u00e9 Simeone pour l&rsquo;approche ultra-d\u00e9fensive de son \u00e9quipe, sugg\u00e9rant que le tacticien n&rsquo;avait aucun int\u00e9r\u00eat \u00e0 jouer un football accrocheur.<\/p>\n<p>L&rsquo;entra\u00eeneur n&rsquo;est cependant pas d&rsquo;accord avec ce qui a \u00e9t\u00e9 dit sur sa tactique.  S&rsquo;adressant \u00e0 la Cadena SER, le joueur de 53 ans a d\u00e9clar\u00e9 qu&rsquo;il s&rsquo;\u00e9tait simplement adapt\u00e9 \u00e0 la force de son \u00e9quipe.<\/p>\n<p>Simeone a d\u00e9clar\u00e9 :<\/p>\n<p>\u00ab\u00a0<em>J&rsquo;aime bien jouer.  Toute ma vie, j\u2019ai aim\u00e9 bien jouer.  \u00c0 Estudiantes de la Plata, nous avons jou\u00e9 avec Sosa, avec Veron\u2026 \u00c0 River avec Ortega, Falcao, Buonanotte\u2026 Ensuite, nous avons eu d&rsquo;autres footballeurs et nous nous sommes adapt\u00e9s.<\/em>\u00bb<\/p>\n<p>Il a ensuite admis son amour pour une \u00e9quipe d\u00e9fensivement solide, sugg\u00e9rant qu&rsquo;il pourrait remporter la Premier League s&rsquo;il d\u00e9cidait un jour d&rsquo;accepter un emploi en Angleterre.<\/p>\n<p>L&rsquo;ancien international argentin a ajout\u00e9 :<\/p>\n<p>\u00ab\u00a0<em>Si vous me demandez \u00e0 qui je m\u2019identifie\u2026 J\u2019aime bien d\u00e9fendre.  Vous regardez le football anglais et il n&rsquo;y a que 4-4, 6-3\u2026 Mais personne ne d\u00e9fend.  Je le regarde et je pense que personne ne d\u00e9fend.  Et je pense que si j\u2019y parviens et que je peux me rapprocher d\u2019eux en attaque, je peux devenir champion.  Le Bar\u00e7a est devenu champion l&rsquo;ann\u00e9e derni\u00e8re gr\u00e2ce \u00e0 une d\u00e9fense solide.<\/em>\u00bb<\/p>\n<h2>Le style de Simeone pourrait fonctionner en Premier League<\/h2>\n<p>La Premier League abrite certains des meilleurs entra\u00eeneurs du monde, dont Pep Guardiola, Jurgen Klopp et Mauricio Pochettino.  La plupart des entra\u00eeneurs en Angleterre aiment pratiquer un football accrocheur, qui garantit le divertissement m\u00eame au d\u00e9triment des r\u00e9sultats.<\/p>\n<p>Un manager comme Simeone pourrait perturber le rythme de la ligue.  En d\u00e9ployant un syst\u00e8me de blocage bas efficace, il pouvait sortir ses adversaires de leur coquille et les frapper au break.  Nous avons vu Simeone d\u00e9ployer le syst\u00e8me \u00e0 maintes reprises contre des \u00e9quipes de haut niveau comme le Real Madrid et Barcelone.  Sur le papier, il n\u2019y a aucune raison pour que cela n\u2019ait pas le m\u00eame effet en Angleterre.<\/p>\n<\/p><\/div>\n","protected":false},"excerpt":{"rendered":"<p>Le manager de l&rsquo;Atletico Madrid, Diego Simeone, a fait une d\u00e9claration int\u00e9ressante \u00e0 propos de la Premier League, affirmant que les \u00e9quipes anglaises ne sont<\/p>\n","protected":false},"author":1,"featured_media":914,"comment_status":"closed","ping_status":"","sticky":false,"template":"","format":"standard","meta":{"footnotes":""},"categories":[3],"tags":[789,125,1065,1066,202,785,128,201,1064,514,1063],"yoast_head":"<!-- This site is optimized with the Yoast SEO plugin v21.0 - https:\/\/yoast.com\/wordpress\/plugins\/seo\/ -->\n<title>Simeone pr\u00e9tend qu&#039;il peut gagner la Premier League, dit que personne ne se d\u00e9fend l\u00e0-bas<\/title>\n<meta name=\"robots\" content=\"index, follow, max-snippet:-1, max-image-preview:large, max-video-preview:-1\" \/>\n<link rel=\"canonical\" href=\"https:\/\/footdavant.fr\/actualites\/simeone-pretend-quil-peut-gagner-la-premier-league-dit-que-personne-ne-se-defend-la-bas\/\" \/>\n<meta property=\"og:locale\" content=\"fr_FR\" \/>\n<meta property=\"og:type\" content=\"article\" \/>\n<meta property=\"og:title\" content=\"Simeone pr\u00e9tend qu&#039;il peut gagner la Premier League, dit que personne ne se d\u00e9fend l\u00e0-bas\" \/>\n<meta property=\"og:description\" content=\"Le manager de l&rsquo;Atletico Madrid, Diego Simeone, a fait une d\u00e9claration int\u00e9ressante \u00e0 propos de la Premier League, affirmant que les \u00e9quipes anglaises ne sont\" \/>\n<meta property=\"og:url\" content=\"https:\/\/footdavant.fr\/actualites\/simeone-pretend-quil-peut-gagner-la-premier-league-dit-que-personne-ne-se-defend-la-bas\/\" \/>\n<meta property=\"og:site_name\" content=\"Foot d&#039;avant\" \/>\n<meta property=\"article:publisher\" content=\"https:\/\/www.facebook.com\/Footdavant\/\" \/>\n<meta property=\"article:published_time\" content=\"2023-11-14T13:48:57+00:00\" \/>\n<meta property=\"og:image\" content=\"https:\/\/footdavant.fr\/actualites\/wp-content\/uploads\/2023\/11\/Simeone-pretend-quil-peut-gagner-la-Premier-League-dit-que.jpg\" \/>\n\t<meta property=\"og:image:width\" content=\"696\" \/>\n\t<meta property=\"og:image:height\" content=\"392\" \/>\n\t<meta property=\"og:image:type\" content=\"image\/jpeg\" \/>\n<meta name=\"author\" content=\"Cl\u00e9ment\" \/>\n<meta name=\"twitter:card\" content=\"summary_large_image\" \/>\n<meta name=\"twitter:creator\" content=\"@FootdavantFr\" \/>\n<meta name=\"twitter:site\" content=\"@FootdavantFr\" \/>\n<meta name=\"twitter:label1\" content=\"\u00c9crit par\" \/>\n\t<meta name=\"twitter:data1\" content=\"Cl\u00e9ment\" \/>\n\t<meta name=\"twitter:label2\" content=\"Dur\u00e9e de lecture estim\u00e9e\" \/>\n\t<meta name=\"twitter:data2\" content=\"3 minutes\" \/>\n<script type=\"application\/ld+json\" class=\"yoast-schema-graph\">{\"@context\":\"https:\/\/schema.org\",\"@graph\":[{\"@type\":\"Article\",\"@id\":\"https:\/\/footdavant.fr\/actualites\/simeone-pretend-quil-peut-gagner-la-premier-league-dit-que-personne-ne-se-defend-la-bas\/#article\",\"isPartOf\":{\"@id\":\"https:\/\/footdavant.fr\/actualites\/simeone-pretend-quil-peut-gagner-la-premier-league-dit-que-personne-ne-se-defend-la-bas\/\"},\"author\":{\"name\":\"Cl\u00e9ment\",\"@id\":\"https:\/\/footdavant.fr\/actualites\/#\/schema\/person\/bc222566d95871b37e597b3ed3ba5e1d\"},\"headline\":\"Simeone pr\u00e9tend qu&rsquo;il peut gagner la Premier League, dit que personne ne se d\u00e9fend l\u00e0-bas\",\"datePublished\":\"2023-11-14T13:48:57+00:00\",\"dateModified\":\"2023-11-14T13:48:57+00:00\",\"mainEntityOfPage\":{\"@id\":\"https:\/\/footdavant.fr\/actualites\/simeone-pretend-quil-peut-gagner-la-premier-league-dit-que-personne-ne-se-defend-la-bas\/\"},\"wordCount\":519,\"publisher\":{\"@id\":\"https:\/\/footdavant.fr\/actualites\/#organization\"},\"keywords\":[\"d\u00e9fend\",\"dit\",\"gagner\",\"l\u00e0bas\",\"League\",\"personne\",\"peut\",\"Premier\",\"pr\u00e9tend\",\"quil\",\"Simeone\"],\"articleSection\":[\"Football\"],\"inLanguage\":\"fr-FR\"},{\"@type\":\"WebPage\",\"@id\":\"https:\/\/footdavant.fr\/actualites\/simeone-pretend-quil-peut-gagner-la-premier-league-dit-que-personne-ne-se-defend-la-bas\/\",\"url\":\"https:\/\/footdavant.fr\/actualites\/simeone-pretend-quil-peut-gagner-la-premier-league-dit-que-personne-ne-se-defend-la-bas\/\",\"name\":\"Simeone pr\u00e9tend qu'il peut gagner la Premier League, dit que personne ne se d\u00e9fend l\u00e0-bas\",\"isPartOf\":{\"@id\":\"https:\/\/footdavant.fr\/actualites\/#website\"},\"datePublished\":\"2023-11-14T13:48:57+00:00\",\"dateModified\":\"2023-11-14T13:48:57+00:00\",\"breadcrumb\":{\"@id\":\"https:\/\/footdavant.fr\/actualites\/simeone-pretend-quil-peut-gagner-la-premier-league-dit-que-personne-ne-se-defend-la-bas\/#breadcrumb\"},\"inLanguage\":\"fr-FR\",\"potentialAction\":[{\"@type\":\"ReadAction\",\"target\":[\"https:\/\/footdavant.fr\/actualites\/simeone-pretend-quil-peut-gagner-la-premier-league-dit-que-personne-ne-se-defend-la-bas\/\"]}]},{\"@type\":\"BreadcrumbList\",\"@id\":\"https:\/\/footdavant.fr\/actualites\/simeone-pretend-quil-peut-gagner-la-premier-league-dit-que-personne-ne-se-defend-la-bas\/#breadcrumb\",\"itemListElement\":[{\"@type\":\"ListItem\",\"position\":1,\"name\":\"Accueil\",\"item\":\"https:\/\/footdavant.fr\/actualites\/\"},{\"@type\":\"ListItem\",\"position\":2,\"name\":\"Simeone pr\u00e9tend qu&rsquo;il peut gagner la Premier League, dit que personne ne se d\u00e9fend l\u00e0-bas\"}]},{\"@type\":\"WebSite\",\"@id\":\"https:\/\/footdavant.fr\/actualites\/#website\",\"url\":\"https:\/\/footdavant.fr\/actualites\/\",\"name\":\"Foot d'avant\",\"description\":\"\",\"publisher\":{\"@id\":\"https:\/\/footdavant.fr\/actualites\/#organization\"},\"potentialAction\":[{\"@type\":\"SearchAction\",\"target\":{\"@type\":\"EntryPoint\",\"urlTemplate\":\"https:\/\/footdavant.fr\/actualites\/?s={search_term_string}\"},\"query-input\":\"required name=search_term_string\"}],\"inLanguage\":\"fr-FR\"},{\"@type\":\"Organization\",\"@id\":\"https:\/\/footdavant.fr\/actualites\/#organization\",\"name\":\"Foot d'avant\",\"url\":\"https:\/\/footdavant.fr\/actualites\/\",\"logo\":{\"@type\":\"ImageObject\",\"inLanguage\":\"fr-FR\",\"@id\":\"https:\/\/footdavant.fr\/actualites\/#\/schema\/logo\/image\/\",\"url\":\"https:\/\/footdavant.fr\/actualites\/wp-content\/uploads\/2023\/09\/Copy-of-FootDavant-Logo.png\",\"contentUrl\":\"https:\/\/footdavant.fr\/actualites\/wp-content\/uploads\/2023\/09\/Copy-of-FootDavant-Logo.png\",\"width\":936,\"height\":549,\"caption\":\"Foot d'avant\"},\"image\":{\"@id\":\"https:\/\/footdavant.fr\/actualites\/#\/schema\/logo\/image\/\"},\"sameAs\":[\"https:\/\/www.facebook.com\/Footdavant\/\",\"https:\/\/twitter.com\/FootdavantFr\",\"https:\/\/www.instagram.com\/footdavant.fr\/\"]},{\"@type\":\"Person\",\"@id\":\"https:\/\/footdavant.fr\/actualites\/#\/schema\/person\/bc222566d95871b37e597b3ed3ba5e1d\",\"name\":\"Cl\u00e9ment\",\"image\":{\"@type\":\"ImageObject\",\"inLanguage\":\"fr-FR\",\"@id\":\"https:\/\/footdavant.fr\/actualites\/#\/schema\/person\/image\/\",\"url\":\"https:\/\/secure.gravatar.com\/avatar\/7728b29aac2719421e1a9159b2254c44?s=96&d=mm&r=g\",\"contentUrl\":\"https:\/\/secure.gravatar.com\/avatar\/7728b29aac2719421e1a9159b2254c44?s=96&d=mm&r=g\",\"caption\":\"Cl\u00e9ment\"},\"sameAs\":[\"https:\/\/footdavant.fr\/\"]}]}<\/script>\n<!-- \/ Yoast SEO plugin. -->","yoast_head_json":{"title":"Simeone pr\u00e9tend qu'il peut gagner la Premier League, dit que personne ne se d\u00e9fend l\u00e0-bas","robots":{"index":"index","follow":"follow","max-snippet":"max-snippet:-1","max-image-preview":"max-image-preview:large","max-video-preview":"max-video-preview:-1"},"canonical":"https:\/\/footdavant.fr\/actualites\/simeone-pretend-quil-peut-gagner-la-premier-league-dit-que-personne-ne-se-defend-la-bas\/","og_locale":"fr_FR","og_type":"article","og_title":"Simeone pr\u00e9tend qu'il peut gagner la Premier League, dit que personne ne se d\u00e9fend l\u00e0-bas","og_description":"Le manager de l&rsquo;Atletico Madrid, Diego Simeone, a fait une d\u00e9claration int\u00e9ressante \u00e0 propos de la Premier League, affirmant que les \u00e9quipes anglaises ne sont","og_url":"https:\/\/footdavant.fr\/actualites\/simeone-pretend-quil-peut-gagner-la-premier-league-dit-que-personne-ne-se-defend-la-bas\/","og_site_name":"Foot d&#039;avant","article_publisher":"https:\/\/www.facebook.com\/Footdavant\/","article_published_time":"2023-11-14T13:48:57+00:00","og_image":[{"width":696,"height":392,"url":"https:\/\/footdavant.fr\/actualites\/wp-content\/uploads\/2023\/11\/Simeone-pretend-quil-peut-gagner-la-Premier-League-dit-que.jpg","type":"image\/jpeg"}],"author":"Cl\u00e9ment","twitter_card":"summary_large_image","twitter_creator":"@FootdavantFr","twitter_site":"@FootdavantFr","twitter_misc":{"\u00c9crit par":"Cl\u00e9ment","Dur\u00e9e de lecture estim\u00e9e":"3 minutes"},"schema":{"@context":"https:\/\/schema.org","@graph":[{"@type":"Article","@id":"https:\/\/footdavant.fr\/actualites\/simeone-pretend-quil-peut-gagner-la-premier-league-dit-que-personne-ne-se-defend-la-bas\/#article","isPartOf":{"@id":"https:\/\/footdavant.fr\/actualites\/simeone-pretend-quil-peut-gagner-la-premier-league-dit-que-personne-ne-se-defend-la-bas\/"},"author":{"name":"Cl\u00e9ment","@id":"https:\/\/footdavant.fr\/actualites\/#\/schema\/person\/bc222566d95871b37e597b3ed3ba5e1d"},"headline":"Simeone pr\u00e9tend qu&rsquo;il peut gagner la Premier League, dit que personne ne se d\u00e9fend l\u00e0-bas","datePublished":"2023-11-14T13:48:57+00:00","dateModified":"2023-11-14T13:48:57+00:00","mainEntityOfPage":{"@id":"https:\/\/footdavant.fr\/actualites\/simeone-pretend-quil-peut-gagner-la-premier-league-dit-que-personne-ne-se-defend-la-bas\/"},"wordCount":519,"publisher":{"@id":"https:\/\/footdavant.fr\/actualites\/#organization"},"keywords":["d\u00e9fend","dit","gagner","l\u00e0bas","League","personne","peut","Premier","pr\u00e9tend","quil","Simeone"],"articleSection":["Football"],"inLanguage":"fr-FR"},{"@type":"WebPage","@id":"https:\/\/footdavant.fr\/actualites\/simeone-pretend-quil-peut-gagner-la-premier-league-dit-que-personne-ne-se-defend-la-bas\/","url":"https:\/\/footdavant.fr\/actualites\/simeone-pretend-quil-peut-gagner-la-premier-league-dit-que-personne-ne-se-defend-la-bas\/","name":"Simeone pr\u00e9tend qu'il peut gagner la Premier League, dit que personne ne se d\u00e9fend l\u00e0-bas","isPartOf":{"@id":"https:\/\/footdavant.fr\/actualites\/#website"},"datePublished":"2023-11-14T13:48:57+00:00","dateModified":"2023-11-14T13:48:57+00:00","breadcrumb":{"@id":"https:\/\/footdavant.fr\/actualites\/simeone-pretend-quil-peut-gagner-la-premier-league-dit-que-personne-ne-se-defend-la-bas\/#breadcrumb"},"inLanguage":"fr-FR","potentialAction":[{"@type":"ReadAction","target":["https:\/\/footdavant.fr\/actualites\/simeone-pretend-quil-peut-gagner-la-premier-league-dit-que-personne-ne-se-defend-la-bas\/"]}]},{"@type":"BreadcrumbList","@id":"https:\/\/footdavant.fr\/actualites\/simeone-pretend-quil-peut-gagner-la-premier-league-dit-que-personne-ne-se-defend-la-bas\/#breadcrumb","itemListElement":[{"@type":"ListItem","position":1,"name":"Accueil","item":"https:\/\/footdavant.fr\/actualites\/"},{"@type":"ListItem","position":2,"name":"Simeone pr\u00e9tend qu&rsquo;il peut gagner la Premier League, dit que personne ne se d\u00e9fend l\u00e0-bas"}]},{"@type":"WebSite","@id":"https:\/\/footdavant.fr\/actualites\/#website","url":"https:\/\/footdavant.fr\/actualites\/","name":"Foot d'avant","description":"","publisher":{"@id":"https:\/\/footdavant.fr\/actualites\/#organization"},"potentialAction":[{"@type":"SearchAction","target":{"@type":"EntryPoint","urlTemplate":"https:\/\/footdavant.fr\/actualites\/?s={search_term_string}"},"query-input":"required name=search_term_string"}],"inLanguage":"fr-FR"},{"@type":"Organization","@id":"https:\/\/footdavant.fr\/actualites\/#organization","name":"Foot d'avant","url":"https:\/\/footdavant.fr\/actualites\/","logo":{"@type":"ImageObject","inLanguage":"fr-FR","@id":"https:\/\/footdavant.fr\/actualites\/#\/schema\/logo\/image\/","url":"https:\/\/footdavant.fr\/actualites\/wp-content\/uploads\/2023\/09\/Copy-of-FootDavant-Logo.png","contentUrl":"https:\/\/footdavant.fr\/actualites\/wp-content\/uploads\/2023\/09\/Copy-of-FootDavant-Logo.png","width":936,"height":549,"caption":"Foot d'avant"},"image":{"@id":"https:\/\/footdavant.fr\/actualites\/#\/schema\/logo\/image\/"},"sameAs":["https:\/\/www.facebook.com\/Footdavant\/","https:\/\/twitter.com\/FootdavantFr","https:\/\/www.instagram.com\/footdavant.fr\/"]},{"@type":"Person","@id":"https:\/\/footdavant.fr\/actualites\/#\/schema\/person\/bc222566d95871b37e597b3ed3ba5e1d","name":"Cl\u00e9ment","image":{"@type":"ImageObject","inLanguage":"fr-FR","@id":"https:\/\/footdavant.fr\/actualites\/#\/schema\/person\/image\/","url":"https:\/\/secure.gravatar.com\/avatar\/7728b29aac2719421e1a9159b2254c44?s=96&d=mm&r=g","contentUrl":"https:\/\/secure.gravatar.com\/avatar\/7728b29aac2719421e1a9159b2254c44?s=96&d=mm&r=g","caption":"Cl\u00e9ment"},"sameAs":["https:\/\/footdavant.fr\/"]}]}},"_links":{"self":[{"href":"https:\/\/footdavant.fr\/actualites\/wp-json\/wp\/v2\/posts\/913"}],"collection":[{"href":"https:\/\/footdavant.fr\/actualites\/wp-json\/wp\/v2\/posts"}],"about":[{"href":"https:\/\/footdavant.fr\/actualites\/wp-json\/wp\/v2\/types\/post"}],"author":[{"embeddable":true,"href":"https:\/\/footdavant.fr\/actualites\/wp-json\/wp\/v2\/users\/1"}],"replies":[{"embeddable":true,"href":"https:\/\/footdavant.fr\/actualites\/wp-json\/wp\/v2\/comments?post=913"}],"version-history":[{"count":1,"href":"https:\/\/footdavant.fr\/actualites\/wp-json\/wp\/v2\/posts\/913\/revisions"}],"predecessor-version":[{"id":915,"href":"https:\/\/footdavant.fr\/actualites\/wp-json\/wp\/v2\/posts\/913\/revisions\/915"}],"wp:featuredmedia":[{"embeddable":true,"href":"https:\/\/footdavant.fr\/actualites\/wp-json\/wp\/v2\/media\/914"}],"wp:attachment":[{"href":"https:\/\/footdavant.fr\/actualites\/wp-json\/wp\/v2\/media?parent=913"}],"wp:term":[{"taxonomy":"category","embeddable":true,"href":"https:\/\/footdavant.fr\/actualites\/wp-json\/wp\/v2\/categories?post=913"},{"taxonomy":"post_tag","embeddable":true,"href":"https:\/\/footdavant.fr\/actualites\/wp-json\/wp\/v2\/tags?post=913"}],"curies":[{"name":"wp","href":"https:\/\/api.w.org\/{rel}","templated":true}]}}