{"id":9167,"date":"2024-05-26T06:48:09","date_gmt":"2024-05-26T04:48:09","guid":{"rendered":"https:\/\/footdavant.fr\/actualites\/date-de-retour-dederson-mise-a-jour-sur-les-blessures-de-manchester-city-contre-manchester-united\/"},"modified":"2024-05-26T06:48:11","modified_gmt":"2024-05-26T04:48:11","slug":"date-de-retour-dederson-mise-a-jour-sur-les-blessures-de-manchester-city-contre-manchester-united","status":"publish","type":"post","link":"https:\/\/footdavant.fr\/actualites\/date-de-retour-dederson-mise-a-jour-sur-les-blessures-de-manchester-city-contre-manchester-united\/","title":{"rendered":"Date de retour d&#39;Ederson \u2013 Mise \u00e0 jour sur les blessures de Manchester City contre Manchester United"},"content":{"rendered":"<p>Sports Mole fait le point sur les blessures et les suspensions de Manchester City avant leur affrontement avec Manchester United en finale de la FA Cup.<\/p>\n<div id=\"article_body\" itemprop=\"articleBody\">\n<p class=\"firstPara\">Fra\u00eechement couronn\u00e9 champion de Premier League pour la quatri\u00e8me saison cons\u00e9cutive, <strong class=\"autotag\">Manchester City<\/strong> s&#39;attaquera \u00e0 des rivaux acharn\u00e9s <strong class=\"autotag\">Manchester United<\/strong> dans le <strong class=\"autotag\">Coupe d&#39;Angleterre<\/strong> finale samedi apr\u00e8s-midi.<\/p>\n<p><strong class=\"autotag\">Pep Guardiola<\/strong>L&#39;\u00e9quipe de West Ham United a battu West Ham United 3-1 dimanche pour remporter le titre de champion, et visera d\u00e9sormais \u00e0 r\u00e9aliser un doubl\u00e9 national pour la campagne 2023-24.<\/p>\n<p>Man City a battu Man United 2-1 lors de la finale de la FA Cup l&#39;ann\u00e9e derni\u00e8re, avec <strong class=\"autotag\">Ilkay G\u00fcndogan<\/strong> marquant un doubl\u00e9, et les deux g\u00e9ants de Manchester vont d\u00e9sormais s&#39;affronter une fois de plus pour l&#39;argenterie.<\/p>\n<p>Ici, <strong>Taupe de sport<\/strong> r\u00e9sume les derni\u00e8res nouvelles sur les blessures et les suspensions de Man City avant le match contre Man United, qui a termin\u00e9 sa saison de championnat avec une victoire 2-0 \u00e0 Brighton &#038; Hove Albion.<\/p>\n<hr>\n<p class=\"imgI\">\n<p><strong>Statut:<\/strong> Dehors<br \/><strong>Type de blessure :<\/strong> \u0152il<br \/><strong>Date de retour possible :<\/strong> Inconnu<\/p>\n<p>Ederson a subi une fracture de l&#39;orbite lors du r\u00e9cent affrontement de Premier League contre Tottenham Hotspur ;  il \u00e9tait absent contre West Ham dimanche et manquera \u00e0 nouveau l&#39;\u00e9quipe de Guardiola en finale de la FA Cup, de sorte que l&#39;international br\u00e9silien ne reviendra pas pour Man City avant la campagne 2024-25.<\/p>\n<hr>\n<p><strong><\/p>\n<h2>LISTE DE SUSPENSION DE MANCHESTER CITY<\/h2>\n<p><\/strong><\/p>\n<p>Man City n\u2019a aucun joueur suspendu pour ce match.<\/p>\n<hr>\n<\/div>\n","protected":false},"excerpt":{"rendered":"<p>Sports Mole fait le point sur les blessures et les suspensions de Manchester City avant leur affrontement avec Manchester United en finale de la FA<\/p>\n","protected":false},"author":1,"featured_media":9168,"comment_status":"closed","ping_status":"","sticky":false,"template":"","format":"standard","meta":{"footnotes":""},"categories":[5],"tags":[155,27,20,4541,391,328,93,11,327,393,103,13],"yoast_head":"<!-- This site is optimized with the Yoast SEO plugin v21.0 - https:\/\/yoast.com\/wordpress\/plugins\/seo\/ -->\n<title>Date de retour d&#039;Ederson \u2013 Mise \u00e0 jour sur les blessures de Manchester City contre Manchester United<\/title>\n<meta name=\"robots\" content=\"index, follow, max-snippet:-1, max-image-preview:large, max-video-preview:-1\" \/>\n<link rel=\"canonical\" href=\"https:\/\/footdavant.fr\/actualites\/date-de-retour-dederson-mise-a-jour-sur-les-blessures-de-manchester-city-contre-manchester-united\/\" \/>\n<meta property=\"og:locale\" content=\"fr_FR\" \/>\n<meta property=\"og:type\" content=\"article\" \/>\n<meta property=\"og:title\" content=\"Date de retour d&#039;Ederson \u2013 Mise \u00e0 jour sur les blessures de Manchester City contre Manchester United\" \/>\n<meta property=\"og:description\" content=\"Sports Mole fait le point sur les blessures et les suspensions de Manchester City avant leur affrontement avec Manchester United en finale de la FA\" \/>\n<meta property=\"og:url\" content=\"https:\/\/footdavant.fr\/actualites\/date-de-retour-dederson-mise-a-jour-sur-les-blessures-de-manchester-city-contre-manchester-united\/\" \/>\n<meta property=\"og:site_name\" content=\"Foot d&#039;avant\" \/>\n<meta property=\"article:publisher\" content=\"https:\/\/www.facebook.com\/Footdavant\/\" \/>\n<meta property=\"article:published_time\" content=\"2024-05-26T04:48:09+00:00\" \/>\n<meta property=\"article:modified_time\" content=\"2024-05-26T04:48:11+00:00\" \/>\n<meta property=\"og:image\" content=\"https:\/\/footdavant.fr\/actualites\/wp-content\/uploads\/2024\/05\/Date-de-retour-d39Ederson-\u2013-Mise-a-jour-sur-les.jpg\" \/>\n\t<meta property=\"og:image:width\" content=\"640\" \/>\n\t<meta property=\"og:image:height\" content=\"480\" \/>\n\t<meta property=\"og:image:type\" content=\"image\/jpeg\" \/>\n<meta name=\"author\" content=\"Cl\u00e9ment\" \/>\n<meta name=\"twitter:card\" content=\"summary_large_image\" \/>\n<meta name=\"twitter:creator\" content=\"@FootdavantFr\" \/>\n<meta name=\"twitter:site\" content=\"@FootdavantFr\" \/>\n<meta name=\"twitter:label1\" content=\"\u00c9crit par\" \/>\n\t<meta name=\"twitter:data1\" content=\"Cl\u00e9ment\" \/>\n\t<meta name=\"twitter:label2\" content=\"Dur\u00e9e de lecture estim\u00e9e\" \/>\n\t<meta name=\"twitter:data2\" content=\"1 minute\" \/>\n<script type=\"application\/ld+json\" class=\"yoast-schema-graph\">{\"@context\":\"https:\/\/schema.org\",\"@graph\":[{\"@type\":\"Article\",\"@id\":\"https:\/\/footdavant.fr\/actualites\/date-de-retour-dederson-mise-a-jour-sur-les-blessures-de-manchester-city-contre-manchester-united\/#article\",\"isPartOf\":{\"@id\":\"https:\/\/footdavant.fr\/actualites\/date-de-retour-dederson-mise-a-jour-sur-les-blessures-de-manchester-city-contre-manchester-united\/\"},\"author\":{\"name\":\"Cl\u00e9ment\",\"@id\":\"https:\/\/footdavant.fr\/actualites\/#\/schema\/person\/bc222566d95871b37e597b3ed3ba5e1d\"},\"headline\":\"Date de retour d&#39;Ederson \u2013 Mise \u00e0 jour sur les blessures de Manchester City contre Manchester United\",\"datePublished\":\"2024-05-26T04:48:09+00:00\",\"dateModified\":\"2024-05-26T04:48:11+00:00\",\"mainEntityOfPage\":{\"@id\":\"https:\/\/footdavant.fr\/actualites\/date-de-retour-dederson-mise-a-jour-sur-les-blessures-de-manchester-city-contre-manchester-united\/\"},\"wordCount\":276,\"publisher\":{\"@id\":\"https:\/\/footdavant.fr\/actualites\/#organization\"},\"keywords\":[\"blessures\",\"City\",\"contre\",\"d39Ederson\",\"date\",\"jour\",\"les\",\"Manchester\",\"mise\",\"retour\",\"sur\",\"United\"],\"articleSection\":[\"Premier League\"],\"inLanguage\":\"fr-FR\"},{\"@type\":\"WebPage\",\"@id\":\"https:\/\/footdavant.fr\/actualites\/date-de-retour-dederson-mise-a-jour-sur-les-blessures-de-manchester-city-contre-manchester-united\/\",\"url\":\"https:\/\/footdavant.fr\/actualites\/date-de-retour-dederson-mise-a-jour-sur-les-blessures-de-manchester-city-contre-manchester-united\/\",\"name\":\"Date de retour d&#39;Ederson \u2013 Mise \u00e0 jour sur les blessures de Manchester City contre Manchester United\",\"isPartOf\":{\"@id\":\"https:\/\/footdavant.fr\/actualites\/#website\"},\"datePublished\":\"2024-05-26T04:48:09+00:00\",\"dateModified\":\"2024-05-26T04:48:11+00:00\",\"breadcrumb\":{\"@id\":\"https:\/\/footdavant.fr\/actualites\/date-de-retour-dederson-mise-a-jour-sur-les-blessures-de-manchester-city-contre-manchester-united\/#breadcrumb\"},\"inLanguage\":\"fr-FR\",\"potentialAction\":[{\"@type\":\"ReadAction\",\"target\":[\"https:\/\/footdavant.fr\/actualites\/date-de-retour-dederson-mise-a-jour-sur-les-blessures-de-manchester-city-contre-manchester-united\/\"]}]},{\"@type\":\"BreadcrumbList\",\"@id\":\"https:\/\/footdavant.fr\/actualites\/date-de-retour-dederson-mise-a-jour-sur-les-blessures-de-manchester-city-contre-manchester-united\/#breadcrumb\",\"itemListElement\":[{\"@type\":\"ListItem\",\"position\":1,\"name\":\"Accueil\",\"item\":\"https:\/\/footdavant.fr\/actualites\/\"},{\"@type\":\"ListItem\",\"position\":2,\"name\":\"Date de retour d&#39;Ederson \u2013 Mise \u00e0 jour sur les blessures de Manchester City contre Manchester United\"}]},{\"@type\":\"WebSite\",\"@id\":\"https:\/\/footdavant.fr\/actualites\/#website\",\"url\":\"https:\/\/footdavant.fr\/actualites\/\",\"name\":\"Foot d'avant\",\"description\":\"\",\"publisher\":{\"@id\":\"https:\/\/footdavant.fr\/actualites\/#organization\"},\"potentialAction\":[{\"@type\":\"SearchAction\",\"target\":{\"@type\":\"EntryPoint\",\"urlTemplate\":\"https:\/\/footdavant.fr\/actualites\/?s={search_term_string}\"},\"query-input\":\"required name=search_term_string\"}],\"inLanguage\":\"fr-FR\"},{\"@type\":\"Organization\",\"@id\":\"https:\/\/footdavant.fr\/actualites\/#organization\",\"name\":\"Foot d'avant\",\"url\":\"https:\/\/footdavant.fr\/actualites\/\",\"logo\":{\"@type\":\"ImageObject\",\"inLanguage\":\"fr-FR\",\"@id\":\"https:\/\/footdavant.fr\/actualites\/#\/schema\/logo\/image\/\",\"url\":\"https:\/\/footdavant.fr\/actualites\/wp-content\/uploads\/2023\/09\/Copy-of-FootDavant-Logo.png\",\"contentUrl\":\"https:\/\/footdavant.fr\/actualites\/wp-content\/uploads\/2023\/09\/Copy-of-FootDavant-Logo.png\",\"width\":936,\"height\":549,\"caption\":\"Foot d'avant\"},\"image\":{\"@id\":\"https:\/\/footdavant.fr\/actualites\/#\/schema\/logo\/image\/\"},\"sameAs\":[\"https:\/\/www.facebook.com\/Footdavant\/\",\"https:\/\/twitter.com\/FootdavantFr\",\"https:\/\/www.instagram.com\/footdavant.fr\/\"]},{\"@type\":\"Person\",\"@id\":\"https:\/\/footdavant.fr\/actualites\/#\/schema\/person\/bc222566d95871b37e597b3ed3ba5e1d\",\"name\":\"Cl\u00e9ment\",\"image\":{\"@type\":\"ImageObject\",\"inLanguage\":\"fr-FR\",\"@id\":\"https:\/\/footdavant.fr\/actualites\/#\/schema\/person\/image\/\",\"url\":\"https:\/\/secure.gravatar.com\/avatar\/7728b29aac2719421e1a9159b2254c44?s=96&d=mm&r=g\",\"contentUrl\":\"https:\/\/secure.gravatar.com\/avatar\/7728b29aac2719421e1a9159b2254c44?s=96&d=mm&r=g\",\"caption\":\"Cl\u00e9ment\"},\"sameAs\":[\"https:\/\/footdavant.fr\/\"]}]}<\/script>\n<!-- \/ Yoast SEO plugin. -->","yoast_head_json":{"title":"Date de retour d&#39;Ederson \u2013 Mise \u00e0 jour sur les blessures de Manchester City contre Manchester United","robots":{"index":"index","follow":"follow","max-snippet":"max-snippet:-1","max-image-preview":"max-image-preview:large","max-video-preview":"max-video-preview:-1"},"canonical":"https:\/\/footdavant.fr\/actualites\/date-de-retour-dederson-mise-a-jour-sur-les-blessures-de-manchester-city-contre-manchester-united\/","og_locale":"fr_FR","og_type":"article","og_title":"Date de retour d&#39;Ederson \u2013 Mise \u00e0 jour sur les blessures de Manchester City contre Manchester United","og_description":"Sports Mole fait le point sur les blessures et les suspensions de Manchester City avant leur affrontement avec Manchester United en finale de la FA","og_url":"https:\/\/footdavant.fr\/actualites\/date-de-retour-dederson-mise-a-jour-sur-les-blessures-de-manchester-city-contre-manchester-united\/","og_site_name":"Foot d&#039;avant","article_publisher":"https:\/\/www.facebook.com\/Footdavant\/","article_published_time":"2024-05-26T04:48:09+00:00","article_modified_time":"2024-05-26T04:48:11+00:00","og_image":[{"width":640,"height":480,"url":"https:\/\/footdavant.fr\/actualites\/wp-content\/uploads\/2024\/05\/Date-de-retour-d39Ederson-\u2013-Mise-a-jour-sur-les.jpg","type":"image\/jpeg"}],"author":"Cl\u00e9ment","twitter_card":"summary_large_image","twitter_creator":"@FootdavantFr","twitter_site":"@FootdavantFr","twitter_misc":{"\u00c9crit par":"Cl\u00e9ment","Dur\u00e9e de lecture estim\u00e9e":"1 minute"},"schema":{"@context":"https:\/\/schema.org","@graph":[{"@type":"Article","@id":"https:\/\/footdavant.fr\/actualites\/date-de-retour-dederson-mise-a-jour-sur-les-blessures-de-manchester-city-contre-manchester-united\/#article","isPartOf":{"@id":"https:\/\/footdavant.fr\/actualites\/date-de-retour-dederson-mise-a-jour-sur-les-blessures-de-manchester-city-contre-manchester-united\/"},"author":{"name":"Cl\u00e9ment","@id":"https:\/\/footdavant.fr\/actualites\/#\/schema\/person\/bc222566d95871b37e597b3ed3ba5e1d"},"headline":"Date de retour d&#39;Ederson \u2013 Mise \u00e0 jour sur les blessures de Manchester City contre Manchester United","datePublished":"2024-05-26T04:48:09+00:00","dateModified":"2024-05-26T04:48:11+00:00","mainEntityOfPage":{"@id":"https:\/\/footdavant.fr\/actualites\/date-de-retour-dederson-mise-a-jour-sur-les-blessures-de-manchester-city-contre-manchester-united\/"},"wordCount":276,"publisher":{"@id":"https:\/\/footdavant.fr\/actualites\/#organization"},"keywords":["blessures","City","contre","d39Ederson","date","jour","les","Manchester","mise","retour","sur","United"],"articleSection":["Premier League"],"inLanguage":"fr-FR"},{"@type":"WebPage","@id":"https:\/\/footdavant.fr\/actualites\/date-de-retour-dederson-mise-a-jour-sur-les-blessures-de-manchester-city-contre-manchester-united\/","url":"https:\/\/footdavant.fr\/actualites\/date-de-retour-dederson-mise-a-jour-sur-les-blessures-de-manchester-city-contre-manchester-united\/","name":"Date de retour d&#39;Ederson \u2013 Mise \u00e0 jour sur les blessures de Manchester City contre Manchester United","isPartOf":{"@id":"https:\/\/footdavant.fr\/actualites\/#website"},"datePublished":"2024-05-26T04:48:09+00:00","dateModified":"2024-05-26T04:48:11+00:00","breadcrumb":{"@id":"https:\/\/footdavant.fr\/actualites\/date-de-retour-dederson-mise-a-jour-sur-les-blessures-de-manchester-city-contre-manchester-united\/#breadcrumb"},"inLanguage":"fr-FR","potentialAction":[{"@type":"ReadAction","target":["https:\/\/footdavant.fr\/actualites\/date-de-retour-dederson-mise-a-jour-sur-les-blessures-de-manchester-city-contre-manchester-united\/"]}]},{"@type":"BreadcrumbList","@id":"https:\/\/footdavant.fr\/actualites\/date-de-retour-dederson-mise-a-jour-sur-les-blessures-de-manchester-city-contre-manchester-united\/#breadcrumb","itemListElement":[{"@type":"ListItem","position":1,"name":"Accueil","item":"https:\/\/footdavant.fr\/actualites\/"},{"@type":"ListItem","position":2,"name":"Date de retour d&#39;Ederson \u2013 Mise \u00e0 jour sur les blessures de Manchester City contre Manchester United"}]},{"@type":"WebSite","@id":"https:\/\/footdavant.fr\/actualites\/#website","url":"https:\/\/footdavant.fr\/actualites\/","name":"Foot d'avant","description":"","publisher":{"@id":"https:\/\/footdavant.fr\/actualites\/#organization"},"potentialAction":[{"@type":"SearchAction","target":{"@type":"EntryPoint","urlTemplate":"https:\/\/footdavant.fr\/actualites\/?s={search_term_string}"},"query-input":"required name=search_term_string"}],"inLanguage":"fr-FR"},{"@type":"Organization","@id":"https:\/\/footdavant.fr\/actualites\/#organization","name":"Foot d'avant","url":"https:\/\/footdavant.fr\/actualites\/","logo":{"@type":"ImageObject","inLanguage":"fr-FR","@id":"https:\/\/footdavant.fr\/actualites\/#\/schema\/logo\/image\/","url":"https:\/\/footdavant.fr\/actualites\/wp-content\/uploads\/2023\/09\/Copy-of-FootDavant-Logo.png","contentUrl":"https:\/\/footdavant.fr\/actualites\/wp-content\/uploads\/2023\/09\/Copy-of-FootDavant-Logo.png","width":936,"height":549,"caption":"Foot d'avant"},"image":{"@id":"https:\/\/footdavant.fr\/actualites\/#\/schema\/logo\/image\/"},"sameAs":["https:\/\/www.facebook.com\/Footdavant\/","https:\/\/twitter.com\/FootdavantFr","https:\/\/www.instagram.com\/footdavant.fr\/"]},{"@type":"Person","@id":"https:\/\/footdavant.fr\/actualites\/#\/schema\/person\/bc222566d95871b37e597b3ed3ba5e1d","name":"Cl\u00e9ment","image":{"@type":"ImageObject","inLanguage":"fr-FR","@id":"https:\/\/footdavant.fr\/actualites\/#\/schema\/person\/image\/","url":"https:\/\/secure.gravatar.com\/avatar\/7728b29aac2719421e1a9159b2254c44?s=96&d=mm&r=g","contentUrl":"https:\/\/secure.gravatar.com\/avatar\/7728b29aac2719421e1a9159b2254c44?s=96&d=mm&r=g","caption":"Cl\u00e9ment"},"sameAs":["https:\/\/footdavant.fr\/"]}]}},"_links":{"self":[{"href":"https:\/\/footdavant.fr\/actualites\/wp-json\/wp\/v2\/posts\/9167"}],"collection":[{"href":"https:\/\/footdavant.fr\/actualites\/wp-json\/wp\/v2\/posts"}],"about":[{"href":"https:\/\/footdavant.fr\/actualites\/wp-json\/wp\/v2\/types\/post"}],"author":[{"embeddable":true,"href":"https:\/\/footdavant.fr\/actualites\/wp-json\/wp\/v2\/users\/1"}],"replies":[{"embeddable":true,"href":"https:\/\/footdavant.fr\/actualites\/wp-json\/wp\/v2\/comments?post=9167"}],"version-history":[{"count":1,"href":"https:\/\/footdavant.fr\/actualites\/wp-json\/wp\/v2\/posts\/9167\/revisions"}],"predecessor-version":[{"id":9169,"href":"https:\/\/footdavant.fr\/actualites\/wp-json\/wp\/v2\/posts\/9167\/revisions\/9169"}],"wp:featuredmedia":[{"embeddable":true,"href":"https:\/\/footdavant.fr\/actualites\/wp-json\/wp\/v2\/media\/9168"}],"wp:attachment":[{"href":"https:\/\/footdavant.fr\/actualites\/wp-json\/wp\/v2\/media?parent=9167"}],"wp:term":[{"taxonomy":"category","embeddable":true,"href":"https:\/\/footdavant.fr\/actualites\/wp-json\/wp\/v2\/categories?post=9167"},{"taxonomy":"post_tag","embeddable":true,"href":"https:\/\/footdavant.fr\/actualites\/wp-json\/wp\/v2\/tags?post=9167"}],"curies":[{"name":"wp","href":"https:\/\/api.w.org\/{rel}","templated":true}]}}