{"id":9170,"date":"2024-05-26T08:51:40","date_gmt":"2024-05-26T06:51:40","guid":{"rendered":"https:\/\/footdavant.fr\/actualites\/jonny-evans-soutient-publiquement-querik-ten-hag-reste-la-saison-prochaine\/"},"modified":"2024-05-26T08:51:42","modified_gmt":"2024-05-26T06:51:42","slug":"jonny-evans-soutient-publiquement-querik-ten-hag-reste-la-saison-prochaine","status":"publish","type":"post","link":"https:\/\/footdavant.fr\/actualites\/jonny-evans-soutient-publiquement-querik-ten-hag-reste-la-saison-prochaine\/","title":{"rendered":"Jonny Evans soutient publiquement qu&#39;Erik ten Hag reste la saison prochaine \u2013"},"content":{"rendered":"<div id=\"penci-post-entry-inner\">\n<p>\t\t\t<i class=\"penci-post-countview-number-check\" style=\"display:none\">2<\/i><\/p>\n<p>Le d\u00e9fenseur v\u00e9t\u00e9ran de Manchester United, Jonny Evans, a soutenu Erik ten Hag pour qu&#39;il reste \u00e0 Old Trafford.<\/p>\n<p>L&#39;Irlandais du Nord a \u00e9t\u00e9 un \u00e9t\u00e9 choc en signant un transfert gratuit et il a surpris tout le monde dans le football, jouant 30 fois dans toutes les comp\u00e9titions cette saison et aidant \u00e0 maintenir ensemble une formation d\u00e9fensive parfois ravag\u00e9e par les blessures.<\/p>\n<p>Le triomphe de la FA Cup signifie que le joueur de 36 ans a d\u00e9sormais remport\u00e9 tous les troph\u00e9es \u00e0 remporter \u00e0 Manchester United.<\/p>\n<p>Le d\u00e9fenseur n&#39;a pas d\u00e9but\u00e9 la finale avec la paire de premier choix Lisandro Martinez et Raphael Varane faisant un d\u00e9part rare ensemble, mais il est entr\u00e9 en jeu pendant les 17 derni\u00e8res minutes d&#39;action pour aider \u00e0 terminer le match.<\/p>\n<p>Evans s&#39;est montr\u00e9 lyrique \u00e0 propos de son manager sous le feu des critiques, Erik ten Hag, et a affirm\u00e9 qu&#39;il voulait qu&#39;il reste au club lorsqu&#39;on lui a demand\u00e9 si le N\u00e9erlandais resterait.<\/p>\n<p>\u00ab\u00a0Je l&#39;esp\u00e8re\u00a0\u00bb, a-t-il d\u00e9clar\u00e9.  \u00ab\u00a0Il a \u00e9t\u00e9 incroyable pour moi cette saison, en me ramenant, en montrant beaucoup de confiance en moi et en me faisant jouer autant que lui.\u00a0\u00bb<\/p>\n<p>Le d\u00e9fenseur a \u00e9galement salu\u00e9 la performance de l&#39;entra\u00eeneur au cours du mois dernier, qui a vu trois victoires cons\u00e9cutives contre Newcastle United, Brighton et Hove Albion et Manchester City.<\/p>\n<p>\u00ab\u00a0Je n&#39;ai que de bonnes choses \u00e0 dire \u00e0 son sujet et je pense qu&#39;au cours du dernier mois, il a fait preuve d&#39;une incroyable flexibilit\u00e9 technique pour pouvoir r\u00e9sister \u00e0 la contre-attaque, un style qu&#39;il ne se voit pas entra\u00eener, mais il l&#39;a fait et au cours du dernier mois, nous avons r\u00e9alis\u00e9 de bien meilleures performances.<\/p>\n<p>\u00ab Il a \u00e9t\u00e9 incroyable pour moi et je ne peux que le remercier pour cela.  J&#39;ai une excellente relation avec lui et j&#39;esp\u00e8re qu&#39;il restera.  Je suis revenu cet \u00e9t\u00e9 et il m&#39;a fait confiance, c&#39;est tout ce que vous attendez de votre manager.<\/p>\n<p>Evans \u00e9tait beaucoup plus prudent quant \u00e0 son propre avenir et a affirm\u00e9 : \u00ab nous en parlerons au cours des prochaines semaines, voir ce que dit le club. \u00bb  On pensait qu&#39;Evans se verrait proposer un nouveau contrat plus t\u00f4t dans la saison, mais des rapports plus r\u00e9cents semblent sugg\u00e9rer qu&#39;il pourrait se s\u00e9parer du club.<\/p>\n<p>Des rumeurs disent \u00e9galement qu&#39;il pourrait rejoindre l&#39;\u00e9quipe d&#39;entra\u00eeneurs et qu&#39;avec le d\u00e9part de Tom Huddlestone, un poste de joueur\/entra\u00eeneur pourrait \u00eatre disponible chez les moins de 21 ans.<\/p>\n<p>Bien qu&#39;il ait remport\u00e9 la FA Cup en 2021 avec Leicester, cela signifiait clairement un peu plus pour le fan d&#39;enfance de United et il a d\u00e9clar\u00e9 : \u00ab C&#39;est difficile d&#39;arriver \u00e0 une finale, c&#39;\u00e9tait ma premi\u00e8re finale de FA Cup avec United.  Quand je suis parti la derni\u00e8re fois, je pensais que cette chance avait disparu.  Mais atteindre une finale de FA Cup avec Leicester et recommencer est incroyable.<\/p>\n<p>\u00ab Plus vous avancez dans votre carri\u00e8re, plus vous la ch\u00e9rissez.  J\u2019ai appr\u00e9ci\u00e9 \u00e7a aujourd\u2019hui, venir voir le match et les c\u00e9l\u00e9brations \u00e0 la fin.<\/p>\n<p>Enfin, l&#39;international nord-irlandais a fait l&#39;\u00e9loge des deux h\u00e9ros buteurs de United, Alejandro Garnacho et Kobbie Mainoo.<\/p>\n<p>\u00ab Ils ont tous deux \u00e9t\u00e9 exceptionnels aujourd\u2019hui et tout au long de la saison.  Les deux, je dois dire, leur rythme de travail.  Je pense toujours qu&#39;avec les jeunes, cela a toujours fait partie de l&#39;histoire de ce club, faire venir des jeunes de l&#39;acad\u00e9mie, parfois ils vous remboursent et ils l&#39;ont fait aujourd&#39;hui.<\/p>\n<p>Evans se tournera vers la s\u00e9lection internationale o\u00f9 il fera partie de l&#39;\u00e9quipe d&#39;Irlande du Nord qui affrontera l&#39;Espagne et Andorre au d\u00e9but du mois prochain, avant de prendre des vacances d&#39;\u00e9t\u00e9 bien m\u00e9rit\u00e9es.<\/p>\n<p><iframe loading=\"lazy\" title=\"\u2018I hope he STAYS!\u2019 \ud83e\udd1d Jonny Evans on Erik ten Hag&#039;s future after Man utd FA Cup win\" width=\"1200\" height=\"675\" src=\"https:\/\/www.youtube.com\/embed\/ysjsNKnbozs?feature=oembed\" frameborder=\"0\" allow=\"accelerometer; autoplay; clipboard-write; encrypted-media; gyroscope; picture-in-picture; web-share\" referrerpolicy=\"strict-origin-when-cross-origin\" allowfullscreen><\/iframe> <\/p>\n<hr>\n<p>\n<em>Vous voulez \u00eatre le premier \u00e0 \u00eatre inform\u00e9 des derni\u00e8res nouvelles de Man United ?  Pour des mises \u00e0 jour cruciales soigneusement s\u00e9lectionn\u00e9es, rejoignez notre cha\u00eene WhatsApp : https:\/\/bit.ly\/United-Breaking-News.<\/p>\n<p><!-- CONTENT END 3 --><\/p>\n<p>\t\t\t\t\t\t\t        <\/em><\/div>\n","protected":false},"excerpt":{"rendered":"<p>2 Le d\u00e9fenseur v\u00e9t\u00e9ran de Manchester United, Jonny Evans, a soutenu Erik ten Hag pour qu&#39;il reste \u00e0 Old Trafford. L&#39;Irlandais du Nord a \u00e9t\u00e9<\/p>\n","protected":false},"author":1,"featured_media":9171,"comment_status":"closed","ping_status":"","sticky":false,"template":"","format":"standard","meta":{"footnotes":""},"categories":[3],"tags":[828,192,827,1202,3804,4556,808,482,477,191],"yoast_head":"<!-- This site is optimized with the Yoast SEO plugin v21.0 - https:\/\/yoast.com\/wordpress\/plugins\/seo\/ -->\n<title>Jonny Evans soutient publiquement qu&#039;Erik ten Hag reste la saison prochaine \u2013<\/title>\n<meta name=\"robots\" content=\"index, follow, max-snippet:-1, max-image-preview:large, max-video-preview:-1\" \/>\n<link rel=\"canonical\" href=\"https:\/\/footdavant.fr\/actualites\/jonny-evans-soutient-publiquement-querik-ten-hag-reste-la-saison-prochaine\/\" \/>\n<meta property=\"og:locale\" content=\"fr_FR\" \/>\n<meta property=\"og:type\" content=\"article\" \/>\n<meta property=\"og:title\" content=\"Jonny Evans soutient publiquement qu&#039;Erik ten Hag reste la saison prochaine \u2013\" \/>\n<meta property=\"og:description\" content=\"2 Le d\u00e9fenseur v\u00e9t\u00e9ran de Manchester United, Jonny Evans, a soutenu Erik ten Hag pour qu&#039;il reste \u00e0 Old Trafford. L&#039;Irlandais du Nord a \u00e9t\u00e9\" \/>\n<meta property=\"og:url\" content=\"https:\/\/footdavant.fr\/actualites\/jonny-evans-soutient-publiquement-querik-ten-hag-reste-la-saison-prochaine\/\" \/>\n<meta property=\"og:site_name\" content=\"Foot d&#039;avant\" \/>\n<meta property=\"article:publisher\" content=\"https:\/\/www.facebook.com\/Footdavant\/\" \/>\n<meta property=\"article:published_time\" content=\"2024-05-26T06:51:40+00:00\" \/>\n<meta property=\"article:modified_time\" content=\"2024-05-26T06:51:42+00:00\" \/>\n<meta property=\"og:image\" content=\"https:\/\/footdavant.fr\/actualites\/wp-content\/uploads\/2024\/05\/Jonny-Evans-soutient-publiquement-qu39Erik-ten-Hag-reste-la-saison.jpg\" \/>\n\t<meta property=\"og:image:width\" content=\"1600\" \/>\n\t<meta property=\"og:image:height\" content=\"701\" \/>\n\t<meta property=\"og:image:type\" content=\"image\/jpeg\" \/>\n<meta name=\"author\" content=\"Cl\u00e9ment\" \/>\n<meta name=\"twitter:card\" content=\"summary_large_image\" \/>\n<meta name=\"twitter:creator\" content=\"@FootdavantFr\" \/>\n<meta name=\"twitter:site\" content=\"@FootdavantFr\" \/>\n<meta name=\"twitter:label1\" content=\"\u00c9crit par\" \/>\n\t<meta name=\"twitter:data1\" content=\"Cl\u00e9ment\" \/>\n\t<meta name=\"twitter:label2\" content=\"Dur\u00e9e de lecture estim\u00e9e\" \/>\n\t<meta name=\"twitter:data2\" content=\"4 minutes\" \/>\n<script type=\"application\/ld+json\" class=\"yoast-schema-graph\">{\"@context\":\"https:\/\/schema.org\",\"@graph\":[{\"@type\":\"Article\",\"@id\":\"https:\/\/footdavant.fr\/actualites\/jonny-evans-soutient-publiquement-querik-ten-hag-reste-la-saison-prochaine\/#article\",\"isPartOf\":{\"@id\":\"https:\/\/footdavant.fr\/actualites\/jonny-evans-soutient-publiquement-querik-ten-hag-reste-la-saison-prochaine\/\"},\"author\":{\"name\":\"Cl\u00e9ment\",\"@id\":\"https:\/\/footdavant.fr\/actualites\/#\/schema\/person\/bc222566d95871b37e597b3ed3ba5e1d\"},\"headline\":\"Jonny Evans soutient publiquement qu&#39;Erik ten Hag reste la saison prochaine \u2013\",\"datePublished\":\"2024-05-26T06:51:40+00:00\",\"dateModified\":\"2024-05-26T06:51:42+00:00\",\"mainEntityOfPage\":{\"@id\":\"https:\/\/footdavant.fr\/actualites\/jonny-evans-soutient-publiquement-querik-ten-hag-reste-la-saison-prochaine\/\"},\"wordCount\":731,\"publisher\":{\"@id\":\"https:\/\/footdavant.fr\/actualites\/#organization\"},\"keywords\":[\"Evans\",\"Hag\",\"Jonny\",\"prochaine\",\"publiquement\",\"qu39Erik\",\"reste\",\"saison\",\"soutient\",\"ten\"],\"articleSection\":[\"Football\"],\"inLanguage\":\"fr-FR\"},{\"@type\":\"WebPage\",\"@id\":\"https:\/\/footdavant.fr\/actualites\/jonny-evans-soutient-publiquement-querik-ten-hag-reste-la-saison-prochaine\/\",\"url\":\"https:\/\/footdavant.fr\/actualites\/jonny-evans-soutient-publiquement-querik-ten-hag-reste-la-saison-prochaine\/\",\"name\":\"Jonny Evans soutient publiquement qu&#39;Erik ten Hag reste la saison prochaine \u2013\",\"isPartOf\":{\"@id\":\"https:\/\/footdavant.fr\/actualites\/#website\"},\"datePublished\":\"2024-05-26T06:51:40+00:00\",\"dateModified\":\"2024-05-26T06:51:42+00:00\",\"breadcrumb\":{\"@id\":\"https:\/\/footdavant.fr\/actualites\/jonny-evans-soutient-publiquement-querik-ten-hag-reste-la-saison-prochaine\/#breadcrumb\"},\"inLanguage\":\"fr-FR\",\"potentialAction\":[{\"@type\":\"ReadAction\",\"target\":[\"https:\/\/footdavant.fr\/actualites\/jonny-evans-soutient-publiquement-querik-ten-hag-reste-la-saison-prochaine\/\"]}]},{\"@type\":\"BreadcrumbList\",\"@id\":\"https:\/\/footdavant.fr\/actualites\/jonny-evans-soutient-publiquement-querik-ten-hag-reste-la-saison-prochaine\/#breadcrumb\",\"itemListElement\":[{\"@type\":\"ListItem\",\"position\":1,\"name\":\"Accueil\",\"item\":\"https:\/\/footdavant.fr\/actualites\/\"},{\"@type\":\"ListItem\",\"position\":2,\"name\":\"Jonny Evans soutient publiquement qu&#39;Erik ten Hag reste la saison prochaine \u2013\"}]},{\"@type\":\"WebSite\",\"@id\":\"https:\/\/footdavant.fr\/actualites\/#website\",\"url\":\"https:\/\/footdavant.fr\/actualites\/\",\"name\":\"Foot d'avant\",\"description\":\"\",\"publisher\":{\"@id\":\"https:\/\/footdavant.fr\/actualites\/#organization\"},\"potentialAction\":[{\"@type\":\"SearchAction\",\"target\":{\"@type\":\"EntryPoint\",\"urlTemplate\":\"https:\/\/footdavant.fr\/actualites\/?s={search_term_string}\"},\"query-input\":\"required name=search_term_string\"}],\"inLanguage\":\"fr-FR\"},{\"@type\":\"Organization\",\"@id\":\"https:\/\/footdavant.fr\/actualites\/#organization\",\"name\":\"Foot d'avant\",\"url\":\"https:\/\/footdavant.fr\/actualites\/\",\"logo\":{\"@type\":\"ImageObject\",\"inLanguage\":\"fr-FR\",\"@id\":\"https:\/\/footdavant.fr\/actualites\/#\/schema\/logo\/image\/\",\"url\":\"https:\/\/footdavant.fr\/actualites\/wp-content\/uploads\/2023\/09\/Copy-of-FootDavant-Logo.png\",\"contentUrl\":\"https:\/\/footdavant.fr\/actualites\/wp-content\/uploads\/2023\/09\/Copy-of-FootDavant-Logo.png\",\"width\":936,\"height\":549,\"caption\":\"Foot d'avant\"},\"image\":{\"@id\":\"https:\/\/footdavant.fr\/actualites\/#\/schema\/logo\/image\/\"},\"sameAs\":[\"https:\/\/www.facebook.com\/Footdavant\/\",\"https:\/\/twitter.com\/FootdavantFr\",\"https:\/\/www.instagram.com\/footdavant.fr\/\"]},{\"@type\":\"Person\",\"@id\":\"https:\/\/footdavant.fr\/actualites\/#\/schema\/person\/bc222566d95871b37e597b3ed3ba5e1d\",\"name\":\"Cl\u00e9ment\",\"image\":{\"@type\":\"ImageObject\",\"inLanguage\":\"fr-FR\",\"@id\":\"https:\/\/footdavant.fr\/actualites\/#\/schema\/person\/image\/\",\"url\":\"https:\/\/secure.gravatar.com\/avatar\/7728b29aac2719421e1a9159b2254c44?s=96&d=mm&r=g\",\"contentUrl\":\"https:\/\/secure.gravatar.com\/avatar\/7728b29aac2719421e1a9159b2254c44?s=96&d=mm&r=g\",\"caption\":\"Cl\u00e9ment\"},\"sameAs\":[\"https:\/\/footdavant.fr\/\"]}]}<\/script>\n<!-- \/ Yoast SEO plugin. -->","yoast_head_json":{"title":"Jonny Evans soutient publiquement qu&#39;Erik ten Hag reste la saison prochaine \u2013","robots":{"index":"index","follow":"follow","max-snippet":"max-snippet:-1","max-image-preview":"max-image-preview:large","max-video-preview":"max-video-preview:-1"},"canonical":"https:\/\/footdavant.fr\/actualites\/jonny-evans-soutient-publiquement-querik-ten-hag-reste-la-saison-prochaine\/","og_locale":"fr_FR","og_type":"article","og_title":"Jonny Evans soutient publiquement qu&#39;Erik ten Hag reste la saison prochaine \u2013","og_description":"2 Le d\u00e9fenseur v\u00e9t\u00e9ran de Manchester United, Jonny Evans, a soutenu Erik ten Hag pour qu&#39;il reste \u00e0 Old Trafford. L&#39;Irlandais du Nord a \u00e9t\u00e9","og_url":"https:\/\/footdavant.fr\/actualites\/jonny-evans-soutient-publiquement-querik-ten-hag-reste-la-saison-prochaine\/","og_site_name":"Foot d&#039;avant","article_publisher":"https:\/\/www.facebook.com\/Footdavant\/","article_published_time":"2024-05-26T06:51:40+00:00","article_modified_time":"2024-05-26T06:51:42+00:00","og_image":[{"width":1600,"height":701,"url":"https:\/\/footdavant.fr\/actualites\/wp-content\/uploads\/2024\/05\/Jonny-Evans-soutient-publiquement-qu39Erik-ten-Hag-reste-la-saison.jpg","type":"image\/jpeg"}],"author":"Cl\u00e9ment","twitter_card":"summary_large_image","twitter_creator":"@FootdavantFr","twitter_site":"@FootdavantFr","twitter_misc":{"\u00c9crit par":"Cl\u00e9ment","Dur\u00e9e de lecture estim\u00e9e":"4 minutes"},"schema":{"@context":"https:\/\/schema.org","@graph":[{"@type":"Article","@id":"https:\/\/footdavant.fr\/actualites\/jonny-evans-soutient-publiquement-querik-ten-hag-reste-la-saison-prochaine\/#article","isPartOf":{"@id":"https:\/\/footdavant.fr\/actualites\/jonny-evans-soutient-publiquement-querik-ten-hag-reste-la-saison-prochaine\/"},"author":{"name":"Cl\u00e9ment","@id":"https:\/\/footdavant.fr\/actualites\/#\/schema\/person\/bc222566d95871b37e597b3ed3ba5e1d"},"headline":"Jonny Evans soutient publiquement qu&#39;Erik ten Hag reste la saison prochaine \u2013","datePublished":"2024-05-26T06:51:40+00:00","dateModified":"2024-05-26T06:51:42+00:00","mainEntityOfPage":{"@id":"https:\/\/footdavant.fr\/actualites\/jonny-evans-soutient-publiquement-querik-ten-hag-reste-la-saison-prochaine\/"},"wordCount":731,"publisher":{"@id":"https:\/\/footdavant.fr\/actualites\/#organization"},"keywords":["Evans","Hag","Jonny","prochaine","publiquement","qu39Erik","reste","saison","soutient","ten"],"articleSection":["Football"],"inLanguage":"fr-FR"},{"@type":"WebPage","@id":"https:\/\/footdavant.fr\/actualites\/jonny-evans-soutient-publiquement-querik-ten-hag-reste-la-saison-prochaine\/","url":"https:\/\/footdavant.fr\/actualites\/jonny-evans-soutient-publiquement-querik-ten-hag-reste-la-saison-prochaine\/","name":"Jonny Evans soutient publiquement qu&#39;Erik ten Hag reste la saison prochaine \u2013","isPartOf":{"@id":"https:\/\/footdavant.fr\/actualites\/#website"},"datePublished":"2024-05-26T06:51:40+00:00","dateModified":"2024-05-26T06:51:42+00:00","breadcrumb":{"@id":"https:\/\/footdavant.fr\/actualites\/jonny-evans-soutient-publiquement-querik-ten-hag-reste-la-saison-prochaine\/#breadcrumb"},"inLanguage":"fr-FR","potentialAction":[{"@type":"ReadAction","target":["https:\/\/footdavant.fr\/actualites\/jonny-evans-soutient-publiquement-querik-ten-hag-reste-la-saison-prochaine\/"]}]},{"@type":"BreadcrumbList","@id":"https:\/\/footdavant.fr\/actualites\/jonny-evans-soutient-publiquement-querik-ten-hag-reste-la-saison-prochaine\/#breadcrumb","itemListElement":[{"@type":"ListItem","position":1,"name":"Accueil","item":"https:\/\/footdavant.fr\/actualites\/"},{"@type":"ListItem","position":2,"name":"Jonny Evans soutient publiquement qu&#39;Erik ten Hag reste la saison prochaine \u2013"}]},{"@type":"WebSite","@id":"https:\/\/footdavant.fr\/actualites\/#website","url":"https:\/\/footdavant.fr\/actualites\/","name":"Foot d'avant","description":"","publisher":{"@id":"https:\/\/footdavant.fr\/actualites\/#organization"},"potentialAction":[{"@type":"SearchAction","target":{"@type":"EntryPoint","urlTemplate":"https:\/\/footdavant.fr\/actualites\/?s={search_term_string}"},"query-input":"required name=search_term_string"}],"inLanguage":"fr-FR"},{"@type":"Organization","@id":"https:\/\/footdavant.fr\/actualites\/#organization","name":"Foot d'avant","url":"https:\/\/footdavant.fr\/actualites\/","logo":{"@type":"ImageObject","inLanguage":"fr-FR","@id":"https:\/\/footdavant.fr\/actualites\/#\/schema\/logo\/image\/","url":"https:\/\/footdavant.fr\/actualites\/wp-content\/uploads\/2023\/09\/Copy-of-FootDavant-Logo.png","contentUrl":"https:\/\/footdavant.fr\/actualites\/wp-content\/uploads\/2023\/09\/Copy-of-FootDavant-Logo.png","width":936,"height":549,"caption":"Foot d'avant"},"image":{"@id":"https:\/\/footdavant.fr\/actualites\/#\/schema\/logo\/image\/"},"sameAs":["https:\/\/www.facebook.com\/Footdavant\/","https:\/\/twitter.com\/FootdavantFr","https:\/\/www.instagram.com\/footdavant.fr\/"]},{"@type":"Person","@id":"https:\/\/footdavant.fr\/actualites\/#\/schema\/person\/bc222566d95871b37e597b3ed3ba5e1d","name":"Cl\u00e9ment","image":{"@type":"ImageObject","inLanguage":"fr-FR","@id":"https:\/\/footdavant.fr\/actualites\/#\/schema\/person\/image\/","url":"https:\/\/secure.gravatar.com\/avatar\/7728b29aac2719421e1a9159b2254c44?s=96&d=mm&r=g","contentUrl":"https:\/\/secure.gravatar.com\/avatar\/7728b29aac2719421e1a9159b2254c44?s=96&d=mm&r=g","caption":"Cl\u00e9ment"},"sameAs":["https:\/\/footdavant.fr\/"]}]}},"_links":{"self":[{"href":"https:\/\/footdavant.fr\/actualites\/wp-json\/wp\/v2\/posts\/9170"}],"collection":[{"href":"https:\/\/footdavant.fr\/actualites\/wp-json\/wp\/v2\/posts"}],"about":[{"href":"https:\/\/footdavant.fr\/actualites\/wp-json\/wp\/v2\/types\/post"}],"author":[{"embeddable":true,"href":"https:\/\/footdavant.fr\/actualites\/wp-json\/wp\/v2\/users\/1"}],"replies":[{"embeddable":true,"href":"https:\/\/footdavant.fr\/actualites\/wp-json\/wp\/v2\/comments?post=9170"}],"version-history":[{"count":1,"href":"https:\/\/footdavant.fr\/actualites\/wp-json\/wp\/v2\/posts\/9170\/revisions"}],"predecessor-version":[{"id":9172,"href":"https:\/\/footdavant.fr\/actualites\/wp-json\/wp\/v2\/posts\/9170\/revisions\/9172"}],"wp:featuredmedia":[{"embeddable":true,"href":"https:\/\/footdavant.fr\/actualites\/wp-json\/wp\/v2\/media\/9171"}],"wp:attachment":[{"href":"https:\/\/footdavant.fr\/actualites\/wp-json\/wp\/v2\/media?parent=9170"}],"wp:term":[{"taxonomy":"category","embeddable":true,"href":"https:\/\/footdavant.fr\/actualites\/wp-json\/wp\/v2\/categories?post=9170"},{"taxonomy":"post_tag","embeddable":true,"href":"https:\/\/footdavant.fr\/actualites\/wp-json\/wp\/v2\/tags?post=9170"}],"curies":[{"name":"wp","href":"https:\/\/api.w.org\/{rel}","templated":true}]}}