{"id":9176,"date":"2024-05-26T12:50:16","date_gmt":"2024-05-26T10:50:16","guid":{"rendered":"https:\/\/footdavant.fr\/actualites\/trucs-du-dimanche-finale-de-la-fa-cup-mika-biereth\/"},"modified":"2024-05-26T12:50:31","modified_gmt":"2024-05-26T10:50:31","slug":"trucs-du-dimanche-finale-de-la-fa-cup-mika-biereth","status":"publish","type":"post","link":"https:\/\/footdavant.fr\/actualites\/trucs-du-dimanche-finale-de-la-fa-cup-mika-biereth\/","title":{"rendered":"Trucs du dimanche\u00a0: finale de la FA Cup &#8211; Mika Biereth"},"content":{"rendered":"<div>\n<p>Bon dimanche.<\/p>\n<p>Je n&#39;ai pas regard\u00e9 la finale de la FA Cup hier.  C&#39;est avant :<\/p>\n<\/p>\n<p>C&#39;est apr\u00e8s :<\/p>\n<p><img decoding=\"async\" fetchpriority=\"high\" class=\"alignnone size-full wp-image-4977\" src=\"https:\/\/footdavant.fr\/actualites\/wp-content\/uploads\/2024\/03\/Arsenal-met-Ben-sur-papier-alors-que-White-signe-un.gif\" alt=\"Je m&#39;en fous du compteur\" width=\"275\" height=\"213\"><\/p>\n<p>Cela signifie-t-il qu&#39;Erik ten Hag doit rester maintenant ?  Voici mes r\u00e9flexions\u00a0:<\/p>\n<p><img decoding=\"async\" fetchpriority=\"high\" class=\"alignnone size-full wp-image-4977\" src=\"https:\/\/footdavant.fr\/actualites\/wp-content\/uploads\/2024\/03\/Arsenal-met-Ben-sur-papier-alors-que-White-signe-un.gif\" alt=\"Je m&#39;en fous du compteur\" width=\"275\" height=\"213\"><\/p>\n<p>Ce qui est assez dr\u00f4le cependant, c&#39;est qu&#39;en remportant la coupe, United se qualifie pour la Ligue Europa la saison prochaine, devan\u00e7ant Chelsea en Ligue Europa Conf\u00e9rence, tandis que Newcastle n&#39;aura aucun football europ\u00e9en du tout.  Je pense pouvoir parler au nom de tous les fans de football sens\u00e9s lorsque je dis que c&#39;est une situation qu&#39;Alexander Isak ne devrait pas avoir \u00e0 tol\u00e9rer \u00e0 ce stade de sa carri\u00e8re, et qu&#39;il nous incombe de le sauver.<\/p>\n<p>Je plaisante, mais il y a aussi une part de v\u00e9rit\u00e9 l\u00e0-dedans.  Il a 24 ans et il est trop bon pour jouer dans une \u00e9quipe d&#39;Eddie Howe essayant de contr\u00f4ler les passes de tromblon de Joelinton.  Il a \u00e9t\u00e9 largement rapport\u00e9 que Mikel Arteta \u00e9tait tr\u00e8s attach\u00e9 \u00e0 lui, mais je n&#39;en ai aucune id\u00e9e si cela rend un accord plus ou moins probable.  Je suppose que cela ne fait pas une grande diff\u00e9rence, mais si nous sortons le PowerPoint que nous avons utilis\u00e9 sur Declan Rice, nous pourrions probablement au moins lui faire tourner la t\u00eate.<\/p>\n<p>Ailleurs, Sturm Graz souhaite acheter Mika Biereth de mani\u00e8re permanente, apr\u00e8s y avoir pass\u00e9 la seconde moiti\u00e9 de la saison en pr\u00eat.  Il a fait 22 apparitions, marquant 9 buts et r\u00e9alisant 4 passes d\u00e9cisives, son stock est donc relativement \u00e9lev\u00e9.  Il est difficile de savoir combien Arsenal veut et combien une \u00e9quipe autrichienne peut payer, mais apr\u00e8s avoir remport\u00e9 le championnat, ils participeront \u00e0 la Ligue des champions la saison prochaine et devraient donc disposer d&#39;un peu d&#39;argent disponible.<\/p>\n<p>Il \u00e9tait int\u00e9ressant que pendant la petite p\u00e9riode de la saison o\u00f9 nous avions du mal \u00e0 marquer, les gens voyaient ce gar\u00e7on frapper quelques fois \u00e0 Motherwell et le pr\u00e9sentaient s\u00e9rieusement comme la r\u00e9ponse \u00e0 nos probl\u00e8mes.  Des temps d\u00e9sesp\u00e9r\u00e9s, et tout \u00e7a.  On pourrait faire valoir qu\u2019avec le d\u00e9part probable d\u2019Eddie Nketiah, il pourrait faire pression pour une place dans l\u2019\u00e9quipe avec nous, mais ce ne serait que cela \u2013 surtout si nous recrutons un autre attaquant cet \u00e9t\u00e9.  Comme une sorte d&#39;attaquant dont l&#39;\u00e9quipe n&#39;est plus en Europe, par exemple.<\/p>\n<p>Cependant, je pense que le r\u00e9sultat probable pour Biereth est que nous le vendrons, obtiendrons des honoraires raisonnables avec une clause de revente d\u00e9cente, et le syst\u00e8me de pr\u00eat aura fait son travail.  Nous avons pr\u00eat\u00e9 beaucoup de talents de l&#39;Acad\u00e9mie la saison derni\u00e8re, et il est probablement le seul \u00e0 avoir vraiment brill\u00e9 et \u00e0 s&#39;\u00eatre ouvert quelques portes.  Nous parlerons peut-\u00eatre un peu plus des autres au cours de la semaine.<\/p>\n<p>Mais maintenant, je vais faire un travail que j&#39;aurais d\u00fb faire il y a longtemps : essayer de trouver des correspondances pour toutes les chaussettes simples que j&#39;ai.  Il y en a tout simplement trop.  Une partie de moi a l&#39;impression que je devrais recommencer, me faire un massacre de chaussettes et en acheter de nouvelles, mais plus intelligemment.  Un type de chaussette fonc\u00e9e, un type de chaussette blanche\/sportive, et vous n&#39;aurez alors plus le probl\u00e8me du mix and match.  Cela semble \u00eatre une option paresseuse, alors je vais proc\u00e9der dans l&#39;autre sens.<\/p>\n<p>J&#39;esp\u00e8re que vous passerez un bon dimanche, quoi que vous fassiez, et que vous pourrez nous rejoindre avec James demain apr\u00e8s-midi pour le premier Arsecast Extra d&#39;apr\u00e8s-saison.  Jusque l\u00e0.<\/p>\n<\/div>\n","protected":false},"excerpt":{"rendered":"<p>Bon dimanche. Je n&#39;ai pas regard\u00e9 la finale de la FA Cup hier. C&#39;est avant : C&#39;est apr\u00e8s : Cela signifie-t-il qu&#39;Erik ten Hag doit<\/p>\n","protected":false},"author":1,"featured_media":9177,"comment_status":"closed","ping_status":"","sticky":false,"template":"","format":"standard","meta":{"footnotes":""},"categories":[3],"tags":[5088,466,506,897,5087,188],"yoast_head":"<!-- This site is optimized with the Yoast SEO plugin v21.0 - https:\/\/yoast.com\/wordpress\/plugins\/seo\/ -->\n<title>Trucs du dimanche\u00a0: finale de la FA Cup - Mika Biereth<\/title>\n<meta name=\"robots\" content=\"index, follow, max-snippet:-1, max-image-preview:large, max-video-preview:-1\" \/>\n<link rel=\"canonical\" href=\"https:\/\/footdavant.fr\/actualites\/trucs-du-dimanche-finale-de-la-fa-cup-mika-biereth\/\" \/>\n<meta property=\"og:locale\" content=\"fr_FR\" \/>\n<meta property=\"og:type\" content=\"article\" \/>\n<meta property=\"og:title\" content=\"Trucs du dimanche\u00a0: finale de la FA Cup - Mika Biereth\" \/>\n<meta property=\"og:description\" content=\"Bon dimanche. Je n&#039;ai pas regard\u00e9 la finale de la FA Cup hier. C&#039;est avant : C&#039;est apr\u00e8s : Cela signifie-t-il qu&#039;Erik ten Hag doit\" \/>\n<meta property=\"og:url\" content=\"https:\/\/footdavant.fr\/actualites\/trucs-du-dimanche-finale-de-la-fa-cup-mika-biereth\/\" \/>\n<meta property=\"og:site_name\" content=\"Foot d&#039;avant\" \/>\n<meta property=\"article:publisher\" content=\"https:\/\/www.facebook.com\/Footdavant\/\" \/>\n<meta property=\"article:published_time\" content=\"2024-05-26T10:50:16+00:00\" \/>\n<meta property=\"article:modified_time\" content=\"2024-05-26T10:50:31+00:00\" \/>\n<meta property=\"og:image\" content=\"https:\/\/footdavant.fr\/actualites\/wp-content\/uploads\/2024\/05\/Trucs-du-dimanche-finale-de-la-FA-Cup-Mika.jpg\" \/>\n\t<meta property=\"og:image:width\" content=\"1500\" \/>\n\t<meta property=\"og:image:height\" content=\"750\" \/>\n\t<meta property=\"og:image:type\" content=\"image\/jpeg\" \/>\n<meta name=\"author\" content=\"Cl\u00e9ment\" \/>\n<meta name=\"twitter:card\" content=\"summary_large_image\" \/>\n<meta name=\"twitter:creator\" content=\"@FootdavantFr\" \/>\n<meta name=\"twitter:site\" content=\"@FootdavantFr\" \/>\n<meta name=\"twitter:label1\" content=\"\u00c9crit par\" \/>\n\t<meta name=\"twitter:data1\" content=\"Cl\u00e9ment\" \/>\n\t<meta name=\"twitter:label2\" content=\"Dur\u00e9e de lecture estim\u00e9e\" \/>\n\t<meta name=\"twitter:data2\" content=\"3 minutes\" \/>\n<script type=\"application\/ld+json\" class=\"yoast-schema-graph\">{\"@context\":\"https:\/\/schema.org\",\"@graph\":[{\"@type\":\"Article\",\"@id\":\"https:\/\/footdavant.fr\/actualites\/trucs-du-dimanche-finale-de-la-fa-cup-mika-biereth\/#article\",\"isPartOf\":{\"@id\":\"https:\/\/footdavant.fr\/actualites\/trucs-du-dimanche-finale-de-la-fa-cup-mika-biereth\/\"},\"author\":{\"name\":\"Cl\u00e9ment\",\"@id\":\"https:\/\/footdavant.fr\/actualites\/#\/schema\/person\/bc222566d95871b37e597b3ed3ba5e1d\"},\"headline\":\"Trucs du dimanche\u00a0: finale de la FA Cup &#8211; Mika Biereth\",\"datePublished\":\"2024-05-26T10:50:16+00:00\",\"dateModified\":\"2024-05-26T10:50:31+00:00\",\"mainEntityOfPage\":{\"@id\":\"https:\/\/footdavant.fr\/actualites\/trucs-du-dimanche-finale-de-la-fa-cup-mika-biereth\/\"},\"wordCount\":644,\"publisher\":{\"@id\":\"https:\/\/footdavant.fr\/actualites\/#organization\"},\"keywords\":[\"Biereth\",\"Cup\",\"dimanche\",\"finale\",\"Mika\",\"trucs\"],\"articleSection\":[\"Football\"],\"inLanguage\":\"fr-FR\"},{\"@type\":\"WebPage\",\"@id\":\"https:\/\/footdavant.fr\/actualites\/trucs-du-dimanche-finale-de-la-fa-cup-mika-biereth\/\",\"url\":\"https:\/\/footdavant.fr\/actualites\/trucs-du-dimanche-finale-de-la-fa-cup-mika-biereth\/\",\"name\":\"Trucs du dimanche\u00a0: finale de la FA Cup - Mika Biereth\",\"isPartOf\":{\"@id\":\"https:\/\/footdavant.fr\/actualites\/#website\"},\"datePublished\":\"2024-05-26T10:50:16+00:00\",\"dateModified\":\"2024-05-26T10:50:31+00:00\",\"breadcrumb\":{\"@id\":\"https:\/\/footdavant.fr\/actualites\/trucs-du-dimanche-finale-de-la-fa-cup-mika-biereth\/#breadcrumb\"},\"inLanguage\":\"fr-FR\",\"potentialAction\":[{\"@type\":\"ReadAction\",\"target\":[\"https:\/\/footdavant.fr\/actualites\/trucs-du-dimanche-finale-de-la-fa-cup-mika-biereth\/\"]}]},{\"@type\":\"BreadcrumbList\",\"@id\":\"https:\/\/footdavant.fr\/actualites\/trucs-du-dimanche-finale-de-la-fa-cup-mika-biereth\/#breadcrumb\",\"itemListElement\":[{\"@type\":\"ListItem\",\"position\":1,\"name\":\"Accueil\",\"item\":\"https:\/\/footdavant.fr\/actualites\/\"},{\"@type\":\"ListItem\",\"position\":2,\"name\":\"Trucs du dimanche\u00a0: finale de la FA Cup &#8211; Mika Biereth\"}]},{\"@type\":\"WebSite\",\"@id\":\"https:\/\/footdavant.fr\/actualites\/#website\",\"url\":\"https:\/\/footdavant.fr\/actualites\/\",\"name\":\"Foot d'avant\",\"description\":\"\",\"publisher\":{\"@id\":\"https:\/\/footdavant.fr\/actualites\/#organization\"},\"potentialAction\":[{\"@type\":\"SearchAction\",\"target\":{\"@type\":\"EntryPoint\",\"urlTemplate\":\"https:\/\/footdavant.fr\/actualites\/?s={search_term_string}\"},\"query-input\":\"required name=search_term_string\"}],\"inLanguage\":\"fr-FR\"},{\"@type\":\"Organization\",\"@id\":\"https:\/\/footdavant.fr\/actualites\/#organization\",\"name\":\"Foot d'avant\",\"url\":\"https:\/\/footdavant.fr\/actualites\/\",\"logo\":{\"@type\":\"ImageObject\",\"inLanguage\":\"fr-FR\",\"@id\":\"https:\/\/footdavant.fr\/actualites\/#\/schema\/logo\/image\/\",\"url\":\"https:\/\/footdavant.fr\/actualites\/wp-content\/uploads\/2023\/09\/Copy-of-FootDavant-Logo.png\",\"contentUrl\":\"https:\/\/footdavant.fr\/actualites\/wp-content\/uploads\/2023\/09\/Copy-of-FootDavant-Logo.png\",\"width\":936,\"height\":549,\"caption\":\"Foot d'avant\"},\"image\":{\"@id\":\"https:\/\/footdavant.fr\/actualites\/#\/schema\/logo\/image\/\"},\"sameAs\":[\"https:\/\/www.facebook.com\/Footdavant\/\",\"https:\/\/twitter.com\/FootdavantFr\",\"https:\/\/www.instagram.com\/footdavant.fr\/\"]},{\"@type\":\"Person\",\"@id\":\"https:\/\/footdavant.fr\/actualites\/#\/schema\/person\/bc222566d95871b37e597b3ed3ba5e1d\",\"name\":\"Cl\u00e9ment\",\"image\":{\"@type\":\"ImageObject\",\"inLanguage\":\"fr-FR\",\"@id\":\"https:\/\/footdavant.fr\/actualites\/#\/schema\/person\/image\/\",\"url\":\"https:\/\/secure.gravatar.com\/avatar\/7728b29aac2719421e1a9159b2254c44?s=96&d=mm&r=g\",\"contentUrl\":\"https:\/\/secure.gravatar.com\/avatar\/7728b29aac2719421e1a9159b2254c44?s=96&d=mm&r=g\",\"caption\":\"Cl\u00e9ment\"},\"sameAs\":[\"https:\/\/footdavant.fr\/\"]}]}<\/script>\n<!-- \/ Yoast SEO plugin. -->","yoast_head_json":{"title":"Trucs du dimanche\u00a0: finale de la FA Cup - Mika Biereth","robots":{"index":"index","follow":"follow","max-snippet":"max-snippet:-1","max-image-preview":"max-image-preview:large","max-video-preview":"max-video-preview:-1"},"canonical":"https:\/\/footdavant.fr\/actualites\/trucs-du-dimanche-finale-de-la-fa-cup-mika-biereth\/","og_locale":"fr_FR","og_type":"article","og_title":"Trucs du dimanche\u00a0: finale de la FA Cup - Mika Biereth","og_description":"Bon dimanche. Je n&#39;ai pas regard\u00e9 la finale de la FA Cup hier. C&#39;est avant : C&#39;est apr\u00e8s : Cela signifie-t-il qu&#39;Erik ten Hag doit","og_url":"https:\/\/footdavant.fr\/actualites\/trucs-du-dimanche-finale-de-la-fa-cup-mika-biereth\/","og_site_name":"Foot d&#039;avant","article_publisher":"https:\/\/www.facebook.com\/Footdavant\/","article_published_time":"2024-05-26T10:50:16+00:00","article_modified_time":"2024-05-26T10:50:31+00:00","og_image":[{"width":1500,"height":750,"url":"https:\/\/footdavant.fr\/actualites\/wp-content\/uploads\/2024\/05\/Trucs-du-dimanche-finale-de-la-FA-Cup-Mika.jpg","type":"image\/jpeg"}],"author":"Cl\u00e9ment","twitter_card":"summary_large_image","twitter_creator":"@FootdavantFr","twitter_site":"@FootdavantFr","twitter_misc":{"\u00c9crit par":"Cl\u00e9ment","Dur\u00e9e de lecture estim\u00e9e":"3 minutes"},"schema":{"@context":"https:\/\/schema.org","@graph":[{"@type":"Article","@id":"https:\/\/footdavant.fr\/actualites\/trucs-du-dimanche-finale-de-la-fa-cup-mika-biereth\/#article","isPartOf":{"@id":"https:\/\/footdavant.fr\/actualites\/trucs-du-dimanche-finale-de-la-fa-cup-mika-biereth\/"},"author":{"name":"Cl\u00e9ment","@id":"https:\/\/footdavant.fr\/actualites\/#\/schema\/person\/bc222566d95871b37e597b3ed3ba5e1d"},"headline":"Trucs du dimanche\u00a0: finale de la FA Cup &#8211; Mika Biereth","datePublished":"2024-05-26T10:50:16+00:00","dateModified":"2024-05-26T10:50:31+00:00","mainEntityOfPage":{"@id":"https:\/\/footdavant.fr\/actualites\/trucs-du-dimanche-finale-de-la-fa-cup-mika-biereth\/"},"wordCount":644,"publisher":{"@id":"https:\/\/footdavant.fr\/actualites\/#organization"},"keywords":["Biereth","Cup","dimanche","finale","Mika","trucs"],"articleSection":["Football"],"inLanguage":"fr-FR"},{"@type":"WebPage","@id":"https:\/\/footdavant.fr\/actualites\/trucs-du-dimanche-finale-de-la-fa-cup-mika-biereth\/","url":"https:\/\/footdavant.fr\/actualites\/trucs-du-dimanche-finale-de-la-fa-cup-mika-biereth\/","name":"Trucs du dimanche\u00a0: finale de la FA Cup - Mika Biereth","isPartOf":{"@id":"https:\/\/footdavant.fr\/actualites\/#website"},"datePublished":"2024-05-26T10:50:16+00:00","dateModified":"2024-05-26T10:50:31+00:00","breadcrumb":{"@id":"https:\/\/footdavant.fr\/actualites\/trucs-du-dimanche-finale-de-la-fa-cup-mika-biereth\/#breadcrumb"},"inLanguage":"fr-FR","potentialAction":[{"@type":"ReadAction","target":["https:\/\/footdavant.fr\/actualites\/trucs-du-dimanche-finale-de-la-fa-cup-mika-biereth\/"]}]},{"@type":"BreadcrumbList","@id":"https:\/\/footdavant.fr\/actualites\/trucs-du-dimanche-finale-de-la-fa-cup-mika-biereth\/#breadcrumb","itemListElement":[{"@type":"ListItem","position":1,"name":"Accueil","item":"https:\/\/footdavant.fr\/actualites\/"},{"@type":"ListItem","position":2,"name":"Trucs du dimanche\u00a0: finale de la FA Cup &#8211; Mika Biereth"}]},{"@type":"WebSite","@id":"https:\/\/footdavant.fr\/actualites\/#website","url":"https:\/\/footdavant.fr\/actualites\/","name":"Foot d'avant","description":"","publisher":{"@id":"https:\/\/footdavant.fr\/actualites\/#organization"},"potentialAction":[{"@type":"SearchAction","target":{"@type":"EntryPoint","urlTemplate":"https:\/\/footdavant.fr\/actualites\/?s={search_term_string}"},"query-input":"required name=search_term_string"}],"inLanguage":"fr-FR"},{"@type":"Organization","@id":"https:\/\/footdavant.fr\/actualites\/#organization","name":"Foot d'avant","url":"https:\/\/footdavant.fr\/actualites\/","logo":{"@type":"ImageObject","inLanguage":"fr-FR","@id":"https:\/\/footdavant.fr\/actualites\/#\/schema\/logo\/image\/","url":"https:\/\/footdavant.fr\/actualites\/wp-content\/uploads\/2023\/09\/Copy-of-FootDavant-Logo.png","contentUrl":"https:\/\/footdavant.fr\/actualites\/wp-content\/uploads\/2023\/09\/Copy-of-FootDavant-Logo.png","width":936,"height":549,"caption":"Foot d'avant"},"image":{"@id":"https:\/\/footdavant.fr\/actualites\/#\/schema\/logo\/image\/"},"sameAs":["https:\/\/www.facebook.com\/Footdavant\/","https:\/\/twitter.com\/FootdavantFr","https:\/\/www.instagram.com\/footdavant.fr\/"]},{"@type":"Person","@id":"https:\/\/footdavant.fr\/actualites\/#\/schema\/person\/bc222566d95871b37e597b3ed3ba5e1d","name":"Cl\u00e9ment","image":{"@type":"ImageObject","inLanguage":"fr-FR","@id":"https:\/\/footdavant.fr\/actualites\/#\/schema\/person\/image\/","url":"https:\/\/secure.gravatar.com\/avatar\/7728b29aac2719421e1a9159b2254c44?s=96&d=mm&r=g","contentUrl":"https:\/\/secure.gravatar.com\/avatar\/7728b29aac2719421e1a9159b2254c44?s=96&d=mm&r=g","caption":"Cl\u00e9ment"},"sameAs":["https:\/\/footdavant.fr\/"]}]}},"_links":{"self":[{"href":"https:\/\/footdavant.fr\/actualites\/wp-json\/wp\/v2\/posts\/9176"}],"collection":[{"href":"https:\/\/footdavant.fr\/actualites\/wp-json\/wp\/v2\/posts"}],"about":[{"href":"https:\/\/footdavant.fr\/actualites\/wp-json\/wp\/v2\/types\/post"}],"author":[{"embeddable":true,"href":"https:\/\/footdavant.fr\/actualites\/wp-json\/wp\/v2\/users\/1"}],"replies":[{"embeddable":true,"href":"https:\/\/footdavant.fr\/actualites\/wp-json\/wp\/v2\/comments?post=9176"}],"version-history":[{"count":1,"href":"https:\/\/footdavant.fr\/actualites\/wp-json\/wp\/v2\/posts\/9176\/revisions"}],"predecessor-version":[{"id":9178,"href":"https:\/\/footdavant.fr\/actualites\/wp-json\/wp\/v2\/posts\/9176\/revisions\/9178"}],"wp:featuredmedia":[{"embeddable":true,"href":"https:\/\/footdavant.fr\/actualites\/wp-json\/wp\/v2\/media\/9177"}],"wp:attachment":[{"href":"https:\/\/footdavant.fr\/actualites\/wp-json\/wp\/v2\/media?parent=9176"}],"wp:term":[{"taxonomy":"category","embeddable":true,"href":"https:\/\/footdavant.fr\/actualites\/wp-json\/wp\/v2\/categories?post=9176"},{"taxonomy":"post_tag","embeddable":true,"href":"https:\/\/footdavant.fr\/actualites\/wp-json\/wp\/v2\/tags?post=9176"}],"curies":[{"name":"wp","href":"https:\/\/api.w.org\/{rel}","templated":true}]}}