{"id":9287,"date":"2024-05-29T16:49:11","date_gmt":"2024-05-29T14:49:11","guid":{"rendered":"https:\/\/footdavant.fr\/actualites\/chelsea-ace-palmer-fait-leloge-de-lancien-patron-pochettino\/"},"modified":"2024-05-29T16:49:11","modified_gmt":"2024-05-29T14:49:11","slug":"chelsea-ace-palmer-fait-leloge-de-lancien-patron-pochettino","status":"publish","type":"post","link":"https:\/\/footdavant.fr\/actualites\/chelsea-ace-palmer-fait-leloge-de-lancien-patron-pochettino\/","title":{"rendered":"Chelsea Ace Palmer fait l\u2019\u00e9loge de l\u2019ancien patron Pochettino"},"content":{"rendered":"<div>\n<p>La star de Chelsea, Cole Palmer, a parl\u00e9 lyriquement de Mauricio Pochettino, r\u00e9v\u00e9lant comment l&#39;ancien patron des Blues l&#39;a aid\u00e9 \u00e0 se sentir \u00e0 l&#39;aise lors de sa premi\u00e8re campagne.<\/p>\n<h2>Chelsea a limog\u00e9 Mauricio Pochettino apr\u00e8s une seule saison<\/h2>\n<p>Mardi dernier (21 mai), Chelsea a annonc\u00e9 s&#39;\u00eatre s\u00e9par\u00e9 de Pochettino, moins d&#39;un an apr\u00e8s l&#39;avoir nomm\u00e9 entra\u00eeneur.  Les retrait\u00e9s n&#39;ont pas cit\u00e9 la raison de son licenciement, mais selon certaines informations, ils ont estim\u00e9 que l&#39;Argentin n&#39;en faisait pas assez avec les ressources dont il disposait.<\/p>\n<p>Pochettino n&#39;a pas r\u00e9ussi \u00e0 amener les Bleus dans le top quatre, mais il a \u00e9galement d\u00fb faire face \u00e0 une pl\u00e9thore de blessures tout au long de la saison.  Des joueurs cl\u00e9s, dont Christopher Nkunku, Reece James et Ben Chilwell, ont \u00e9t\u00e9 bless\u00e9s pendant la majeure partie de la saison, emp\u00eachant Chelsea d&#39;aligner son onze le plus fort.  De plus, comme l&#39;\u00e9quipe \u00e9tait compos\u00e9e de jeunes, le manque d&#39;exp\u00e9rience \u00e9tait \u00e9vident et cela leur co\u00fbtait cher dans certains matches.<\/p>\n<p>Pourtant, Pochettino a pris le contr\u00f4le des choses vers la fin de la campagne, emmenant Chelsea \u00e0 cinq victoires cons\u00e9cutives lors de ses cinq derni\u00e8res sorties en Premier League.  Seuls Manchester City et Arsenal pourraient \u00e9galer leur parcours de fin de saison.<\/p>\n<h2>Cole Palmer remercie Mauricio Pochettino de l&#39;avoir gard\u00e9 d\u00e9tendu<\/h2>\n<p>Selon certaines informations, le vestiaire de Chelsea \u00e9tait m\u00e9content de la d\u00e9cision du club de limoger Pochettino, de nombreux joueurs rendant de sinc\u00e8res hommages au manager sur les r\u00e9seaux sociaux.  Palmer, qui a marqu\u00e9 22 buts et d\u00e9livr\u00e9 11 passes d\u00e9cisives en 34 matches de Premier League lors de sa premi\u00e8re saison \u00e0 Chelsea, est \u00e9galement d\u00e9\u00e7u du d\u00e9part de Pochettino.  Dans une interview avec The Sun, Palmer a d\u00e9clar\u00e9 qu&#39;il partageait d&#39;excellentes relations avec le manager et a lou\u00e9 ses comp\u00e9tences en gestion humaine.<\/p>\n<p>L&#39;international anglais a d\u00e9clar\u00e9 :<\/p>\n<p>\u00ab\u00a0<em>Lors de son arriv\u00e9e, il a install\u00e9 les fondations et s&#39;est assur\u00e9 que tout le monde savait ce qui \u00e9tait requis.  Puis il a commenc\u00e9 \u00e0 nous apprendre ce qu\u2019il voulait faire.  Mais d\u2019abord, nous avions besoin de cette base.<\/em><\/p>\n<p>\u00ab\u00a0<em>En tant qu&#39;homme-manager, il vous pousserait si vous vous rel\u00e2chiez.  Il a \u00e9t\u00e9 vraiment bon pour moi.  Il m&#39;a permis de me d\u00e9tendre et nous avons eu une tr\u00e8s bonne relation.  Il a eu un travail difficile, la moiti\u00e9 de l&#39;\u00e9quipe a \u00e9t\u00e9 bless\u00e9e, certains joueurs tr\u00e8s importants aussi, donc \u00e7a a \u00e9t\u00e9 difficile pour lui.  Mais tout le monde l&#39;aimait.  Tous les joueurs l&#39;ont fait et il a \u00e9t\u00e9 tr\u00e8s important pour moi aussi.<\/em>\u00bb<\/p>\n<p>Chelsea voudrait nommer le manager de Leicester City, Enzo Maresca, pour succ\u00e9der \u00e0 Pochettino.  Pochettino, quant \u00e0 lui, fait partie des candidats pour remplacer Erik ten Hag \u00e0 Manchester United.<\/p>\n<\/p><\/div>\n","protected":false},"excerpt":{"rendered":"<p>La star de Chelsea, Cole Palmer, a parl\u00e9 lyriquement de Mauricio Pochettino, r\u00e9v\u00e9lant comment l&#39;ancien patron des Blues l&#39;a aid\u00e9 \u00e0 se sentir \u00e0 l&#39;aise<\/p>\n","protected":false},"author":1,"featured_media":9288,"comment_status":"closed","ping_status":"","sticky":false,"template":"","format":"standard","meta":{"footnotes":""},"categories":[3],"tags":[4087,171,152,1302,2196,1123,231,47],"yoast_head":"<!-- This site is optimized with the Yoast SEO plugin v21.0 - https:\/\/yoast.com\/wordpress\/plugins\/seo\/ -->\n<title>Chelsea Ace Palmer fait l\u2019\u00e9loge de l\u2019ancien patron Pochettino<\/title>\n<meta name=\"robots\" content=\"index, follow, max-snippet:-1, max-image-preview:large, max-video-preview:-1\" \/>\n<link rel=\"canonical\" href=\"https:\/\/footdavant.fr\/actualites\/chelsea-ace-palmer-fait-leloge-de-lancien-patron-pochettino\/\" \/>\n<meta property=\"og:locale\" content=\"fr_FR\" \/>\n<meta property=\"og:type\" content=\"article\" \/>\n<meta property=\"og:title\" content=\"Chelsea Ace Palmer fait l\u2019\u00e9loge de l\u2019ancien patron Pochettino\" \/>\n<meta property=\"og:description\" content=\"La star de Chelsea, Cole Palmer, a parl\u00e9 lyriquement de Mauricio Pochettino, r\u00e9v\u00e9lant comment l&#039;ancien patron des Blues l&#039;a aid\u00e9 \u00e0 se sentir \u00e0 l&#039;aise\" \/>\n<meta property=\"og:url\" content=\"https:\/\/footdavant.fr\/actualites\/chelsea-ace-palmer-fait-leloge-de-lancien-patron-pochettino\/\" \/>\n<meta property=\"og:site_name\" content=\"Foot d&#039;avant\" \/>\n<meta property=\"article:publisher\" content=\"https:\/\/www.facebook.com\/Footdavant\/\" \/>\n<meta property=\"article:published_time\" content=\"2024-05-29T14:49:11+00:00\" \/>\n<meta property=\"og:image\" content=\"https:\/\/footdavant.fr\/actualites\/wp-content\/uploads\/2024\/05\/Chelsea-Ace-Palmer-fait-leloge-de-lancien-patron-Pochettino.jpg\" \/>\n\t<meta property=\"og:image:width\" content=\"696\" \/>\n\t<meta property=\"og:image:height\" content=\"392\" \/>\n\t<meta property=\"og:image:type\" content=\"image\/jpeg\" \/>\n<meta name=\"author\" content=\"Cl\u00e9ment\" \/>\n<meta name=\"twitter:card\" content=\"summary_large_image\" \/>\n<meta name=\"twitter:creator\" content=\"@FootdavantFr\" \/>\n<meta name=\"twitter:site\" content=\"@FootdavantFr\" \/>\n<meta name=\"twitter:label1\" content=\"\u00c9crit par\" \/>\n\t<meta name=\"twitter:data1\" content=\"Cl\u00e9ment\" \/>\n\t<meta name=\"twitter:label2\" content=\"Dur\u00e9e de lecture estim\u00e9e\" \/>\n\t<meta name=\"twitter:data2\" content=\"3 minutes\" \/>\n<script type=\"application\/ld+json\" class=\"yoast-schema-graph\">{\"@context\":\"https:\/\/schema.org\",\"@graph\":[{\"@type\":\"Article\",\"@id\":\"https:\/\/footdavant.fr\/actualites\/chelsea-ace-palmer-fait-leloge-de-lancien-patron-pochettino\/#article\",\"isPartOf\":{\"@id\":\"https:\/\/footdavant.fr\/actualites\/chelsea-ace-palmer-fait-leloge-de-lancien-patron-pochettino\/\"},\"author\":{\"name\":\"Cl\u00e9ment\",\"@id\":\"https:\/\/footdavant.fr\/actualites\/#\/schema\/person\/bc222566d95871b37e597b3ed3ba5e1d\"},\"headline\":\"Chelsea Ace Palmer fait l\u2019\u00e9loge de l\u2019ancien patron Pochettino\",\"datePublished\":\"2024-05-29T14:49:11+00:00\",\"dateModified\":\"2024-05-29T14:49:11+00:00\",\"mainEntityOfPage\":{\"@id\":\"https:\/\/footdavant.fr\/actualites\/chelsea-ace-palmer-fait-leloge-de-lancien-patron-pochettino\/\"},\"wordCount\":513,\"publisher\":{\"@id\":\"https:\/\/footdavant.fr\/actualites\/#organization\"},\"keywords\":[\"Ace\",\"Chelsea\",\"fait\",\"Lancien\",\"l\u00e9loge\",\"Palmer\",\"patron\",\"Pochettino\"],\"articleSection\":[\"Football\"],\"inLanguage\":\"fr-FR\"},{\"@type\":\"WebPage\",\"@id\":\"https:\/\/footdavant.fr\/actualites\/chelsea-ace-palmer-fait-leloge-de-lancien-patron-pochettino\/\",\"url\":\"https:\/\/footdavant.fr\/actualites\/chelsea-ace-palmer-fait-leloge-de-lancien-patron-pochettino\/\",\"name\":\"Chelsea Ace Palmer fait l\u2019\u00e9loge de l\u2019ancien patron Pochettino\",\"isPartOf\":{\"@id\":\"https:\/\/footdavant.fr\/actualites\/#website\"},\"datePublished\":\"2024-05-29T14:49:11+00:00\",\"dateModified\":\"2024-05-29T14:49:11+00:00\",\"breadcrumb\":{\"@id\":\"https:\/\/footdavant.fr\/actualites\/chelsea-ace-palmer-fait-leloge-de-lancien-patron-pochettino\/#breadcrumb\"},\"inLanguage\":\"fr-FR\",\"potentialAction\":[{\"@type\":\"ReadAction\",\"target\":[\"https:\/\/footdavant.fr\/actualites\/chelsea-ace-palmer-fait-leloge-de-lancien-patron-pochettino\/\"]}]},{\"@type\":\"BreadcrumbList\",\"@id\":\"https:\/\/footdavant.fr\/actualites\/chelsea-ace-palmer-fait-leloge-de-lancien-patron-pochettino\/#breadcrumb\",\"itemListElement\":[{\"@type\":\"ListItem\",\"position\":1,\"name\":\"Accueil\",\"item\":\"https:\/\/footdavant.fr\/actualites\/\"},{\"@type\":\"ListItem\",\"position\":2,\"name\":\"Chelsea Ace Palmer fait l\u2019\u00e9loge de l\u2019ancien patron Pochettino\"}]},{\"@type\":\"WebSite\",\"@id\":\"https:\/\/footdavant.fr\/actualites\/#website\",\"url\":\"https:\/\/footdavant.fr\/actualites\/\",\"name\":\"Foot d'avant\",\"description\":\"\",\"publisher\":{\"@id\":\"https:\/\/footdavant.fr\/actualites\/#organization\"},\"potentialAction\":[{\"@type\":\"SearchAction\",\"target\":{\"@type\":\"EntryPoint\",\"urlTemplate\":\"https:\/\/footdavant.fr\/actualites\/?s={search_term_string}\"},\"query-input\":\"required name=search_term_string\"}],\"inLanguage\":\"fr-FR\"},{\"@type\":\"Organization\",\"@id\":\"https:\/\/footdavant.fr\/actualites\/#organization\",\"name\":\"Foot d'avant\",\"url\":\"https:\/\/footdavant.fr\/actualites\/\",\"logo\":{\"@type\":\"ImageObject\",\"inLanguage\":\"fr-FR\",\"@id\":\"https:\/\/footdavant.fr\/actualites\/#\/schema\/logo\/image\/\",\"url\":\"https:\/\/footdavant.fr\/actualites\/wp-content\/uploads\/2023\/09\/Copy-of-FootDavant-Logo.png\",\"contentUrl\":\"https:\/\/footdavant.fr\/actualites\/wp-content\/uploads\/2023\/09\/Copy-of-FootDavant-Logo.png\",\"width\":936,\"height\":549,\"caption\":\"Foot d'avant\"},\"image\":{\"@id\":\"https:\/\/footdavant.fr\/actualites\/#\/schema\/logo\/image\/\"},\"sameAs\":[\"https:\/\/www.facebook.com\/Footdavant\/\",\"https:\/\/twitter.com\/FootdavantFr\",\"https:\/\/www.instagram.com\/footdavant.fr\/\"]},{\"@type\":\"Person\",\"@id\":\"https:\/\/footdavant.fr\/actualites\/#\/schema\/person\/bc222566d95871b37e597b3ed3ba5e1d\",\"name\":\"Cl\u00e9ment\",\"image\":{\"@type\":\"ImageObject\",\"inLanguage\":\"fr-FR\",\"@id\":\"https:\/\/footdavant.fr\/actualites\/#\/schema\/person\/image\/\",\"url\":\"https:\/\/secure.gravatar.com\/avatar\/7728b29aac2719421e1a9159b2254c44?s=96&d=mm&r=g\",\"contentUrl\":\"https:\/\/secure.gravatar.com\/avatar\/7728b29aac2719421e1a9159b2254c44?s=96&d=mm&r=g\",\"caption\":\"Cl\u00e9ment\"},\"sameAs\":[\"https:\/\/footdavant.fr\/\"]}]}<\/script>\n<!-- \/ Yoast SEO plugin. -->","yoast_head_json":{"title":"Chelsea Ace Palmer fait l\u2019\u00e9loge de l\u2019ancien patron Pochettino","robots":{"index":"index","follow":"follow","max-snippet":"max-snippet:-1","max-image-preview":"max-image-preview:large","max-video-preview":"max-video-preview:-1"},"canonical":"https:\/\/footdavant.fr\/actualites\/chelsea-ace-palmer-fait-leloge-de-lancien-patron-pochettino\/","og_locale":"fr_FR","og_type":"article","og_title":"Chelsea Ace Palmer fait l\u2019\u00e9loge de l\u2019ancien patron Pochettino","og_description":"La star de Chelsea, Cole Palmer, a parl\u00e9 lyriquement de Mauricio Pochettino, r\u00e9v\u00e9lant comment l&#39;ancien patron des Blues l&#39;a aid\u00e9 \u00e0 se sentir \u00e0 l&#39;aise","og_url":"https:\/\/footdavant.fr\/actualites\/chelsea-ace-palmer-fait-leloge-de-lancien-patron-pochettino\/","og_site_name":"Foot d&#039;avant","article_publisher":"https:\/\/www.facebook.com\/Footdavant\/","article_published_time":"2024-05-29T14:49:11+00:00","og_image":[{"width":696,"height":392,"url":"https:\/\/footdavant.fr\/actualites\/wp-content\/uploads\/2024\/05\/Chelsea-Ace-Palmer-fait-leloge-de-lancien-patron-Pochettino.jpg","type":"image\/jpeg"}],"author":"Cl\u00e9ment","twitter_card":"summary_large_image","twitter_creator":"@FootdavantFr","twitter_site":"@FootdavantFr","twitter_misc":{"\u00c9crit par":"Cl\u00e9ment","Dur\u00e9e de lecture estim\u00e9e":"3 minutes"},"schema":{"@context":"https:\/\/schema.org","@graph":[{"@type":"Article","@id":"https:\/\/footdavant.fr\/actualites\/chelsea-ace-palmer-fait-leloge-de-lancien-patron-pochettino\/#article","isPartOf":{"@id":"https:\/\/footdavant.fr\/actualites\/chelsea-ace-palmer-fait-leloge-de-lancien-patron-pochettino\/"},"author":{"name":"Cl\u00e9ment","@id":"https:\/\/footdavant.fr\/actualites\/#\/schema\/person\/bc222566d95871b37e597b3ed3ba5e1d"},"headline":"Chelsea Ace Palmer fait l\u2019\u00e9loge de l\u2019ancien patron Pochettino","datePublished":"2024-05-29T14:49:11+00:00","dateModified":"2024-05-29T14:49:11+00:00","mainEntityOfPage":{"@id":"https:\/\/footdavant.fr\/actualites\/chelsea-ace-palmer-fait-leloge-de-lancien-patron-pochettino\/"},"wordCount":513,"publisher":{"@id":"https:\/\/footdavant.fr\/actualites\/#organization"},"keywords":["Ace","Chelsea","fait","Lancien","l\u00e9loge","Palmer","patron","Pochettino"],"articleSection":["Football"],"inLanguage":"fr-FR"},{"@type":"WebPage","@id":"https:\/\/footdavant.fr\/actualites\/chelsea-ace-palmer-fait-leloge-de-lancien-patron-pochettino\/","url":"https:\/\/footdavant.fr\/actualites\/chelsea-ace-palmer-fait-leloge-de-lancien-patron-pochettino\/","name":"Chelsea Ace Palmer fait l\u2019\u00e9loge de l\u2019ancien patron Pochettino","isPartOf":{"@id":"https:\/\/footdavant.fr\/actualites\/#website"},"datePublished":"2024-05-29T14:49:11+00:00","dateModified":"2024-05-29T14:49:11+00:00","breadcrumb":{"@id":"https:\/\/footdavant.fr\/actualites\/chelsea-ace-palmer-fait-leloge-de-lancien-patron-pochettino\/#breadcrumb"},"inLanguage":"fr-FR","potentialAction":[{"@type":"ReadAction","target":["https:\/\/footdavant.fr\/actualites\/chelsea-ace-palmer-fait-leloge-de-lancien-patron-pochettino\/"]}]},{"@type":"BreadcrumbList","@id":"https:\/\/footdavant.fr\/actualites\/chelsea-ace-palmer-fait-leloge-de-lancien-patron-pochettino\/#breadcrumb","itemListElement":[{"@type":"ListItem","position":1,"name":"Accueil","item":"https:\/\/footdavant.fr\/actualites\/"},{"@type":"ListItem","position":2,"name":"Chelsea Ace Palmer fait l\u2019\u00e9loge de l\u2019ancien patron Pochettino"}]},{"@type":"WebSite","@id":"https:\/\/footdavant.fr\/actualites\/#website","url":"https:\/\/footdavant.fr\/actualites\/","name":"Foot d'avant","description":"","publisher":{"@id":"https:\/\/footdavant.fr\/actualites\/#organization"},"potentialAction":[{"@type":"SearchAction","target":{"@type":"EntryPoint","urlTemplate":"https:\/\/footdavant.fr\/actualites\/?s={search_term_string}"},"query-input":"required name=search_term_string"}],"inLanguage":"fr-FR"},{"@type":"Organization","@id":"https:\/\/footdavant.fr\/actualites\/#organization","name":"Foot d'avant","url":"https:\/\/footdavant.fr\/actualites\/","logo":{"@type":"ImageObject","inLanguage":"fr-FR","@id":"https:\/\/footdavant.fr\/actualites\/#\/schema\/logo\/image\/","url":"https:\/\/footdavant.fr\/actualites\/wp-content\/uploads\/2023\/09\/Copy-of-FootDavant-Logo.png","contentUrl":"https:\/\/footdavant.fr\/actualites\/wp-content\/uploads\/2023\/09\/Copy-of-FootDavant-Logo.png","width":936,"height":549,"caption":"Foot d'avant"},"image":{"@id":"https:\/\/footdavant.fr\/actualites\/#\/schema\/logo\/image\/"},"sameAs":["https:\/\/www.facebook.com\/Footdavant\/","https:\/\/twitter.com\/FootdavantFr","https:\/\/www.instagram.com\/footdavant.fr\/"]},{"@type":"Person","@id":"https:\/\/footdavant.fr\/actualites\/#\/schema\/person\/bc222566d95871b37e597b3ed3ba5e1d","name":"Cl\u00e9ment","image":{"@type":"ImageObject","inLanguage":"fr-FR","@id":"https:\/\/footdavant.fr\/actualites\/#\/schema\/person\/image\/","url":"https:\/\/secure.gravatar.com\/avatar\/7728b29aac2719421e1a9159b2254c44?s=96&d=mm&r=g","contentUrl":"https:\/\/secure.gravatar.com\/avatar\/7728b29aac2719421e1a9159b2254c44?s=96&d=mm&r=g","caption":"Cl\u00e9ment"},"sameAs":["https:\/\/footdavant.fr\/"]}]}},"_links":{"self":[{"href":"https:\/\/footdavant.fr\/actualites\/wp-json\/wp\/v2\/posts\/9287"}],"collection":[{"href":"https:\/\/footdavant.fr\/actualites\/wp-json\/wp\/v2\/posts"}],"about":[{"href":"https:\/\/footdavant.fr\/actualites\/wp-json\/wp\/v2\/types\/post"}],"author":[{"embeddable":true,"href":"https:\/\/footdavant.fr\/actualites\/wp-json\/wp\/v2\/users\/1"}],"replies":[{"embeddable":true,"href":"https:\/\/footdavant.fr\/actualites\/wp-json\/wp\/v2\/comments?post=9287"}],"version-history":[{"count":1,"href":"https:\/\/footdavant.fr\/actualites\/wp-json\/wp\/v2\/posts\/9287\/revisions"}],"predecessor-version":[{"id":9289,"href":"https:\/\/footdavant.fr\/actualites\/wp-json\/wp\/v2\/posts\/9287\/revisions\/9289"}],"wp:featuredmedia":[{"embeddable":true,"href":"https:\/\/footdavant.fr\/actualites\/wp-json\/wp\/v2\/media\/9288"}],"wp:attachment":[{"href":"https:\/\/footdavant.fr\/actualites\/wp-json\/wp\/v2\/media?parent=9287"}],"wp:term":[{"taxonomy":"category","embeddable":true,"href":"https:\/\/footdavant.fr\/actualites\/wp-json\/wp\/v2\/categories?post=9287"},{"taxonomy":"post_tag","embeddable":true,"href":"https:\/\/footdavant.fr\/actualites\/wp-json\/wp\/v2\/tags?post=9287"}],"curies":[{"name":"wp","href":"https:\/\/api.w.org\/{rel}","templated":true}]}}