{"id":9290,"date":"2024-05-29T18:48:30","date_gmt":"2024-05-29T16:48:30","guid":{"rendered":"https:\/\/footdavant.fr\/actualites\/aston-villa-annonce-un-nouveau-contrat-a-long-terme-pour-unai-emery-2\/"},"modified":"2024-05-29T18:48:31","modified_gmt":"2024-05-29T16:48:31","slug":"aston-villa-annonce-un-nouveau-contrat-a-long-terme-pour-unai-emery-2","status":"publish","type":"post","link":"https:\/\/footdavant.fr\/actualites\/aston-villa-annonce-un-nouveau-contrat-a-long-terme-pour-unai-emery-2\/","title":{"rendered":"Aston Villa annonce un nouveau contrat \u00e0 long terme pour Unai Emery"},"content":{"rendered":"<p>Aston Villa annonce que l&#39;entra\u00eeneur-chef Unai Emery a sign\u00e9 un nouveau contrat \u00e0 long terme.<\/p>\n<div id=\"article_body\" itemprop=\"articleBody\">\n<h3 class=\"firstPara\">\n<strong class=\"autotag\">Aston Villa<\/strong> ont annonc\u00e9 que l&#39;entra\u00eeneur-chef <strong class=\"autotag\">Unai Emery<\/strong> a sign\u00e9 un nouveau contrat \u00e0 long terme.<\/h3>\n<p>L&#39;Espagnol vient de mener l&#39;une des meilleures campagnes de Villa en Premier League, s&#39;assurant une quatri\u00e8me place au classement.<\/p>\n<p>En cons\u00e9quence, l\u2019\u00e9quipe des West Midlands a gagn\u00e9 une place en Ligue des champions pour la premi\u00e8re fois de son histoire.<\/p>\n<p>La hi\u00e9rarchie de Villa a r\u00e9pondu aux progr\u00e8s du club sous Emery en accordant au joueur de 52 ans un nouveau contrat en avril qui durerait jusqu&#39;en 2027.<\/p>\n<p>Cependant, un peu plus d&#39;un mois apr\u00e8s cette prolongation, Emery a de nouveau sign\u00e9 de nouveaux termes, son contrat courant d\u00e9sormais jusqu&#39;\u00e0 la fin de 2028-29.<\/p>\n<blockquote class=\"twitter-tweet\">\n<p lang=\"en\" dir=\"ltr\">Aston Villa est ravie d&#39;annoncer que le manager Unai Emery a conclu un nouveau contrat de cinq ans !  \u270d\ufe0f<\/p>\n<p>\u2013 Aston Villa (@AVFCOfficial) <a rel=\"nofollow\" href=\"https:\/\/twitter.com\/AVFCOfficial\/status\/1795107761706983550?ref_src=twsrc%5Etfw\">27 mai 2024<\/a>\n<\/p><\/blockquote>\n<h2 class=\"k3\">Qu\u2019a dit Emery ?<\/h2>\n<p>S&#39;adressant au site officiel du club, Emery a d\u00e9clar\u00e9 : \u00ab\u00a0Je suis tr\u00e8s heureux de franchir cette \u00e9tape et de prendre la responsabilit\u00e9 de diriger ce club.<\/p>\n<p>\u00ab\u00a0Depuis que je suis arriv\u00e9 \u00e0 Villa avec Wes (Edens) et Nassef (Sawiris), nous avons toujours trouv\u00e9 le meilleur environnement et la meilleure structure pour d\u00e9velopper un projet avec la plus haute ambition.<\/p>\n<p>\u00ab\u00a0Toute la structure du football avec <strong class=\"autotag\">Monchi<\/strong> et Damian (Vidagany) et les propri\u00e9taires, nous partageons la m\u00eame vision et les m\u00eames objectifs.<\/p>\n<p>\u00ab\u00a0Il y a une grande alchimie \u00e0 Aston Villa. Et le soutien des fans fait \u00e9galement la diff\u00e9rence pour se sentir comme \u00e0 la maison. Nous sommes vraiment ravis de continuer ce voyage sans limites \u00e0 nos r\u00eaves.\u00a0\u00bb<\/p>\n<p>Sawiris a ajout\u00e9 : \u00ab\u00a0Nous construisons quelque chose de sp\u00e9cial ici \u00e0 Aston Villa avec Unai en son sein et nous sommes ravis qu&#39;il ait sign\u00e9 un nouvel accord avec le club jusqu&#39;en 2029.<\/p>\n<p>\u00ab\u00a0Alors que nous entrons dans notre ann\u00e9e historique de 150e anniversaire, il y a beaucoup \u00e0 esp\u00e9rer avec Unai \u00e0 la barre.\u00a0\u00bb<\/p>\n<p class=\"imgI\">\n<h2 class=\"k3\">Pourquoi Villa a-t-elle accord\u00e9 un autre nouveau contrat \u00e0 Emery ?<\/h2>\n<p>Villa a peut-\u00eatre mis fin \u00e0 une longue campagne avec une d\u00e9faite 5-0 \u00e0 Crystal Palace, mais cela n&#39;a rien chang\u00e9 \u00e0 l&#39;opinion selon laquelle Emery est l&#39;homme id\u00e9al pour le poste \u00e0 Villa Park.<\/p>\n<p>Un total de 44 victoires et 15 nuls ont \u00e9t\u00e9 enregistr\u00e9s sur ses 83 matchs \u00e0 la t\u00eate, Villa \u00e9tant pass\u00e9 de candidat \u00e0 la rel\u00e9gation \u00e0 pr\u00e9tendant marginal au titre de Premier League.<\/p>\n<p>Le plan est de renforcer davantage les rangs sup\u00e9rieurs tout au long de la fen\u00eatre de transfert estivale alors qu\u2019ils tentent de relever un d\u00e9fi plus fort pour la couronne de haut niveau.<\/p>\n<p>Tout ajout potentiel verra d\u00e9sormais que Villa a un plan concret en place pour l&#39;avenir, augmentant th\u00e9oriquement ses chances d&#39;\u00eatre propuls\u00e9 au niveau sup\u00e9rieur par un manager qui a remport\u00e9 11 pi\u00e8ces d&#39;argenterie au cours de sa carri\u00e8re de manager.<\/p>\n<\/div>\n<p><script async src=\"https:\/\/platform.twitter.com\/widgets.js\" charset=\"utf-8\"><\/script><\/p>\n","protected":false},"excerpt":{"rendered":"<p>Aston Villa annonce que l&#39;entra\u00eeneur-chef Unai Emery a sign\u00e9 un nouveau contrat \u00e0 long terme. Aston Villa ont annonc\u00e9 que l&#39;entra\u00eeneur-chef Unai Emery a sign\u00e9<\/p>\n","protected":false},"author":1,"featured_media":9279,"comment_status":"closed","ping_status":"","sticky":false,"template":"","format":"standard","meta":{"footnotes":""},"categories":[5],"tags":[1641,369,1218,641,1827,199,51,1828,640,370],"yoast_head":"<!-- This site is optimized with the Yoast SEO plugin v21.0 - https:\/\/yoast.com\/wordpress\/plugins\/seo\/ -->\n<title>Aston Villa annonce un nouveau contrat \u00e0 long terme pour Unai Emery<\/title>\n<meta name=\"robots\" content=\"index, follow, max-snippet:-1, max-image-preview:large, max-video-preview:-1\" \/>\n<link rel=\"canonical\" href=\"https:\/\/footdavant.fr\/actualites\/aston-villa-annonce-un-nouveau-contrat-a-long-terme-pour-unai-emery-2\/\" \/>\n<meta property=\"og:locale\" content=\"fr_FR\" \/>\n<meta property=\"og:type\" content=\"article\" \/>\n<meta property=\"og:title\" content=\"Aston Villa annonce un nouveau contrat \u00e0 long terme pour Unai Emery\" \/>\n<meta property=\"og:description\" content=\"Aston Villa annonce que l&#039;entra\u00eeneur-chef Unai Emery a sign\u00e9 un nouveau contrat \u00e0 long terme. Aston Villa ont annonc\u00e9 que l&#039;entra\u00eeneur-chef Unai Emery a sign\u00e9\" \/>\n<meta property=\"og:url\" content=\"https:\/\/footdavant.fr\/actualites\/aston-villa-annonce-un-nouveau-contrat-a-long-terme-pour-unai-emery-2\/\" \/>\n<meta property=\"og:site_name\" content=\"Foot d&#039;avant\" \/>\n<meta property=\"article:publisher\" content=\"https:\/\/www.facebook.com\/Footdavant\/\" \/>\n<meta property=\"article:published_time\" content=\"2024-05-29T16:48:30+00:00\" \/>\n<meta property=\"article:modified_time\" content=\"2024-05-29T16:48:31+00:00\" \/>\n<meta property=\"og:image\" content=\"https:\/\/footdavant.fr\/actualites\/wp-content\/uploads\/2024\/05\/Aston-Villa-annonce-un-nouveau-contrat-a-long-terme-pour.JPG\" \/>\n\t<meta property=\"og:image:width\" content=\"640\" \/>\n\t<meta property=\"og:image:height\" content=\"480\" \/>\n\t<meta property=\"og:image:type\" content=\"image\/jpeg\" \/>\n<meta name=\"author\" content=\"Cl\u00e9ment\" \/>\n<meta name=\"twitter:card\" content=\"summary_large_image\" \/>\n<meta name=\"twitter:creator\" content=\"@FootdavantFr\" \/>\n<meta name=\"twitter:site\" content=\"@FootdavantFr\" \/>\n<meta name=\"twitter:label1\" content=\"\u00c9crit par\" \/>\n\t<meta name=\"twitter:data1\" content=\"Cl\u00e9ment\" \/>\n\t<meta name=\"twitter:label2\" content=\"Dur\u00e9e de lecture estim\u00e9e\" \/>\n\t<meta name=\"twitter:data2\" content=\"3 minutes\" \/>\n<script type=\"application\/ld+json\" class=\"yoast-schema-graph\">{\"@context\":\"https:\/\/schema.org\",\"@graph\":[{\"@type\":\"Article\",\"@id\":\"https:\/\/footdavant.fr\/actualites\/aston-villa-annonce-un-nouveau-contrat-a-long-terme-pour-unai-emery-2\/#article\",\"isPartOf\":{\"@id\":\"https:\/\/footdavant.fr\/actualites\/aston-villa-annonce-un-nouveau-contrat-a-long-terme-pour-unai-emery-2\/\"},\"author\":{\"name\":\"Cl\u00e9ment\",\"@id\":\"https:\/\/footdavant.fr\/actualites\/#\/schema\/person\/bc222566d95871b37e597b3ed3ba5e1d\"},\"headline\":\"Aston Villa annonce un nouveau contrat \u00e0 long terme pour Unai Emery\",\"datePublished\":\"2024-05-29T16:48:30+00:00\",\"dateModified\":\"2024-05-29T16:48:31+00:00\",\"mainEntityOfPage\":{\"@id\":\"https:\/\/footdavant.fr\/actualites\/aston-villa-annonce-un-nouveau-contrat-a-long-terme-pour-unai-emery-2\/\"},\"wordCount\":519,\"publisher\":{\"@id\":\"https:\/\/footdavant.fr\/actualites\/#organization\"},\"keywords\":[\"annonce\",\"Aston\",\"contrat\",\"Emery\",\"long\",\"nouveau\",\"pour\",\"terme\",\"Unai\",\"Villa\"],\"articleSection\":[\"Premier League\"],\"inLanguage\":\"fr-FR\"},{\"@type\":\"WebPage\",\"@id\":\"https:\/\/footdavant.fr\/actualites\/aston-villa-annonce-un-nouveau-contrat-a-long-terme-pour-unai-emery-2\/\",\"url\":\"https:\/\/footdavant.fr\/actualites\/aston-villa-annonce-un-nouveau-contrat-a-long-terme-pour-unai-emery-2\/\",\"name\":\"Aston Villa annonce un nouveau contrat \u00e0 long terme pour Unai Emery\",\"isPartOf\":{\"@id\":\"https:\/\/footdavant.fr\/actualites\/#website\"},\"datePublished\":\"2024-05-29T16:48:30+00:00\",\"dateModified\":\"2024-05-29T16:48:31+00:00\",\"breadcrumb\":{\"@id\":\"https:\/\/footdavant.fr\/actualites\/aston-villa-annonce-un-nouveau-contrat-a-long-terme-pour-unai-emery-2\/#breadcrumb\"},\"inLanguage\":\"fr-FR\",\"potentialAction\":[{\"@type\":\"ReadAction\",\"target\":[\"https:\/\/footdavant.fr\/actualites\/aston-villa-annonce-un-nouveau-contrat-a-long-terme-pour-unai-emery-2\/\"]}]},{\"@type\":\"BreadcrumbList\",\"@id\":\"https:\/\/footdavant.fr\/actualites\/aston-villa-annonce-un-nouveau-contrat-a-long-terme-pour-unai-emery-2\/#breadcrumb\",\"itemListElement\":[{\"@type\":\"ListItem\",\"position\":1,\"name\":\"Accueil\",\"item\":\"https:\/\/footdavant.fr\/actualites\/\"},{\"@type\":\"ListItem\",\"position\":2,\"name\":\"Aston Villa annonce un nouveau contrat \u00e0 long terme pour Unai Emery\"}]},{\"@type\":\"WebSite\",\"@id\":\"https:\/\/footdavant.fr\/actualites\/#website\",\"url\":\"https:\/\/footdavant.fr\/actualites\/\",\"name\":\"Foot d'avant\",\"description\":\"\",\"publisher\":{\"@id\":\"https:\/\/footdavant.fr\/actualites\/#organization\"},\"potentialAction\":[{\"@type\":\"SearchAction\",\"target\":{\"@type\":\"EntryPoint\",\"urlTemplate\":\"https:\/\/footdavant.fr\/actualites\/?s={search_term_string}\"},\"query-input\":\"required name=search_term_string\"}],\"inLanguage\":\"fr-FR\"},{\"@type\":\"Organization\",\"@id\":\"https:\/\/footdavant.fr\/actualites\/#organization\",\"name\":\"Foot d'avant\",\"url\":\"https:\/\/footdavant.fr\/actualites\/\",\"logo\":{\"@type\":\"ImageObject\",\"inLanguage\":\"fr-FR\",\"@id\":\"https:\/\/footdavant.fr\/actualites\/#\/schema\/logo\/image\/\",\"url\":\"https:\/\/footdavant.fr\/actualites\/wp-content\/uploads\/2023\/09\/Copy-of-FootDavant-Logo.png\",\"contentUrl\":\"https:\/\/footdavant.fr\/actualites\/wp-content\/uploads\/2023\/09\/Copy-of-FootDavant-Logo.png\",\"width\":936,\"height\":549,\"caption\":\"Foot d'avant\"},\"image\":{\"@id\":\"https:\/\/footdavant.fr\/actualites\/#\/schema\/logo\/image\/\"},\"sameAs\":[\"https:\/\/www.facebook.com\/Footdavant\/\",\"https:\/\/twitter.com\/FootdavantFr\",\"https:\/\/www.instagram.com\/footdavant.fr\/\"]},{\"@type\":\"Person\",\"@id\":\"https:\/\/footdavant.fr\/actualites\/#\/schema\/person\/bc222566d95871b37e597b3ed3ba5e1d\",\"name\":\"Cl\u00e9ment\",\"image\":{\"@type\":\"ImageObject\",\"inLanguage\":\"fr-FR\",\"@id\":\"https:\/\/footdavant.fr\/actualites\/#\/schema\/person\/image\/\",\"url\":\"https:\/\/secure.gravatar.com\/avatar\/7728b29aac2719421e1a9159b2254c44?s=96&d=mm&r=g\",\"contentUrl\":\"https:\/\/secure.gravatar.com\/avatar\/7728b29aac2719421e1a9159b2254c44?s=96&d=mm&r=g\",\"caption\":\"Cl\u00e9ment\"},\"sameAs\":[\"https:\/\/footdavant.fr\/\"]}]}<\/script>\n<!-- \/ Yoast SEO plugin. -->","yoast_head_json":{"title":"Aston Villa annonce un nouveau contrat \u00e0 long terme pour Unai Emery","robots":{"index":"index","follow":"follow","max-snippet":"max-snippet:-1","max-image-preview":"max-image-preview:large","max-video-preview":"max-video-preview:-1"},"canonical":"https:\/\/footdavant.fr\/actualites\/aston-villa-annonce-un-nouveau-contrat-a-long-terme-pour-unai-emery-2\/","og_locale":"fr_FR","og_type":"article","og_title":"Aston Villa annonce un nouveau contrat \u00e0 long terme pour Unai Emery","og_description":"Aston Villa annonce que l&#39;entra\u00eeneur-chef Unai Emery a sign\u00e9 un nouveau contrat \u00e0 long terme. Aston Villa ont annonc\u00e9 que l&#39;entra\u00eeneur-chef Unai Emery a sign\u00e9","og_url":"https:\/\/footdavant.fr\/actualites\/aston-villa-annonce-un-nouveau-contrat-a-long-terme-pour-unai-emery-2\/","og_site_name":"Foot d&#039;avant","article_publisher":"https:\/\/www.facebook.com\/Footdavant\/","article_published_time":"2024-05-29T16:48:30+00:00","article_modified_time":"2024-05-29T16:48:31+00:00","og_image":[{"width":640,"height":480,"url":"https:\/\/footdavant.fr\/actualites\/wp-content\/uploads\/2024\/05\/Aston-Villa-annonce-un-nouveau-contrat-a-long-terme-pour.JPG","type":"image\/jpeg"}],"author":"Cl\u00e9ment","twitter_card":"summary_large_image","twitter_creator":"@FootdavantFr","twitter_site":"@FootdavantFr","twitter_misc":{"\u00c9crit par":"Cl\u00e9ment","Dur\u00e9e de lecture estim\u00e9e":"3 minutes"},"schema":{"@context":"https:\/\/schema.org","@graph":[{"@type":"Article","@id":"https:\/\/footdavant.fr\/actualites\/aston-villa-annonce-un-nouveau-contrat-a-long-terme-pour-unai-emery-2\/#article","isPartOf":{"@id":"https:\/\/footdavant.fr\/actualites\/aston-villa-annonce-un-nouveau-contrat-a-long-terme-pour-unai-emery-2\/"},"author":{"name":"Cl\u00e9ment","@id":"https:\/\/footdavant.fr\/actualites\/#\/schema\/person\/bc222566d95871b37e597b3ed3ba5e1d"},"headline":"Aston Villa annonce un nouveau contrat \u00e0 long terme pour Unai Emery","datePublished":"2024-05-29T16:48:30+00:00","dateModified":"2024-05-29T16:48:31+00:00","mainEntityOfPage":{"@id":"https:\/\/footdavant.fr\/actualites\/aston-villa-annonce-un-nouveau-contrat-a-long-terme-pour-unai-emery-2\/"},"wordCount":519,"publisher":{"@id":"https:\/\/footdavant.fr\/actualites\/#organization"},"keywords":["annonce","Aston","contrat","Emery","long","nouveau","pour","terme","Unai","Villa"],"articleSection":["Premier League"],"inLanguage":"fr-FR"},{"@type":"WebPage","@id":"https:\/\/footdavant.fr\/actualites\/aston-villa-annonce-un-nouveau-contrat-a-long-terme-pour-unai-emery-2\/","url":"https:\/\/footdavant.fr\/actualites\/aston-villa-annonce-un-nouveau-contrat-a-long-terme-pour-unai-emery-2\/","name":"Aston Villa annonce un nouveau contrat \u00e0 long terme pour Unai Emery","isPartOf":{"@id":"https:\/\/footdavant.fr\/actualites\/#website"},"datePublished":"2024-05-29T16:48:30+00:00","dateModified":"2024-05-29T16:48:31+00:00","breadcrumb":{"@id":"https:\/\/footdavant.fr\/actualites\/aston-villa-annonce-un-nouveau-contrat-a-long-terme-pour-unai-emery-2\/#breadcrumb"},"inLanguage":"fr-FR","potentialAction":[{"@type":"ReadAction","target":["https:\/\/footdavant.fr\/actualites\/aston-villa-annonce-un-nouveau-contrat-a-long-terme-pour-unai-emery-2\/"]}]},{"@type":"BreadcrumbList","@id":"https:\/\/footdavant.fr\/actualites\/aston-villa-annonce-un-nouveau-contrat-a-long-terme-pour-unai-emery-2\/#breadcrumb","itemListElement":[{"@type":"ListItem","position":1,"name":"Accueil","item":"https:\/\/footdavant.fr\/actualites\/"},{"@type":"ListItem","position":2,"name":"Aston Villa annonce un nouveau contrat \u00e0 long terme pour Unai Emery"}]},{"@type":"WebSite","@id":"https:\/\/footdavant.fr\/actualites\/#website","url":"https:\/\/footdavant.fr\/actualites\/","name":"Foot d'avant","description":"","publisher":{"@id":"https:\/\/footdavant.fr\/actualites\/#organization"},"potentialAction":[{"@type":"SearchAction","target":{"@type":"EntryPoint","urlTemplate":"https:\/\/footdavant.fr\/actualites\/?s={search_term_string}"},"query-input":"required name=search_term_string"}],"inLanguage":"fr-FR"},{"@type":"Organization","@id":"https:\/\/footdavant.fr\/actualites\/#organization","name":"Foot d'avant","url":"https:\/\/footdavant.fr\/actualites\/","logo":{"@type":"ImageObject","inLanguage":"fr-FR","@id":"https:\/\/footdavant.fr\/actualites\/#\/schema\/logo\/image\/","url":"https:\/\/footdavant.fr\/actualites\/wp-content\/uploads\/2023\/09\/Copy-of-FootDavant-Logo.png","contentUrl":"https:\/\/footdavant.fr\/actualites\/wp-content\/uploads\/2023\/09\/Copy-of-FootDavant-Logo.png","width":936,"height":549,"caption":"Foot d'avant"},"image":{"@id":"https:\/\/footdavant.fr\/actualites\/#\/schema\/logo\/image\/"},"sameAs":["https:\/\/www.facebook.com\/Footdavant\/","https:\/\/twitter.com\/FootdavantFr","https:\/\/www.instagram.com\/footdavant.fr\/"]},{"@type":"Person","@id":"https:\/\/footdavant.fr\/actualites\/#\/schema\/person\/bc222566d95871b37e597b3ed3ba5e1d","name":"Cl\u00e9ment","image":{"@type":"ImageObject","inLanguage":"fr-FR","@id":"https:\/\/footdavant.fr\/actualites\/#\/schema\/person\/image\/","url":"https:\/\/secure.gravatar.com\/avatar\/7728b29aac2719421e1a9159b2254c44?s=96&d=mm&r=g","contentUrl":"https:\/\/secure.gravatar.com\/avatar\/7728b29aac2719421e1a9159b2254c44?s=96&d=mm&r=g","caption":"Cl\u00e9ment"},"sameAs":["https:\/\/footdavant.fr\/"]}]}},"_links":{"self":[{"href":"https:\/\/footdavant.fr\/actualites\/wp-json\/wp\/v2\/posts\/9290"}],"collection":[{"href":"https:\/\/footdavant.fr\/actualites\/wp-json\/wp\/v2\/posts"}],"about":[{"href":"https:\/\/footdavant.fr\/actualites\/wp-json\/wp\/v2\/types\/post"}],"author":[{"embeddable":true,"href":"https:\/\/footdavant.fr\/actualites\/wp-json\/wp\/v2\/users\/1"}],"replies":[{"embeddable":true,"href":"https:\/\/footdavant.fr\/actualites\/wp-json\/wp\/v2\/comments?post=9290"}],"version-history":[{"count":1,"href":"https:\/\/footdavant.fr\/actualites\/wp-json\/wp\/v2\/posts\/9290\/revisions"}],"predecessor-version":[{"id":9291,"href":"https:\/\/footdavant.fr\/actualites\/wp-json\/wp\/v2\/posts\/9290\/revisions\/9291"}],"wp:featuredmedia":[{"embeddable":true,"href":"https:\/\/footdavant.fr\/actualites\/wp-json\/wp\/v2\/media\/9279"}],"wp:attachment":[{"href":"https:\/\/footdavant.fr\/actualites\/wp-json\/wp\/v2\/media?parent=9290"}],"wp:term":[{"taxonomy":"category","embeddable":true,"href":"https:\/\/footdavant.fr\/actualites\/wp-json\/wp\/v2\/categories?post=9290"},{"taxonomy":"post_tag","embeddable":true,"href":"https:\/\/footdavant.fr\/actualites\/wp-json\/wp\/v2\/tags?post=9290"}],"curies":[{"name":"wp","href":"https:\/\/api.w.org\/{rel}","templated":true}]}}