{"id":9292,"date":"2024-05-29T20:48:30","date_gmt":"2024-05-29T18:48:30","guid":{"rendered":"https:\/\/footdavant.fr\/actualites\/steven-gerrard-revele-pourquoi-il-a-accepte-le-poste-dal-ettifaq\/"},"modified":"2024-05-29T20:48:31","modified_gmt":"2024-05-29T18:48:31","slug":"steven-gerrard-revele-pourquoi-il-a-accepte-le-poste-dal-ettifaq","status":"publish","type":"post","link":"https:\/\/footdavant.fr\/actualites\/steven-gerrard-revele-pourquoi-il-a-accepte-le-poste-dal-ettifaq\/","title":{"rendered":"Steven Gerrard r\u00e9v\u00e8le pourquoi il a accept\u00e9 le poste d&#39;Al-Ettifaq"},"content":{"rendered":"<div>\n<p>Steven Gerrard dit avoir demand\u00e9 conseil \u00e0 Sir Alex Ferguson apr\u00e8s avoir \u00e9t\u00e9 limog\u00e9 par Aston Villa et avant d&#39;accepter le poste d&#39;Al-Ettifaq en Arabie Saoudite.<\/p>\n<p>L&#39;ancien milieu de terrain de Liverpool et de l&#39;Angleterre s&#39;est rendu au Moyen-Orient l&#39;ann\u00e9e derni\u00e8re apr\u00e8s avoir dirig\u00e9 Aston Villa et les Rangers, mais n&#39;a pas r\u00e9ussi \u00e0 avoir un impact dramatique.<\/p>\n<p>Son arriv\u00e9e a suscit\u00e9 des r\u00e9actions mitig\u00e9es de la part des fans, qui ont imm\u00e9diatement suppos\u00e9 que le joueur de 43 ans avait accept\u00e9 le poste en Saudi Pro League pour l&#39;argent.<\/p>\n<p>Mais pour la premi\u00e8re fois depuis pr\u00e8s d\u2019un an, Gerrard a expliqu\u00e9 pourquoi il avait franchi cette \u00e9tape controvers\u00e9e dans sa carri\u00e8re.<\/p>\n<p>S\u2019adressant exclusivement au Times, il a d\u00e9clar\u00e9 : \u00ab J\u2019\u00e9tais en s\u00e9curit\u00e9 financi\u00e8re il y a longtemps.<\/p>\n<p>\u00ab Donc, je ne viendrais pas en Arabie saoudite pour de l\u2019argent.  Est-ce que \u00e7a en faisait partie ?  Oui.  \u00c9tait-ce la seule chose qui m&#39;a pouss\u00e9 \u00e0 le faire ?  Un million pour cent, non.<\/p>\n<blockquote class=\"twitter-tweet\">\n<p dir=\"ltr\" lang=\"en\">Steven Gerrard dit qu&#39;il est all\u00e9 voir l&#39;ancien manager de Manchester United, Sir Alex Ferguson, apr\u00e8s avoir \u00e9t\u00e9 limog\u00e9 par Aston Villa \u2b07\ufe0f <a rel=\"nofollow\" href=\"https:\/\/t.co\/t5XiyrCYEC\">pic.twitter.com\/t5XiyrCYEC<\/a><\/p>\n<p>\u2013 Actualit\u00e9s Sky Sports (@SkySportsNews) <a rel=\"nofollow\" href=\"https:\/\/twitter.com\/SkySportsNews\/status\/1795787249193210212?ref_src=twsrc%5Etfw\" rel=\"noopener\">29 mai 2024<\/a><\/p>\n<\/blockquote>\n<p>\u00abJe ne voulais pas me lancer dans quelque chose qui ne me semblait pas bien et prendre un risque inutile alors que je suis un jeune entra\u00eeneur.<\/p>\n<p>\u00ab J&#39;ai eu du succ\u00e8s jusqu&#39;\u00e0 un certain point.  En fait, j\u2019ai senti que ma propre performance \u00e0 Villa \u00e9tait vraiment bonne.  En fait, j&#39;avais l&#39;impression d&#39;\u00eatre pass\u00e9 au niveau sup\u00e9rieur par rapport \u00e0 ce que j&#39;avais appris des Rangers.  J&#39;avais l&#39;impression d&#39;avoir grandi.<\/p>\n<p>\u00ab Mais nous avons eu une mauvaise s\u00e9rie de r\u00e9sultats.  Je dois en \u00eatre propri\u00e9taire et en assumer l\u2019enti\u00e8re responsabilit\u00e9.<\/p>\n<p>\u00ab Je dois apprendre de mes erreurs.  Peut-\u00eatre faire les choses l\u00e9g\u00e8rement diff\u00e9remment et grandir et \u00e9voluer.  C\u2019est la seule fa\u00e7on de surmonter un revers ou un coup dur.<\/p>\n<p>L&#39;interview r\u00e9v\u00e8le que le limogeage de Gerrard d&#39;Aston Villa l&#39;a durement touch\u00e9.<\/p>\n<p>Il a \u00e9t\u00e9 \u00e0 la t\u00eate de Villa Park pendant un peu moins d&#39;un an et cela a repr\u00e9sent\u00e9 le premier v\u00e9ritable revers majeur de sa carri\u00e8re de manager.<\/p>\n<blockquote class=\"twitter-tweet\">\n<p dir=\"ltr\" lang=\"en\">\ud83c\udff4\udb40\udc67\udb40\udc62\udb40\udc65\udb40\udc6e\udb40\udc67\udb40\udc7f\ud83d\udde3\ufe0f Steven Gerrard : \u00ab Je ne viendrais pas en Arabie Saoudite pour de l&#39;argent.  Est-ce que \u00e7a en faisait partie ?  Oui.  \u00c9tait-ce la seule chose qui m&#39;a pouss\u00e9 \u00e0 le faire ?  Un million pour cent, non.  (<a rel=\"nofollow\" href=\"https:\/\/twitter.com\/TeleFootball?ref_src=twsrc%5Etfw\" rel=\"noopener\">@T\u00e9l\u00e9Football<\/a>) <a rel=\"nofollow\" href=\"https:\/\/t.co\/mL5WQPBSPZ\">pic.twitter.com\/mL5WQPBSPZ<\/a><\/p>\n<p>\u2013 EuroFoot (@eurofootcom) <a rel=\"nofollow\" href=\"https:\/\/twitter.com\/eurofootcom\/status\/1795769701420970306?ref_src=twsrc%5Etfw\" rel=\"noopener\">29 mai 2024<\/a><\/p>\n<\/blockquote>\n<p>En tant que joueur, le maestro du milieu de terrain a toujours excell\u00e9 et remport\u00e9 la Ligue des champions, mais il p\u00eachait maintenant dans un lac diff\u00e9rent et, par cons\u00e9quent, il a demand\u00e9 conseil \u00e0 la l\u00e9gende qu&#39;est Sir Alex apr\u00e8s avoir re\u00e7u le coup.<\/p>\n<p>Il a ajout\u00e9 : \u00ab Cela a un peu \u00e9branl\u00e9 ma confiance.  Cela fait.  J\u2019en ai parl\u00e9 \u00e0 beaucoup de managers \u00e0 ce sujet.<\/p>\n<p>\u00ab\u00a0Je suis all\u00e9 voir Alex Ferguson pendant quelques heures et il m&#39;a dit &#39;prends ton temps, ne te lance pas dans quoi que ce soit&#39;.  Prenez votre temps, traitez-le, analysez-le.<\/p>\n<p>\u00ab Et c\u2019est ce que j\u2019ai fait.  Mais cela n\u2019a pas affect\u00e9 mon ambition.<\/p>\n<p>Ce fut un d\u00e9but difficile dans la vie \u00e0 Al-Ettifaq.  Gerrard a connu une s\u00e9rie de neuf matches sans victoire au cours de la campagne 2023-24, mais il a finalement r\u00e9ussi \u00e0 faire bouger les choses.<\/p>\n<p>L&#39;\u00e9quipe saoudienne a termin\u00e9 sixi\u00e8me du classement, remportant 12 matchs, faisant 12 nuls et perdant 10.<\/p>\n<p>Dessiner autant de matches sera encourageant pour Gerrard et cela repr\u00e9sente une opportunit\u00e9 la saison prochaine de r\u00e9colter plus de points avec quelques ajustements.<\/p>\n<p>C&#39;est son objectif et il a insist\u00e9 sur le fait qu&#39;il n&#39;occuperait pas ce poste s&#39;il ne le prenait pas au s\u00e9rieux.<\/p>\n<p>\u00ab Faites-moi confiance, je ne serais pas l\u00e0 si je ne prenais pas \u00e7a au s\u00e9rieux.  Je prends le football au s\u00e9rieux.  Toujours avoir.<\/p>\n<p>\u00ab Et en m\u00eame temps, je ne manquerai jamais de respect \u00e0 une personne ou \u00e0 une organisation en prenant une d\u00e9cision alors que je ne suis pas pr\u00eat. \u00bb<\/p>\n<\/p><\/div>\n<p><script async src=\"https:\/\/platform.twitter.com\/widgets.js\" charset=\"utf-8\"><\/script><\/p>\n","protected":false},"excerpt":{"rendered":"<p>Steven Gerrard dit avoir demand\u00e9 conseil \u00e0 Sir Alex Ferguson apr\u00e8s avoir \u00e9t\u00e9 limog\u00e9 par Aston Villa et avant d&#39;accepter le poste d&#39;Al-Ettifaq en Arabie<\/p>\n","protected":false},"author":1,"featured_media":9293,"comment_status":"closed","ping_status":"","sticky":false,"template":"","format":"standard","meta":{"footnotes":""},"categories":[3],"tags":[1111,5128,1234,140,610,415,5127],"yoast_head":"<!-- This site is optimized with the Yoast SEO plugin v21.0 - https:\/\/yoast.com\/wordpress\/plugins\/seo\/ -->\n<title>Steven Gerrard r\u00e9v\u00e8le pourquoi il a accept\u00e9 le poste d&#039;Al-Ettifaq<\/title>\n<meta name=\"robots\" content=\"index, follow, max-snippet:-1, max-image-preview:large, max-video-preview:-1\" \/>\n<link rel=\"canonical\" href=\"https:\/\/footdavant.fr\/actualites\/steven-gerrard-revele-pourquoi-il-a-accepte-le-poste-dal-ettifaq\/\" \/>\n<meta property=\"og:locale\" content=\"fr_FR\" \/>\n<meta property=\"og:type\" content=\"article\" \/>\n<meta property=\"og:title\" content=\"Steven Gerrard r\u00e9v\u00e8le pourquoi il a accept\u00e9 le poste d&#039;Al-Ettifaq\" \/>\n<meta property=\"og:description\" content=\"Steven Gerrard dit avoir demand\u00e9 conseil \u00e0 Sir Alex Ferguson apr\u00e8s avoir \u00e9t\u00e9 limog\u00e9 par Aston Villa et avant d&#039;accepter le poste d&#039;Al-Ettifaq en Arabie\" \/>\n<meta property=\"og:url\" content=\"https:\/\/footdavant.fr\/actualites\/steven-gerrard-revele-pourquoi-il-a-accepte-le-poste-dal-ettifaq\/\" \/>\n<meta property=\"og:site_name\" content=\"Foot d&#039;avant\" \/>\n<meta property=\"article:publisher\" content=\"https:\/\/www.facebook.com\/Footdavant\/\" \/>\n<meta property=\"article:published_time\" content=\"2024-05-29T18:48:30+00:00\" \/>\n<meta property=\"article:modified_time\" content=\"2024-05-29T18:48:31+00:00\" \/>\n<meta property=\"og:image\" content=\"https:\/\/footdavant.fr\/actualites\/wp-content\/uploads\/2024\/05\/Steven-Gerrard-revele-pourquoi-il-a-accepte-le-poste-d39Al-Ettifaq.jpg\" \/>\n\t<meta property=\"og:image:width\" content=\"1200\" \/>\n\t<meta property=\"og:image:height\" content=\"675\" \/>\n\t<meta property=\"og:image:type\" content=\"image\/jpeg\" \/>\n<meta name=\"author\" content=\"Cl\u00e9ment\" \/>\n<meta name=\"twitter:card\" content=\"summary_large_image\" \/>\n<meta name=\"twitter:creator\" content=\"@FootdavantFr\" \/>\n<meta name=\"twitter:site\" content=\"@FootdavantFr\" \/>\n<meta name=\"twitter:label1\" content=\"\u00c9crit par\" \/>\n\t<meta name=\"twitter:data1\" content=\"Cl\u00e9ment\" \/>\n\t<meta name=\"twitter:label2\" content=\"Dur\u00e9e de lecture estim\u00e9e\" \/>\n\t<meta name=\"twitter:data2\" content=\"4 minutes\" \/>\n<script type=\"application\/ld+json\" class=\"yoast-schema-graph\">{\"@context\":\"https:\/\/schema.org\",\"@graph\":[{\"@type\":\"Article\",\"@id\":\"https:\/\/footdavant.fr\/actualites\/steven-gerrard-revele-pourquoi-il-a-accepte-le-poste-dal-ettifaq\/#article\",\"isPartOf\":{\"@id\":\"https:\/\/footdavant.fr\/actualites\/steven-gerrard-revele-pourquoi-il-a-accepte-le-poste-dal-ettifaq\/\"},\"author\":{\"name\":\"Cl\u00e9ment\",\"@id\":\"https:\/\/footdavant.fr\/actualites\/#\/schema\/person\/bc222566d95871b37e597b3ed3ba5e1d\"},\"headline\":\"Steven Gerrard r\u00e9v\u00e8le pourquoi il a accept\u00e9 le poste d&#39;Al-Ettifaq\",\"datePublished\":\"2024-05-29T18:48:30+00:00\",\"dateModified\":\"2024-05-29T18:48:31+00:00\",\"mainEntityOfPage\":{\"@id\":\"https:\/\/footdavant.fr\/actualites\/steven-gerrard-revele-pourquoi-il-a-accepte-le-poste-dal-ettifaq\/\"},\"wordCount\":746,\"publisher\":{\"@id\":\"https:\/\/footdavant.fr\/actualites\/#organization\"},\"keywords\":[\"accepte\",\"d39AlEttifaq\",\"Gerrard\",\"poste\",\"Pourquoi\",\"r\u00e9v\u00e8le\",\"Steven\"],\"articleSection\":[\"Football\"],\"inLanguage\":\"fr-FR\"},{\"@type\":\"WebPage\",\"@id\":\"https:\/\/footdavant.fr\/actualites\/steven-gerrard-revele-pourquoi-il-a-accepte-le-poste-dal-ettifaq\/\",\"url\":\"https:\/\/footdavant.fr\/actualites\/steven-gerrard-revele-pourquoi-il-a-accepte-le-poste-dal-ettifaq\/\",\"name\":\"Steven Gerrard r\u00e9v\u00e8le pourquoi il a accept\u00e9 le poste d&#39;Al-Ettifaq\",\"isPartOf\":{\"@id\":\"https:\/\/footdavant.fr\/actualites\/#website\"},\"datePublished\":\"2024-05-29T18:48:30+00:00\",\"dateModified\":\"2024-05-29T18:48:31+00:00\",\"breadcrumb\":{\"@id\":\"https:\/\/footdavant.fr\/actualites\/steven-gerrard-revele-pourquoi-il-a-accepte-le-poste-dal-ettifaq\/#breadcrumb\"},\"inLanguage\":\"fr-FR\",\"potentialAction\":[{\"@type\":\"ReadAction\",\"target\":[\"https:\/\/footdavant.fr\/actualites\/steven-gerrard-revele-pourquoi-il-a-accepte-le-poste-dal-ettifaq\/\"]}]},{\"@type\":\"BreadcrumbList\",\"@id\":\"https:\/\/footdavant.fr\/actualites\/steven-gerrard-revele-pourquoi-il-a-accepte-le-poste-dal-ettifaq\/#breadcrumb\",\"itemListElement\":[{\"@type\":\"ListItem\",\"position\":1,\"name\":\"Accueil\",\"item\":\"https:\/\/footdavant.fr\/actualites\/\"},{\"@type\":\"ListItem\",\"position\":2,\"name\":\"Steven Gerrard r\u00e9v\u00e8le pourquoi il a accept\u00e9 le poste d&#39;Al-Ettifaq\"}]},{\"@type\":\"WebSite\",\"@id\":\"https:\/\/footdavant.fr\/actualites\/#website\",\"url\":\"https:\/\/footdavant.fr\/actualites\/\",\"name\":\"Foot d'avant\",\"description\":\"\",\"publisher\":{\"@id\":\"https:\/\/footdavant.fr\/actualites\/#organization\"},\"potentialAction\":[{\"@type\":\"SearchAction\",\"target\":{\"@type\":\"EntryPoint\",\"urlTemplate\":\"https:\/\/footdavant.fr\/actualites\/?s={search_term_string}\"},\"query-input\":\"required name=search_term_string\"}],\"inLanguage\":\"fr-FR\"},{\"@type\":\"Organization\",\"@id\":\"https:\/\/footdavant.fr\/actualites\/#organization\",\"name\":\"Foot d'avant\",\"url\":\"https:\/\/footdavant.fr\/actualites\/\",\"logo\":{\"@type\":\"ImageObject\",\"inLanguage\":\"fr-FR\",\"@id\":\"https:\/\/footdavant.fr\/actualites\/#\/schema\/logo\/image\/\",\"url\":\"https:\/\/footdavant.fr\/actualites\/wp-content\/uploads\/2023\/09\/Copy-of-FootDavant-Logo.png\",\"contentUrl\":\"https:\/\/footdavant.fr\/actualites\/wp-content\/uploads\/2023\/09\/Copy-of-FootDavant-Logo.png\",\"width\":936,\"height\":549,\"caption\":\"Foot d'avant\"},\"image\":{\"@id\":\"https:\/\/footdavant.fr\/actualites\/#\/schema\/logo\/image\/\"},\"sameAs\":[\"https:\/\/www.facebook.com\/Footdavant\/\",\"https:\/\/twitter.com\/FootdavantFr\",\"https:\/\/www.instagram.com\/footdavant.fr\/\"]},{\"@type\":\"Person\",\"@id\":\"https:\/\/footdavant.fr\/actualites\/#\/schema\/person\/bc222566d95871b37e597b3ed3ba5e1d\",\"name\":\"Cl\u00e9ment\",\"image\":{\"@type\":\"ImageObject\",\"inLanguage\":\"fr-FR\",\"@id\":\"https:\/\/footdavant.fr\/actualites\/#\/schema\/person\/image\/\",\"url\":\"https:\/\/secure.gravatar.com\/avatar\/7728b29aac2719421e1a9159b2254c44?s=96&d=mm&r=g\",\"contentUrl\":\"https:\/\/secure.gravatar.com\/avatar\/7728b29aac2719421e1a9159b2254c44?s=96&d=mm&r=g\",\"caption\":\"Cl\u00e9ment\"},\"sameAs\":[\"https:\/\/footdavant.fr\/\"]}]}<\/script>\n<!-- \/ Yoast SEO plugin. -->","yoast_head_json":{"title":"Steven Gerrard r\u00e9v\u00e8le pourquoi il a accept\u00e9 le poste d&#39;Al-Ettifaq","robots":{"index":"index","follow":"follow","max-snippet":"max-snippet:-1","max-image-preview":"max-image-preview:large","max-video-preview":"max-video-preview:-1"},"canonical":"https:\/\/footdavant.fr\/actualites\/steven-gerrard-revele-pourquoi-il-a-accepte-le-poste-dal-ettifaq\/","og_locale":"fr_FR","og_type":"article","og_title":"Steven Gerrard r\u00e9v\u00e8le pourquoi il a accept\u00e9 le poste d&#39;Al-Ettifaq","og_description":"Steven Gerrard dit avoir demand\u00e9 conseil \u00e0 Sir Alex Ferguson apr\u00e8s avoir \u00e9t\u00e9 limog\u00e9 par Aston Villa et avant d&#39;accepter le poste d&#39;Al-Ettifaq en Arabie","og_url":"https:\/\/footdavant.fr\/actualites\/steven-gerrard-revele-pourquoi-il-a-accepte-le-poste-dal-ettifaq\/","og_site_name":"Foot d&#039;avant","article_publisher":"https:\/\/www.facebook.com\/Footdavant\/","article_published_time":"2024-05-29T18:48:30+00:00","article_modified_time":"2024-05-29T18:48:31+00:00","og_image":[{"width":1200,"height":675,"url":"https:\/\/footdavant.fr\/actualites\/wp-content\/uploads\/2024\/05\/Steven-Gerrard-revele-pourquoi-il-a-accepte-le-poste-d39Al-Ettifaq.jpg","type":"image\/jpeg"}],"author":"Cl\u00e9ment","twitter_card":"summary_large_image","twitter_creator":"@FootdavantFr","twitter_site":"@FootdavantFr","twitter_misc":{"\u00c9crit par":"Cl\u00e9ment","Dur\u00e9e de lecture estim\u00e9e":"4 minutes"},"schema":{"@context":"https:\/\/schema.org","@graph":[{"@type":"Article","@id":"https:\/\/footdavant.fr\/actualites\/steven-gerrard-revele-pourquoi-il-a-accepte-le-poste-dal-ettifaq\/#article","isPartOf":{"@id":"https:\/\/footdavant.fr\/actualites\/steven-gerrard-revele-pourquoi-il-a-accepte-le-poste-dal-ettifaq\/"},"author":{"name":"Cl\u00e9ment","@id":"https:\/\/footdavant.fr\/actualites\/#\/schema\/person\/bc222566d95871b37e597b3ed3ba5e1d"},"headline":"Steven Gerrard r\u00e9v\u00e8le pourquoi il a accept\u00e9 le poste d&#39;Al-Ettifaq","datePublished":"2024-05-29T18:48:30+00:00","dateModified":"2024-05-29T18:48:31+00:00","mainEntityOfPage":{"@id":"https:\/\/footdavant.fr\/actualites\/steven-gerrard-revele-pourquoi-il-a-accepte-le-poste-dal-ettifaq\/"},"wordCount":746,"publisher":{"@id":"https:\/\/footdavant.fr\/actualites\/#organization"},"keywords":["accepte","d39AlEttifaq","Gerrard","poste","Pourquoi","r\u00e9v\u00e8le","Steven"],"articleSection":["Football"],"inLanguage":"fr-FR"},{"@type":"WebPage","@id":"https:\/\/footdavant.fr\/actualites\/steven-gerrard-revele-pourquoi-il-a-accepte-le-poste-dal-ettifaq\/","url":"https:\/\/footdavant.fr\/actualites\/steven-gerrard-revele-pourquoi-il-a-accepte-le-poste-dal-ettifaq\/","name":"Steven Gerrard r\u00e9v\u00e8le pourquoi il a accept\u00e9 le poste d&#39;Al-Ettifaq","isPartOf":{"@id":"https:\/\/footdavant.fr\/actualites\/#website"},"datePublished":"2024-05-29T18:48:30+00:00","dateModified":"2024-05-29T18:48:31+00:00","breadcrumb":{"@id":"https:\/\/footdavant.fr\/actualites\/steven-gerrard-revele-pourquoi-il-a-accepte-le-poste-dal-ettifaq\/#breadcrumb"},"inLanguage":"fr-FR","potentialAction":[{"@type":"ReadAction","target":["https:\/\/footdavant.fr\/actualites\/steven-gerrard-revele-pourquoi-il-a-accepte-le-poste-dal-ettifaq\/"]}]},{"@type":"BreadcrumbList","@id":"https:\/\/footdavant.fr\/actualites\/steven-gerrard-revele-pourquoi-il-a-accepte-le-poste-dal-ettifaq\/#breadcrumb","itemListElement":[{"@type":"ListItem","position":1,"name":"Accueil","item":"https:\/\/footdavant.fr\/actualites\/"},{"@type":"ListItem","position":2,"name":"Steven Gerrard r\u00e9v\u00e8le pourquoi il a accept\u00e9 le poste d&#39;Al-Ettifaq"}]},{"@type":"WebSite","@id":"https:\/\/footdavant.fr\/actualites\/#website","url":"https:\/\/footdavant.fr\/actualites\/","name":"Foot d'avant","description":"","publisher":{"@id":"https:\/\/footdavant.fr\/actualites\/#organization"},"potentialAction":[{"@type":"SearchAction","target":{"@type":"EntryPoint","urlTemplate":"https:\/\/footdavant.fr\/actualites\/?s={search_term_string}"},"query-input":"required name=search_term_string"}],"inLanguage":"fr-FR"},{"@type":"Organization","@id":"https:\/\/footdavant.fr\/actualites\/#organization","name":"Foot d'avant","url":"https:\/\/footdavant.fr\/actualites\/","logo":{"@type":"ImageObject","inLanguage":"fr-FR","@id":"https:\/\/footdavant.fr\/actualites\/#\/schema\/logo\/image\/","url":"https:\/\/footdavant.fr\/actualites\/wp-content\/uploads\/2023\/09\/Copy-of-FootDavant-Logo.png","contentUrl":"https:\/\/footdavant.fr\/actualites\/wp-content\/uploads\/2023\/09\/Copy-of-FootDavant-Logo.png","width":936,"height":549,"caption":"Foot d'avant"},"image":{"@id":"https:\/\/footdavant.fr\/actualites\/#\/schema\/logo\/image\/"},"sameAs":["https:\/\/www.facebook.com\/Footdavant\/","https:\/\/twitter.com\/FootdavantFr","https:\/\/www.instagram.com\/footdavant.fr\/"]},{"@type":"Person","@id":"https:\/\/footdavant.fr\/actualites\/#\/schema\/person\/bc222566d95871b37e597b3ed3ba5e1d","name":"Cl\u00e9ment","image":{"@type":"ImageObject","inLanguage":"fr-FR","@id":"https:\/\/footdavant.fr\/actualites\/#\/schema\/person\/image\/","url":"https:\/\/secure.gravatar.com\/avatar\/7728b29aac2719421e1a9159b2254c44?s=96&d=mm&r=g","contentUrl":"https:\/\/secure.gravatar.com\/avatar\/7728b29aac2719421e1a9159b2254c44?s=96&d=mm&r=g","caption":"Cl\u00e9ment"},"sameAs":["https:\/\/footdavant.fr\/"]}]}},"_links":{"self":[{"href":"https:\/\/footdavant.fr\/actualites\/wp-json\/wp\/v2\/posts\/9292"}],"collection":[{"href":"https:\/\/footdavant.fr\/actualites\/wp-json\/wp\/v2\/posts"}],"about":[{"href":"https:\/\/footdavant.fr\/actualites\/wp-json\/wp\/v2\/types\/post"}],"author":[{"embeddable":true,"href":"https:\/\/footdavant.fr\/actualites\/wp-json\/wp\/v2\/users\/1"}],"replies":[{"embeddable":true,"href":"https:\/\/footdavant.fr\/actualites\/wp-json\/wp\/v2\/comments?post=9292"}],"version-history":[{"count":1,"href":"https:\/\/footdavant.fr\/actualites\/wp-json\/wp\/v2\/posts\/9292\/revisions"}],"predecessor-version":[{"id":9294,"href":"https:\/\/footdavant.fr\/actualites\/wp-json\/wp\/v2\/posts\/9292\/revisions\/9294"}],"wp:featuredmedia":[{"embeddable":true,"href":"https:\/\/footdavant.fr\/actualites\/wp-json\/wp\/v2\/media\/9293"}],"wp:attachment":[{"href":"https:\/\/footdavant.fr\/actualites\/wp-json\/wp\/v2\/media?parent=9292"}],"wp:term":[{"taxonomy":"category","embeddable":true,"href":"https:\/\/footdavant.fr\/actualites\/wp-json\/wp\/v2\/categories?post=9292"},{"taxonomy":"post_tag","embeddable":true,"href":"https:\/\/footdavant.fr\/actualites\/wp-json\/wp\/v2\/tags?post=9292"}],"curies":[{"name":"wp","href":"https:\/\/api.w.org\/{rel}","templated":true}]}}