{"id":9295,"date":"2024-05-29T22:48:05","date_gmt":"2024-05-29T20:48:05","guid":{"rendered":"https:\/\/footdavant.fr\/actualites\/manchester-united-pourrait-etre-banni-de-la-ligue-europa-malgre-sa-victoire-en-fa-cup\/"},"modified":"2024-05-29T22:48:06","modified_gmt":"2024-05-29T20:48:06","slug":"manchester-united-pourrait-etre-banni-de-la-ligue-europa-malgre-sa-victoire-en-fa-cup","status":"publish","type":"post","link":"https:\/\/footdavant.fr\/actualites\/manchester-united-pourrait-etre-banni-de-la-ligue-europa-malgre-sa-victoire-en-fa-cup\/","title":{"rendered":"Manchester United \u00ab\u00a0pourrait \u00eatre banni de la Ligue Europa malgr\u00e9 sa victoire en FA Cup\u00a0\u00bb"},"content":{"rendered":"<p>Manchester United pourrait \u00eatre exclu de la comp\u00e9tition de Ligue Europa la saison prochaine, car l&#39;UEFA reste d\u00e9termin\u00e9e \u00e0 appliquer ses r\u00e9glementations sur la propri\u00e9t\u00e9 multi-clubs.<\/p>\n<div id=\"article_body\" itemprop=\"articleBody\">\n<h3 class=\"firstPara\">\n<strong class=\"autotag\">Manchester United<\/strong> peut potentiellement \u00eatre exclu du <strong class=\"autotag\">Ligue Europa<\/strong> comp\u00e9tition la saison prochaine alors que l&#39;UEFA reste d\u00e9termin\u00e9e \u00e0 appliquer ses r\u00e9glementations sur la propri\u00e9t\u00e9 multiclubs, selon un rapport.<\/h3>\n<p>United \u00e9tait sur le point de rater le football europ\u00e9en la saison prochaine apr\u00e8s avoir termin\u00e9 huiti\u00e8me du classement de la Premier League 2023-24, mais tout a chang\u00e9 lorsque <strong class=\"autotag\">Erik Ten Hag<\/strong>L&#39;\u00e9quipe de s&#39;est impos\u00e9e par surprise 2-1 contre Manchester City en <strong class=\"autotag\">Coupe d&#39;Angleterre<\/strong> finale samedi.<\/p>\n<p>Cependant, malgr\u00e9 leur triomphe, un d\u00e9tail technique pourrait encore emp\u00eacher les Diables Rouges de participer \u00e0 la deuxi\u00e8me plus grande comp\u00e9tition de clubs d&#39;Europe la saison prochaine. <\/p>\n<p>L&#39;UEFA a des r\u00e8gles strictes concernant la propri\u00e9t\u00e9 multiclubs, con\u00e7ues pour emp\u00eacher deux clubs appartenant \u00e0 la m\u00eame organisation de participer au m\u00eame tournoi.<\/p>\n<p class=\"imgI\">\n<h2 class=\"k3\">L&#39;UEFA va exclure Man United de la Ligue Europa en 2024-25<\/h2>\n<p>Monsieur <strong class=\"autotag\">Jim Ratcliffe<\/strong> est copropri\u00e9taire des Red Devils, et sa participation pourrait menacer les espoirs de United de concourir en Europe la saison prochaine. <\/p>\n<p>En plus de d\u00e9tenir une part de Man United, le milliardaire britannique poss\u00e8de \u00e9galement un club de Ligue 1 <strong class=\"autotag\">Bon<\/strong>qualifi\u00e9 pour la Ligue Europa 2024-25 en terminant cinqui\u00e8me de l&#39;\u00e9lite fran\u00e7aise cette saison.<\/p>\n<p>INEOS, de Ratcliffe, d\u00e9tient actuellement 27 % de United, mais pr\u00e9voit d&#39;investir 235 millions de livres sterling suppl\u00e9mentaires, ce qui porterait sa participation \u00e0 plus de 30 %.<\/p>\n<p>Selon le <em>Miroir<\/em>l&#39;UEFA n&#39;autorisera pas les \u00e9quipes dont les propri\u00e9taires contr\u00f4lent plus de 30 % de chaque club \u00e0 concourir dans la m\u00eame comp\u00e9tition.<\/p>\n<p class=\"imgI\"><img decoding=\"async\" loading=\"lazy\" class=\"l\" src=\"https:\/\/footdavant.fr\/actualites\/wp-content\/uploads\/2024\/05\/1717015685_898_Manchester-United-pourrait-etre-banni-de-la-Ligue-Europa-malgre.jpg\" title=\"Alejandro Garnacho de Manchester United c\u00e9l\u00e8bre son premier but le 25 mai 2024\" alt=\"Alejandro Garnacho de Manchester United c\u00e9l\u00e8bre son premier but le 25 mai 2024\" width=\"640\" height=\"480\"><\/p>\n<h2 class=\"k3\">Ratcliffe va-t-il retarder de nouveaux investissements dans Man United ?<\/h2>\n<p>Par cons\u00e9quent, \u00e0 moins que Ratcliffe ne trouve une solution pour respecter les directives de l&#39;UEFA, United ou Nice seront probablement rel\u00e9gu\u00e9s en Ligue Europa Conf\u00e9rence, la comp\u00e9tition de clubs de troisi\u00e8me niveau de l&#39;UEFA.<\/p>\n<p>En r\u00e8gle g\u00e9n\u00e9rale, Nice pourrait se voir accorder une place en Ligue Europa, apr\u00e8s avoir r\u00e9ussi \u00e0 obtenir un meilleur classement dans sa comp\u00e9tition de championnat national.  Cependant, le rapport ajoute que la victoire de United en FA Cup pourrait avoir la priorit\u00e9 et entra\u00eener la chute de Nice en Conference League.<\/p>\n<p>Une solution apparente serait que Ratcliffe et INEOS retardent l\u2019augmentation de leur investissement et de leur participation ult\u00e9rieure dans United jusqu\u2019apr\u00e8s la saison prochaine, ce qui permettrait aux deux clubs de concourir en Ligue Europa.<\/p>\n<p>Ce sc\u00e9nario semble cependant peu probable, \u00e9tant donn\u00e9 la priorit\u00e9 accord\u00e9e par INEOS \u00e0 son projet United ces derniers mois, comme en t\u00e9moigne la r\u00e9duction des investissements \u00e0 Nice.<\/p>\n<\/div>\n","protected":false},"excerpt":{"rendered":"<p>Manchester United pourrait \u00eatre exclu de la comp\u00e9tition de Ligue Europa la saison prochaine, car l&#39;UEFA reste d\u00e9termin\u00e9e \u00e0 appliquer ses r\u00e9glementations sur la propri\u00e9t\u00e9<\/p>\n","protected":false},"author":1,"featured_media":9296,"comment_status":"closed","ping_status":"","sticky":false,"template":"","format":"standard","meta":{"footnotes":""},"categories":[5],"tags":[5129,466,270,761,30,2520,11,269,13,26],"yoast_head":"<!-- This site is optimized with the Yoast SEO plugin v21.0 - https:\/\/yoast.com\/wordpress\/plugins\/seo\/ -->\n<title>Manchester United &quot;pourrait \u00eatre banni de la Ligue Europa malgr\u00e9 sa victoire en FA Cup&quot;<\/title>\n<meta name=\"robots\" content=\"index, follow, max-snippet:-1, max-image-preview:large, max-video-preview:-1\" \/>\n<link rel=\"canonical\" href=\"https:\/\/footdavant.fr\/actualites\/manchester-united-pourrait-etre-banni-de-la-ligue-europa-malgre-sa-victoire-en-fa-cup\/\" \/>\n<meta property=\"og:locale\" content=\"fr_FR\" \/>\n<meta property=\"og:type\" content=\"article\" \/>\n<meta property=\"og:title\" content=\"Manchester United &quot;pourrait \u00eatre banni de la Ligue Europa malgr\u00e9 sa victoire en FA Cup&quot;\" \/>\n<meta property=\"og:description\" content=\"Manchester United pourrait \u00eatre exclu de la comp\u00e9tition de Ligue Europa la saison prochaine, car l&#039;UEFA reste d\u00e9termin\u00e9e \u00e0 appliquer ses r\u00e9glementations sur la propri\u00e9t\u00e9\" \/>\n<meta property=\"og:url\" content=\"https:\/\/footdavant.fr\/actualites\/manchester-united-pourrait-etre-banni-de-la-ligue-europa-malgre-sa-victoire-en-fa-cup\/\" \/>\n<meta property=\"og:site_name\" content=\"Foot d&#039;avant\" \/>\n<meta property=\"article:publisher\" content=\"https:\/\/www.facebook.com\/Footdavant\/\" \/>\n<meta property=\"article:published_time\" content=\"2024-05-29T20:48:05+00:00\" \/>\n<meta property=\"article:modified_time\" content=\"2024-05-29T20:48:06+00:00\" \/>\n<meta property=\"og:image\" content=\"https:\/\/footdavant.fr\/actualites\/wp-content\/uploads\/2024\/05\/Manchester-United-pourrait-etre-banni-de-la-Ligue-Europa-malgre.jpg\" \/>\n\t<meta property=\"og:image:width\" content=\"640\" \/>\n\t<meta property=\"og:image:height\" content=\"480\" \/>\n\t<meta property=\"og:image:type\" content=\"image\/jpeg\" \/>\n<meta name=\"author\" content=\"Cl\u00e9ment\" \/>\n<meta name=\"twitter:card\" content=\"summary_large_image\" \/>\n<meta name=\"twitter:creator\" content=\"@FootdavantFr\" \/>\n<meta name=\"twitter:site\" content=\"@FootdavantFr\" \/>\n<meta name=\"twitter:label1\" content=\"\u00c9crit par\" \/>\n\t<meta name=\"twitter:data1\" content=\"Cl\u00e9ment\" \/>\n\t<meta name=\"twitter:label2\" content=\"Dur\u00e9e de lecture estim\u00e9e\" \/>\n\t<meta name=\"twitter:data2\" content=\"2 minutes\" \/>\n<script type=\"application\/ld+json\" class=\"yoast-schema-graph\">{\"@context\":\"https:\/\/schema.org\",\"@graph\":[{\"@type\":\"Article\",\"@id\":\"https:\/\/footdavant.fr\/actualites\/manchester-united-pourrait-etre-banni-de-la-ligue-europa-malgre-sa-victoire-en-fa-cup\/#article\",\"isPartOf\":{\"@id\":\"https:\/\/footdavant.fr\/actualites\/manchester-united-pourrait-etre-banni-de-la-ligue-europa-malgre-sa-victoire-en-fa-cup\/\"},\"author\":{\"name\":\"Cl\u00e9ment\",\"@id\":\"https:\/\/footdavant.fr\/actualites\/#\/schema\/person\/bc222566d95871b37e597b3ed3ba5e1d\"},\"headline\":\"Manchester United \u00ab\u00a0pourrait \u00eatre banni de la Ligue Europa malgr\u00e9 sa victoire en FA Cup\u00a0\u00bb\",\"datePublished\":\"2024-05-29T20:48:05+00:00\",\"dateModified\":\"2024-05-29T20:48:06+00:00\",\"mainEntityOfPage\":{\"@id\":\"https:\/\/footdavant.fr\/actualites\/manchester-united-pourrait-etre-banni-de-la-ligue-europa-malgre-sa-victoire-en-fa-cup\/\"},\"wordCount\":500,\"publisher\":{\"@id\":\"https:\/\/footdavant.fr\/actualites\/#organization\"},\"keywords\":[\"banni\",\"Cup\",\"\u00eatre\",\"Europa\",\"Ligue\",\"malgr\u00e9\",\"Manchester\",\"pourrait\",\"United\",\"victoire\"],\"articleSection\":[\"Premier League\"],\"inLanguage\":\"fr-FR\"},{\"@type\":\"WebPage\",\"@id\":\"https:\/\/footdavant.fr\/actualites\/manchester-united-pourrait-etre-banni-de-la-ligue-europa-malgre-sa-victoire-en-fa-cup\/\",\"url\":\"https:\/\/footdavant.fr\/actualites\/manchester-united-pourrait-etre-banni-de-la-ligue-europa-malgre-sa-victoire-en-fa-cup\/\",\"name\":\"Manchester United \\\"pourrait \u00eatre banni de la Ligue Europa malgr\u00e9 sa victoire en FA Cup\\\"\",\"isPartOf\":{\"@id\":\"https:\/\/footdavant.fr\/actualites\/#website\"},\"datePublished\":\"2024-05-29T20:48:05+00:00\",\"dateModified\":\"2024-05-29T20:48:06+00:00\",\"breadcrumb\":{\"@id\":\"https:\/\/footdavant.fr\/actualites\/manchester-united-pourrait-etre-banni-de-la-ligue-europa-malgre-sa-victoire-en-fa-cup\/#breadcrumb\"},\"inLanguage\":\"fr-FR\",\"potentialAction\":[{\"@type\":\"ReadAction\",\"target\":[\"https:\/\/footdavant.fr\/actualites\/manchester-united-pourrait-etre-banni-de-la-ligue-europa-malgre-sa-victoire-en-fa-cup\/\"]}]},{\"@type\":\"BreadcrumbList\",\"@id\":\"https:\/\/footdavant.fr\/actualites\/manchester-united-pourrait-etre-banni-de-la-ligue-europa-malgre-sa-victoire-en-fa-cup\/#breadcrumb\",\"itemListElement\":[{\"@type\":\"ListItem\",\"position\":1,\"name\":\"Accueil\",\"item\":\"https:\/\/footdavant.fr\/actualites\/\"},{\"@type\":\"ListItem\",\"position\":2,\"name\":\"Manchester United \u00ab\u00a0pourrait \u00eatre banni de la Ligue Europa malgr\u00e9 sa victoire en FA Cup\u00a0\u00bb\"}]},{\"@type\":\"WebSite\",\"@id\":\"https:\/\/footdavant.fr\/actualites\/#website\",\"url\":\"https:\/\/footdavant.fr\/actualites\/\",\"name\":\"Foot d'avant\",\"description\":\"\",\"publisher\":{\"@id\":\"https:\/\/footdavant.fr\/actualites\/#organization\"},\"potentialAction\":[{\"@type\":\"SearchAction\",\"target\":{\"@type\":\"EntryPoint\",\"urlTemplate\":\"https:\/\/footdavant.fr\/actualites\/?s={search_term_string}\"},\"query-input\":\"required name=search_term_string\"}],\"inLanguage\":\"fr-FR\"},{\"@type\":\"Organization\",\"@id\":\"https:\/\/footdavant.fr\/actualites\/#organization\",\"name\":\"Foot d'avant\",\"url\":\"https:\/\/footdavant.fr\/actualites\/\",\"logo\":{\"@type\":\"ImageObject\",\"inLanguage\":\"fr-FR\",\"@id\":\"https:\/\/footdavant.fr\/actualites\/#\/schema\/logo\/image\/\",\"url\":\"https:\/\/footdavant.fr\/actualites\/wp-content\/uploads\/2023\/09\/Copy-of-FootDavant-Logo.png\",\"contentUrl\":\"https:\/\/footdavant.fr\/actualites\/wp-content\/uploads\/2023\/09\/Copy-of-FootDavant-Logo.png\",\"width\":936,\"height\":549,\"caption\":\"Foot d'avant\"},\"image\":{\"@id\":\"https:\/\/footdavant.fr\/actualites\/#\/schema\/logo\/image\/\"},\"sameAs\":[\"https:\/\/www.facebook.com\/Footdavant\/\",\"https:\/\/twitter.com\/FootdavantFr\",\"https:\/\/www.instagram.com\/footdavant.fr\/\"]},{\"@type\":\"Person\",\"@id\":\"https:\/\/footdavant.fr\/actualites\/#\/schema\/person\/bc222566d95871b37e597b3ed3ba5e1d\",\"name\":\"Cl\u00e9ment\",\"image\":{\"@type\":\"ImageObject\",\"inLanguage\":\"fr-FR\",\"@id\":\"https:\/\/footdavant.fr\/actualites\/#\/schema\/person\/image\/\",\"url\":\"https:\/\/secure.gravatar.com\/avatar\/7728b29aac2719421e1a9159b2254c44?s=96&d=mm&r=g\",\"contentUrl\":\"https:\/\/secure.gravatar.com\/avatar\/7728b29aac2719421e1a9159b2254c44?s=96&d=mm&r=g\",\"caption\":\"Cl\u00e9ment\"},\"sameAs\":[\"https:\/\/footdavant.fr\/\"]}]}<\/script>\n<!-- \/ Yoast SEO plugin. -->","yoast_head_json":{"title":"Manchester United \"pourrait \u00eatre banni de la Ligue Europa malgr\u00e9 sa victoire en FA Cup\"","robots":{"index":"index","follow":"follow","max-snippet":"max-snippet:-1","max-image-preview":"max-image-preview:large","max-video-preview":"max-video-preview:-1"},"canonical":"https:\/\/footdavant.fr\/actualites\/manchester-united-pourrait-etre-banni-de-la-ligue-europa-malgre-sa-victoire-en-fa-cup\/","og_locale":"fr_FR","og_type":"article","og_title":"Manchester United \"pourrait \u00eatre banni de la Ligue Europa malgr\u00e9 sa victoire en FA Cup\"","og_description":"Manchester United pourrait \u00eatre exclu de la comp\u00e9tition de Ligue Europa la saison prochaine, car l&#39;UEFA reste d\u00e9termin\u00e9e \u00e0 appliquer ses r\u00e9glementations sur la propri\u00e9t\u00e9","og_url":"https:\/\/footdavant.fr\/actualites\/manchester-united-pourrait-etre-banni-de-la-ligue-europa-malgre-sa-victoire-en-fa-cup\/","og_site_name":"Foot d&#039;avant","article_publisher":"https:\/\/www.facebook.com\/Footdavant\/","article_published_time":"2024-05-29T20:48:05+00:00","article_modified_time":"2024-05-29T20:48:06+00:00","og_image":[{"width":640,"height":480,"url":"https:\/\/footdavant.fr\/actualites\/wp-content\/uploads\/2024\/05\/Manchester-United-pourrait-etre-banni-de-la-Ligue-Europa-malgre.jpg","type":"image\/jpeg"}],"author":"Cl\u00e9ment","twitter_card":"summary_large_image","twitter_creator":"@FootdavantFr","twitter_site":"@FootdavantFr","twitter_misc":{"\u00c9crit par":"Cl\u00e9ment","Dur\u00e9e de lecture estim\u00e9e":"2 minutes"},"schema":{"@context":"https:\/\/schema.org","@graph":[{"@type":"Article","@id":"https:\/\/footdavant.fr\/actualites\/manchester-united-pourrait-etre-banni-de-la-ligue-europa-malgre-sa-victoire-en-fa-cup\/#article","isPartOf":{"@id":"https:\/\/footdavant.fr\/actualites\/manchester-united-pourrait-etre-banni-de-la-ligue-europa-malgre-sa-victoire-en-fa-cup\/"},"author":{"name":"Cl\u00e9ment","@id":"https:\/\/footdavant.fr\/actualites\/#\/schema\/person\/bc222566d95871b37e597b3ed3ba5e1d"},"headline":"Manchester United \u00ab\u00a0pourrait \u00eatre banni de la Ligue Europa malgr\u00e9 sa victoire en FA Cup\u00a0\u00bb","datePublished":"2024-05-29T20:48:05+00:00","dateModified":"2024-05-29T20:48:06+00:00","mainEntityOfPage":{"@id":"https:\/\/footdavant.fr\/actualites\/manchester-united-pourrait-etre-banni-de-la-ligue-europa-malgre-sa-victoire-en-fa-cup\/"},"wordCount":500,"publisher":{"@id":"https:\/\/footdavant.fr\/actualites\/#organization"},"keywords":["banni","Cup","\u00eatre","Europa","Ligue","malgr\u00e9","Manchester","pourrait","United","victoire"],"articleSection":["Premier League"],"inLanguage":"fr-FR"},{"@type":"WebPage","@id":"https:\/\/footdavant.fr\/actualites\/manchester-united-pourrait-etre-banni-de-la-ligue-europa-malgre-sa-victoire-en-fa-cup\/","url":"https:\/\/footdavant.fr\/actualites\/manchester-united-pourrait-etre-banni-de-la-ligue-europa-malgre-sa-victoire-en-fa-cup\/","name":"Manchester United \"pourrait \u00eatre banni de la Ligue Europa malgr\u00e9 sa victoire en FA Cup\"","isPartOf":{"@id":"https:\/\/footdavant.fr\/actualites\/#website"},"datePublished":"2024-05-29T20:48:05+00:00","dateModified":"2024-05-29T20:48:06+00:00","breadcrumb":{"@id":"https:\/\/footdavant.fr\/actualites\/manchester-united-pourrait-etre-banni-de-la-ligue-europa-malgre-sa-victoire-en-fa-cup\/#breadcrumb"},"inLanguage":"fr-FR","potentialAction":[{"@type":"ReadAction","target":["https:\/\/footdavant.fr\/actualites\/manchester-united-pourrait-etre-banni-de-la-ligue-europa-malgre-sa-victoire-en-fa-cup\/"]}]},{"@type":"BreadcrumbList","@id":"https:\/\/footdavant.fr\/actualites\/manchester-united-pourrait-etre-banni-de-la-ligue-europa-malgre-sa-victoire-en-fa-cup\/#breadcrumb","itemListElement":[{"@type":"ListItem","position":1,"name":"Accueil","item":"https:\/\/footdavant.fr\/actualites\/"},{"@type":"ListItem","position":2,"name":"Manchester United \u00ab\u00a0pourrait \u00eatre banni de la Ligue Europa malgr\u00e9 sa victoire en FA Cup\u00a0\u00bb"}]},{"@type":"WebSite","@id":"https:\/\/footdavant.fr\/actualites\/#website","url":"https:\/\/footdavant.fr\/actualites\/","name":"Foot d'avant","description":"","publisher":{"@id":"https:\/\/footdavant.fr\/actualites\/#organization"},"potentialAction":[{"@type":"SearchAction","target":{"@type":"EntryPoint","urlTemplate":"https:\/\/footdavant.fr\/actualites\/?s={search_term_string}"},"query-input":"required name=search_term_string"}],"inLanguage":"fr-FR"},{"@type":"Organization","@id":"https:\/\/footdavant.fr\/actualites\/#organization","name":"Foot d'avant","url":"https:\/\/footdavant.fr\/actualites\/","logo":{"@type":"ImageObject","inLanguage":"fr-FR","@id":"https:\/\/footdavant.fr\/actualites\/#\/schema\/logo\/image\/","url":"https:\/\/footdavant.fr\/actualites\/wp-content\/uploads\/2023\/09\/Copy-of-FootDavant-Logo.png","contentUrl":"https:\/\/footdavant.fr\/actualites\/wp-content\/uploads\/2023\/09\/Copy-of-FootDavant-Logo.png","width":936,"height":549,"caption":"Foot d'avant"},"image":{"@id":"https:\/\/footdavant.fr\/actualites\/#\/schema\/logo\/image\/"},"sameAs":["https:\/\/www.facebook.com\/Footdavant\/","https:\/\/twitter.com\/FootdavantFr","https:\/\/www.instagram.com\/footdavant.fr\/"]},{"@type":"Person","@id":"https:\/\/footdavant.fr\/actualites\/#\/schema\/person\/bc222566d95871b37e597b3ed3ba5e1d","name":"Cl\u00e9ment","image":{"@type":"ImageObject","inLanguage":"fr-FR","@id":"https:\/\/footdavant.fr\/actualites\/#\/schema\/person\/image\/","url":"https:\/\/secure.gravatar.com\/avatar\/7728b29aac2719421e1a9159b2254c44?s=96&d=mm&r=g","contentUrl":"https:\/\/secure.gravatar.com\/avatar\/7728b29aac2719421e1a9159b2254c44?s=96&d=mm&r=g","caption":"Cl\u00e9ment"},"sameAs":["https:\/\/footdavant.fr\/"]}]}},"_links":{"self":[{"href":"https:\/\/footdavant.fr\/actualites\/wp-json\/wp\/v2\/posts\/9295"}],"collection":[{"href":"https:\/\/footdavant.fr\/actualites\/wp-json\/wp\/v2\/posts"}],"about":[{"href":"https:\/\/footdavant.fr\/actualites\/wp-json\/wp\/v2\/types\/post"}],"author":[{"embeddable":true,"href":"https:\/\/footdavant.fr\/actualites\/wp-json\/wp\/v2\/users\/1"}],"replies":[{"embeddable":true,"href":"https:\/\/footdavant.fr\/actualites\/wp-json\/wp\/v2\/comments?post=9295"}],"version-history":[{"count":1,"href":"https:\/\/footdavant.fr\/actualites\/wp-json\/wp\/v2\/posts\/9295\/revisions"}],"predecessor-version":[{"id":9297,"href":"https:\/\/footdavant.fr\/actualites\/wp-json\/wp\/v2\/posts\/9295\/revisions\/9297"}],"wp:featuredmedia":[{"embeddable":true,"href":"https:\/\/footdavant.fr\/actualites\/wp-json\/wp\/v2\/media\/9296"}],"wp:attachment":[{"href":"https:\/\/footdavant.fr\/actualites\/wp-json\/wp\/v2\/media?parent=9295"}],"wp:term":[{"taxonomy":"category","embeddable":true,"href":"https:\/\/footdavant.fr\/actualites\/wp-json\/wp\/v2\/categories?post=9295"},{"taxonomy":"post_tag","embeddable":true,"href":"https:\/\/footdavant.fr\/actualites\/wp-json\/wp\/v2\/tags?post=9295"}],"curies":[{"name":"wp","href":"https:\/\/api.w.org\/{rel}","templated":true}]}}