{"id":9298,"date":"2024-05-30T00:48:29","date_gmt":"2024-05-29T22:48:29","guid":{"rendered":"https:\/\/footdavant.fr\/actualites\/juan-miranda-dit-quil-veut-signer-un-nouvel-accord-et-rester-au-real-betis-au-milieu-de-ses-liens-avec-man-united\/"},"modified":"2024-05-30T00:48:31","modified_gmt":"2024-05-29T22:48:31","slug":"juan-miranda-dit-quil-veut-signer-un-nouvel-accord-et-rester-au-real-betis-au-milieu-de-ses-liens-avec-man-united","status":"publish","type":"post","link":"https:\/\/footdavant.fr\/actualites\/juan-miranda-dit-quil-veut-signer-un-nouvel-accord-et-rester-au-real-betis-au-milieu-de-ses-liens-avec-man-united\/","title":{"rendered":"Juan Miranda dit qu&#39;il veut signer un nouvel accord et rester au Real Betis au milieu de ses liens avec Man United &#8211;"},"content":{"rendered":"<div id=\"penci-post-entry-inner\">\n<p>\t\t\t<i class=\"penci-post-countview-number-check\" style=\"display:none\">3<\/i><\/p>\n<p><!--Article Start--><br \/>Le d\u00e9fenseur du Real Betis, Juan Miranda, a indiqu\u00e9 son d\u00e9sir de rester dans son club actuel m\u00eame s&#39;il continue d&#39;\u00eatre li\u00e9 \u00e0 un transfert \u00e0 Manchester United.<\/p>\n<p>United devrait se lancer sur le march\u00e9 pour recruter un nouvel arri\u00e8re gauche cet \u00e9t\u00e9.<\/p>\n<p>Tout au long de la saison 2023\/24 qui vient de se terminer, cette partie du terrain a \u00e9t\u00e9 un \u00e9norme probl\u00e8me pour l&#39;\u00e9quipe, Luke Shaw et Tyrell Malacia ayant rat\u00e9 une grande partie de la campagne en raison de blessures.<\/p>\n<p>En fait, Malacia n&#39;a pas du tout jou\u00e9 pour les Diables Rouges tandis que Shaw n&#39;a fait que 15 apparitions toutes comp\u00e9titions confondues.<\/p>\n<p>Un rapport couvert par The Peoples Person a rapport\u00e9 que Miranda figurait sur la liste de souhaits des arri\u00e8res gauches de United aux c\u00f4t\u00e9s d&#39;autres noms tels que Melvin Bard, Bradley Locko et Rayan Ait-Nouri.<\/p>\n<p>Il a \u00e9t\u00e9 d\u00e9clar\u00e9 que United avait effectu\u00e9 des contr\u00f4les sur Miranda ces derniers mois en vue d&#39;\u00e9ventuellement intervenir pour lui.<\/p>\n<p>Le joueur de 24 ans a disput\u00e9 25 matches de Liga la saison derni\u00e8re et n&#39;a marqu\u00e9 qu&#39;un seul but au cours de cette p\u00e9riode.  Il a \u00e9galement aid\u00e9 le Betis \u00e0 garder huit cages inviol\u00e9es.<\/p>\n<p>Le principal attrait de Miranda est qu&#39;il est en fin de contrat cet \u00e9t\u00e9, ce qui signifie qu&#39;il peut \u00eatre obtenu gratuitement.  Pour United \u2013 qui fonctionne avec un budget serr\u00e9 et h\u00e9site \u00e0 enfreindre les r\u00e8gles de profit et de durabilit\u00e9 (PSR) de la Premier League \u2013 la perspective de recruter quelqu&#39;un comme Miranda sans n\u00e9cessairement avoir \u00e0 payer des frais de transfert s\u00e9duit.<\/p>\n<p>Cependant, coup dur pour les Diables Rouges, le joueur a d\u00e9clar\u00e9 son souhait de rester en Andalousie.<\/p>\n<p>Il a d\u00e9clar\u00e9 \u00e0 El Chiringuito : \u00ab Est-ce que j&#39;aimerais renouveler avec le Betis ?  Oui mec.\u00a0\u00bb<\/p>\n<p>Il a ajout\u00e9 : \u00ab Nous verrons ce qui se passe. \u00bb<\/p>\n<blockquote class=\"twitter-tweet\" data-width=\"550\" data-dnt=\"true\">\n<p lang=\"es\" dir=\"ltr\">\ud83d\udea8 MIRANDA confirme que le GUSTAR\u00cdA RENOVAR avec le BETIS\u00a0:<\/p>\n<p>\ud83d\udc9a \u00ab\u00a0Quiero quedarme. Nos veremos con el club pronto y se ver\u00e1\u00a0\u00bb.<\/p>\n<p>\ud83d\udcf9 <a rel=\"nofollow\" href=\"https:\/\/twitter.com\/GonzaloTortosa?ref_src=twsrc%5Etfw\">@GonzaloTortosa<\/a>. <a rel=\"nofollow\" href=\"https:\/\/t.co\/2m3Ce6fMOt\">pic.twitter.com\/2m3Ce6fMOt<\/a><\/p>\n<p>\u2013 T\u00e9l\u00e9vision El Chiringuito (@elchiringuitotv) <a rel=\"nofollow\" href=\"https:\/\/twitter.com\/elchiringuitotv\/status\/1793588748590166392?ref_src=twsrc%5Etfw\">23 mai 2024<\/a><\/p>\n<\/blockquote>\n<p>Miranda suscite \u00e9galement l&#39;int\u00e9r\u00eat de l&#39;Allemagne et de l&#39;Italie, le Borussia Dortmund et l&#39;AC Milan \u00e9tant consid\u00e9r\u00e9s comme ses admirateurs.<\/p>\n<p>Il reste \u00e0 voir si United testera sa d\u00e9termination avec une offre si les 20 fois champions d&#39;Angleterre devaient intensifier leurs efforts pour s&#39;assurer ses services.<\/p>\n<hr>\n<p>\n<em>Vous voulez \u00eatre le premier \u00e0 \u00eatre inform\u00e9 des derni\u00e8res nouvelles de Man United ?  Pour des mises \u00e0 jour cruciales soigneusement s\u00e9lectionn\u00e9es, rejoignez notre cha\u00eene WhatsApp : https:\/\/bit.ly\/United-Breaking-News.<\/p>\n<p><!--Article End--><\/p>\n<p><!-- CONTENT END 3 --><\/p>\n<p>\t\t\t\t\t\t\t        <\/em><\/div>\n<p><script async src=\"https:\/\/platform.twitter.com\/widgets.js\" charset=\"utf-8\"><\/script><\/p>\n","protected":false},"excerpt":{"rendered":"<p>3 Le d\u00e9fenseur du Real Betis, Juan Miranda, a indiqu\u00e9 son d\u00e9sir de rester dans son club actuel m\u00eame s&#39;il continue d&#39;\u00eatre li\u00e9 \u00e0 un<\/p>\n","protected":false},"author":1,"featured_media":9299,"comment_status":"closed","ping_status":"","sticky":false,"template":"","format":"standard","meta":{"footnotes":""},"categories":[3],"tags":[277,91,5131,125,3317,1560,24,441,5130,886,4290,302,175,154,774,13,600],"yoast_head":"<!-- This site is optimized with the Yoast SEO plugin v21.0 - https:\/\/yoast.com\/wordpress\/plugins\/seo\/ -->\n<title>Juan Miranda dit qu&#039;il veut signer un nouvel accord et rester au Real Betis au milieu de ses liens avec Man United -<\/title>\n<meta name=\"robots\" content=\"index, follow, max-snippet:-1, max-image-preview:large, max-video-preview:-1\" \/>\n<link rel=\"canonical\" href=\"https:\/\/footdavant.fr\/actualites\/juan-miranda-dit-quil-veut-signer-un-nouvel-accord-et-rester-au-real-betis-au-milieu-de-ses-liens-avec-man-united\/\" \/>\n<meta property=\"og:locale\" content=\"fr_FR\" \/>\n<meta property=\"og:type\" content=\"article\" \/>\n<meta property=\"og:title\" content=\"Juan Miranda dit qu&#039;il veut signer un nouvel accord et rester au Real Betis au milieu de ses liens avec Man United -\" \/>\n<meta property=\"og:description\" content=\"3 Le d\u00e9fenseur du Real Betis, Juan Miranda, a indiqu\u00e9 son d\u00e9sir de rester dans son club actuel m\u00eame s&#039;il continue d&#039;\u00eatre li\u00e9 \u00e0 un\" \/>\n<meta property=\"og:url\" content=\"https:\/\/footdavant.fr\/actualites\/juan-miranda-dit-quil-veut-signer-un-nouvel-accord-et-rester-au-real-betis-au-milieu-de-ses-liens-avec-man-united\/\" \/>\n<meta property=\"og:site_name\" content=\"Foot d&#039;avant\" \/>\n<meta property=\"article:publisher\" content=\"https:\/\/www.facebook.com\/Footdavant\/\" \/>\n<meta property=\"article:published_time\" content=\"2024-05-29T22:48:29+00:00\" \/>\n<meta property=\"article:modified_time\" content=\"2024-05-29T22:48:31+00:00\" \/>\n<meta property=\"og:image\" content=\"https:\/\/footdavant.fr\/actualites\/wp-content\/uploads\/2024\/05\/Juan-Miranda-dit-qu39il-veut-signer-un-nouvel-accord-et.jpg\" \/>\n\t<meta property=\"og:image:width\" content=\"1599\" \/>\n\t<meta property=\"og:image:height\" content=\"700\" \/>\n\t<meta property=\"og:image:type\" content=\"image\/jpeg\" \/>\n<meta name=\"author\" content=\"Cl\u00e9ment\" \/>\n<meta name=\"twitter:card\" content=\"summary_large_image\" \/>\n<meta name=\"twitter:creator\" content=\"@FootdavantFr\" \/>\n<meta name=\"twitter:site\" content=\"@FootdavantFr\" \/>\n<meta name=\"twitter:label1\" content=\"\u00c9crit par\" \/>\n\t<meta name=\"twitter:data1\" content=\"Cl\u00e9ment\" \/>\n\t<meta name=\"twitter:label2\" content=\"Dur\u00e9e de lecture estim\u00e9e\" \/>\n\t<meta name=\"twitter:data2\" content=\"2 minutes\" \/>\n<script type=\"application\/ld+json\" class=\"yoast-schema-graph\">{\"@context\":\"https:\/\/schema.org\",\"@graph\":[{\"@type\":\"Article\",\"@id\":\"https:\/\/footdavant.fr\/actualites\/juan-miranda-dit-quil-veut-signer-un-nouvel-accord-et-rester-au-real-betis-au-milieu-de-ses-liens-avec-man-united\/#article\",\"isPartOf\":{\"@id\":\"https:\/\/footdavant.fr\/actualites\/juan-miranda-dit-quil-veut-signer-un-nouvel-accord-et-rester-au-real-betis-au-milieu-de-ses-liens-avec-man-united\/\"},\"author\":{\"name\":\"Cl\u00e9ment\",\"@id\":\"https:\/\/footdavant.fr\/actualites\/#\/schema\/person\/bc222566d95871b37e597b3ed3ba5e1d\"},\"headline\":\"Juan Miranda dit qu&#39;il veut signer un nouvel accord et rester au Real Betis au milieu de ses liens avec Man United &#8211;\",\"datePublished\":\"2024-05-29T22:48:29+00:00\",\"dateModified\":\"2024-05-29T22:48:31+00:00\",\"mainEntityOfPage\":{\"@id\":\"https:\/\/footdavant.fr\/actualites\/juan-miranda-dit-quil-veut-signer-un-nouvel-accord-et-rester-au-real-betis-au-milieu-de-ses-liens-avec-man-united\/\"},\"wordCount\":471,\"publisher\":{\"@id\":\"https:\/\/footdavant.fr\/actualites\/#organization\"},\"keywords\":[\"accord\",\"avec\",\"Betis\",\"dit\",\"Juan\",\"liens\",\"Man\",\"milieu\",\"Miranda\",\"nouvel\",\"qu39il\",\"Real\",\"rester\",\"ses\",\"signer\",\"United\",\"veut\"],\"articleSection\":[\"Football\"],\"inLanguage\":\"fr-FR\"},{\"@type\":\"WebPage\",\"@id\":\"https:\/\/footdavant.fr\/actualites\/juan-miranda-dit-quil-veut-signer-un-nouvel-accord-et-rester-au-real-betis-au-milieu-de-ses-liens-avec-man-united\/\",\"url\":\"https:\/\/footdavant.fr\/actualites\/juan-miranda-dit-quil-veut-signer-un-nouvel-accord-et-rester-au-real-betis-au-milieu-de-ses-liens-avec-man-united\/\",\"name\":\"Juan Miranda dit qu&#39;il veut signer un nouvel accord et rester au Real Betis au milieu de ses liens avec Man United -\",\"isPartOf\":{\"@id\":\"https:\/\/footdavant.fr\/actualites\/#website\"},\"datePublished\":\"2024-05-29T22:48:29+00:00\",\"dateModified\":\"2024-05-29T22:48:31+00:00\",\"breadcrumb\":{\"@id\":\"https:\/\/footdavant.fr\/actualites\/juan-miranda-dit-quil-veut-signer-un-nouvel-accord-et-rester-au-real-betis-au-milieu-de-ses-liens-avec-man-united\/#breadcrumb\"},\"inLanguage\":\"fr-FR\",\"potentialAction\":[{\"@type\":\"ReadAction\",\"target\":[\"https:\/\/footdavant.fr\/actualites\/juan-miranda-dit-quil-veut-signer-un-nouvel-accord-et-rester-au-real-betis-au-milieu-de-ses-liens-avec-man-united\/\"]}]},{\"@type\":\"BreadcrumbList\",\"@id\":\"https:\/\/footdavant.fr\/actualites\/juan-miranda-dit-quil-veut-signer-un-nouvel-accord-et-rester-au-real-betis-au-milieu-de-ses-liens-avec-man-united\/#breadcrumb\",\"itemListElement\":[{\"@type\":\"ListItem\",\"position\":1,\"name\":\"Accueil\",\"item\":\"https:\/\/footdavant.fr\/actualites\/\"},{\"@type\":\"ListItem\",\"position\":2,\"name\":\"Juan Miranda dit qu&#39;il veut signer un nouvel accord et rester au Real Betis au milieu de ses liens avec Man United &#8211;\"}]},{\"@type\":\"WebSite\",\"@id\":\"https:\/\/footdavant.fr\/actualites\/#website\",\"url\":\"https:\/\/footdavant.fr\/actualites\/\",\"name\":\"Foot d'avant\",\"description\":\"\",\"publisher\":{\"@id\":\"https:\/\/footdavant.fr\/actualites\/#organization\"},\"potentialAction\":[{\"@type\":\"SearchAction\",\"target\":{\"@type\":\"EntryPoint\",\"urlTemplate\":\"https:\/\/footdavant.fr\/actualites\/?s={search_term_string}\"},\"query-input\":\"required name=search_term_string\"}],\"inLanguage\":\"fr-FR\"},{\"@type\":\"Organization\",\"@id\":\"https:\/\/footdavant.fr\/actualites\/#organization\",\"name\":\"Foot d'avant\",\"url\":\"https:\/\/footdavant.fr\/actualites\/\",\"logo\":{\"@type\":\"ImageObject\",\"inLanguage\":\"fr-FR\",\"@id\":\"https:\/\/footdavant.fr\/actualites\/#\/schema\/logo\/image\/\",\"url\":\"https:\/\/footdavant.fr\/actualites\/wp-content\/uploads\/2023\/09\/Copy-of-FootDavant-Logo.png\",\"contentUrl\":\"https:\/\/footdavant.fr\/actualites\/wp-content\/uploads\/2023\/09\/Copy-of-FootDavant-Logo.png\",\"width\":936,\"height\":549,\"caption\":\"Foot d'avant\"},\"image\":{\"@id\":\"https:\/\/footdavant.fr\/actualites\/#\/schema\/logo\/image\/\"},\"sameAs\":[\"https:\/\/www.facebook.com\/Footdavant\/\",\"https:\/\/twitter.com\/FootdavantFr\",\"https:\/\/www.instagram.com\/footdavant.fr\/\"]},{\"@type\":\"Person\",\"@id\":\"https:\/\/footdavant.fr\/actualites\/#\/schema\/person\/bc222566d95871b37e597b3ed3ba5e1d\",\"name\":\"Cl\u00e9ment\",\"image\":{\"@type\":\"ImageObject\",\"inLanguage\":\"fr-FR\",\"@id\":\"https:\/\/footdavant.fr\/actualites\/#\/schema\/person\/image\/\",\"url\":\"https:\/\/secure.gravatar.com\/avatar\/7728b29aac2719421e1a9159b2254c44?s=96&d=mm&r=g\",\"contentUrl\":\"https:\/\/secure.gravatar.com\/avatar\/7728b29aac2719421e1a9159b2254c44?s=96&d=mm&r=g\",\"caption\":\"Cl\u00e9ment\"},\"sameAs\":[\"https:\/\/footdavant.fr\/\"]}]}<\/script>\n<!-- \/ Yoast SEO plugin. -->","yoast_head_json":{"title":"Juan Miranda dit qu&#39;il veut signer un nouvel accord et rester au Real Betis au milieu de ses liens avec Man United -","robots":{"index":"index","follow":"follow","max-snippet":"max-snippet:-1","max-image-preview":"max-image-preview:large","max-video-preview":"max-video-preview:-1"},"canonical":"https:\/\/footdavant.fr\/actualites\/juan-miranda-dit-quil-veut-signer-un-nouvel-accord-et-rester-au-real-betis-au-milieu-de-ses-liens-avec-man-united\/","og_locale":"fr_FR","og_type":"article","og_title":"Juan Miranda dit qu&#39;il veut signer un nouvel accord et rester au Real Betis au milieu de ses liens avec Man United -","og_description":"3 Le d\u00e9fenseur du Real Betis, Juan Miranda, a indiqu\u00e9 son d\u00e9sir de rester dans son club actuel m\u00eame s&#39;il continue d&#39;\u00eatre li\u00e9 \u00e0 un","og_url":"https:\/\/footdavant.fr\/actualites\/juan-miranda-dit-quil-veut-signer-un-nouvel-accord-et-rester-au-real-betis-au-milieu-de-ses-liens-avec-man-united\/","og_site_name":"Foot d&#039;avant","article_publisher":"https:\/\/www.facebook.com\/Footdavant\/","article_published_time":"2024-05-29T22:48:29+00:00","article_modified_time":"2024-05-29T22:48:31+00:00","og_image":[{"width":1599,"height":700,"url":"https:\/\/footdavant.fr\/actualites\/wp-content\/uploads\/2024\/05\/Juan-Miranda-dit-qu39il-veut-signer-un-nouvel-accord-et.jpg","type":"image\/jpeg"}],"author":"Cl\u00e9ment","twitter_card":"summary_large_image","twitter_creator":"@FootdavantFr","twitter_site":"@FootdavantFr","twitter_misc":{"\u00c9crit par":"Cl\u00e9ment","Dur\u00e9e de lecture estim\u00e9e":"2 minutes"},"schema":{"@context":"https:\/\/schema.org","@graph":[{"@type":"Article","@id":"https:\/\/footdavant.fr\/actualites\/juan-miranda-dit-quil-veut-signer-un-nouvel-accord-et-rester-au-real-betis-au-milieu-de-ses-liens-avec-man-united\/#article","isPartOf":{"@id":"https:\/\/footdavant.fr\/actualites\/juan-miranda-dit-quil-veut-signer-un-nouvel-accord-et-rester-au-real-betis-au-milieu-de-ses-liens-avec-man-united\/"},"author":{"name":"Cl\u00e9ment","@id":"https:\/\/footdavant.fr\/actualites\/#\/schema\/person\/bc222566d95871b37e597b3ed3ba5e1d"},"headline":"Juan Miranda dit qu&#39;il veut signer un nouvel accord et rester au Real Betis au milieu de ses liens avec Man United &#8211;","datePublished":"2024-05-29T22:48:29+00:00","dateModified":"2024-05-29T22:48:31+00:00","mainEntityOfPage":{"@id":"https:\/\/footdavant.fr\/actualites\/juan-miranda-dit-quil-veut-signer-un-nouvel-accord-et-rester-au-real-betis-au-milieu-de-ses-liens-avec-man-united\/"},"wordCount":471,"publisher":{"@id":"https:\/\/footdavant.fr\/actualites\/#organization"},"keywords":["accord","avec","Betis","dit","Juan","liens","Man","milieu","Miranda","nouvel","qu39il","Real","rester","ses","signer","United","veut"],"articleSection":["Football"],"inLanguage":"fr-FR"},{"@type":"WebPage","@id":"https:\/\/footdavant.fr\/actualites\/juan-miranda-dit-quil-veut-signer-un-nouvel-accord-et-rester-au-real-betis-au-milieu-de-ses-liens-avec-man-united\/","url":"https:\/\/footdavant.fr\/actualites\/juan-miranda-dit-quil-veut-signer-un-nouvel-accord-et-rester-au-real-betis-au-milieu-de-ses-liens-avec-man-united\/","name":"Juan Miranda dit qu&#39;il veut signer un nouvel accord et rester au Real Betis au milieu de ses liens avec Man United -","isPartOf":{"@id":"https:\/\/footdavant.fr\/actualites\/#website"},"datePublished":"2024-05-29T22:48:29+00:00","dateModified":"2024-05-29T22:48:31+00:00","breadcrumb":{"@id":"https:\/\/footdavant.fr\/actualites\/juan-miranda-dit-quil-veut-signer-un-nouvel-accord-et-rester-au-real-betis-au-milieu-de-ses-liens-avec-man-united\/#breadcrumb"},"inLanguage":"fr-FR","potentialAction":[{"@type":"ReadAction","target":["https:\/\/footdavant.fr\/actualites\/juan-miranda-dit-quil-veut-signer-un-nouvel-accord-et-rester-au-real-betis-au-milieu-de-ses-liens-avec-man-united\/"]}]},{"@type":"BreadcrumbList","@id":"https:\/\/footdavant.fr\/actualites\/juan-miranda-dit-quil-veut-signer-un-nouvel-accord-et-rester-au-real-betis-au-milieu-de-ses-liens-avec-man-united\/#breadcrumb","itemListElement":[{"@type":"ListItem","position":1,"name":"Accueil","item":"https:\/\/footdavant.fr\/actualites\/"},{"@type":"ListItem","position":2,"name":"Juan Miranda dit qu&#39;il veut signer un nouvel accord et rester au Real Betis au milieu de ses liens avec Man United &#8211;"}]},{"@type":"WebSite","@id":"https:\/\/footdavant.fr\/actualites\/#website","url":"https:\/\/footdavant.fr\/actualites\/","name":"Foot d'avant","description":"","publisher":{"@id":"https:\/\/footdavant.fr\/actualites\/#organization"},"potentialAction":[{"@type":"SearchAction","target":{"@type":"EntryPoint","urlTemplate":"https:\/\/footdavant.fr\/actualites\/?s={search_term_string}"},"query-input":"required name=search_term_string"}],"inLanguage":"fr-FR"},{"@type":"Organization","@id":"https:\/\/footdavant.fr\/actualites\/#organization","name":"Foot d'avant","url":"https:\/\/footdavant.fr\/actualites\/","logo":{"@type":"ImageObject","inLanguage":"fr-FR","@id":"https:\/\/footdavant.fr\/actualites\/#\/schema\/logo\/image\/","url":"https:\/\/footdavant.fr\/actualites\/wp-content\/uploads\/2023\/09\/Copy-of-FootDavant-Logo.png","contentUrl":"https:\/\/footdavant.fr\/actualites\/wp-content\/uploads\/2023\/09\/Copy-of-FootDavant-Logo.png","width":936,"height":549,"caption":"Foot d'avant"},"image":{"@id":"https:\/\/footdavant.fr\/actualites\/#\/schema\/logo\/image\/"},"sameAs":["https:\/\/www.facebook.com\/Footdavant\/","https:\/\/twitter.com\/FootdavantFr","https:\/\/www.instagram.com\/footdavant.fr\/"]},{"@type":"Person","@id":"https:\/\/footdavant.fr\/actualites\/#\/schema\/person\/bc222566d95871b37e597b3ed3ba5e1d","name":"Cl\u00e9ment","image":{"@type":"ImageObject","inLanguage":"fr-FR","@id":"https:\/\/footdavant.fr\/actualites\/#\/schema\/person\/image\/","url":"https:\/\/secure.gravatar.com\/avatar\/7728b29aac2719421e1a9159b2254c44?s=96&d=mm&r=g","contentUrl":"https:\/\/secure.gravatar.com\/avatar\/7728b29aac2719421e1a9159b2254c44?s=96&d=mm&r=g","caption":"Cl\u00e9ment"},"sameAs":["https:\/\/footdavant.fr\/"]}]}},"_links":{"self":[{"href":"https:\/\/footdavant.fr\/actualites\/wp-json\/wp\/v2\/posts\/9298"}],"collection":[{"href":"https:\/\/footdavant.fr\/actualites\/wp-json\/wp\/v2\/posts"}],"about":[{"href":"https:\/\/footdavant.fr\/actualites\/wp-json\/wp\/v2\/types\/post"}],"author":[{"embeddable":true,"href":"https:\/\/footdavant.fr\/actualites\/wp-json\/wp\/v2\/users\/1"}],"replies":[{"embeddable":true,"href":"https:\/\/footdavant.fr\/actualites\/wp-json\/wp\/v2\/comments?post=9298"}],"version-history":[{"count":1,"href":"https:\/\/footdavant.fr\/actualites\/wp-json\/wp\/v2\/posts\/9298\/revisions"}],"predecessor-version":[{"id":9300,"href":"https:\/\/footdavant.fr\/actualites\/wp-json\/wp\/v2\/posts\/9298\/revisions\/9300"}],"wp:featuredmedia":[{"embeddable":true,"href":"https:\/\/footdavant.fr\/actualites\/wp-json\/wp\/v2\/media\/9299"}],"wp:attachment":[{"href":"https:\/\/footdavant.fr\/actualites\/wp-json\/wp\/v2\/media?parent=9298"}],"wp:term":[{"taxonomy":"category","embeddable":true,"href":"https:\/\/footdavant.fr\/actualites\/wp-json\/wp\/v2\/categories?post=9298"},{"taxonomy":"post_tag","embeddable":true,"href":"https:\/\/footdavant.fr\/actualites\/wp-json\/wp\/v2\/tags?post=9298"}],"curies":[{"name":"wp","href":"https:\/\/api.w.org\/{rel}","templated":true}]}}