{"id":935,"date":"2023-11-14T22:48:02","date_gmt":"2023-11-14T21:48:02","guid":{"rendered":"https:\/\/footdavant.fr\/actualites\/john-obi-mikel-souhaite-tenter-victor-osimhen-dans-un-transfert-a-chelsea\/"},"modified":"2023-11-14T22:48:02","modified_gmt":"2023-11-14T21:48:02","slug":"john-obi-mikel-souhaite-tenter-victor-osimhen-dans-un-transfert-a-chelsea","status":"publish","type":"post","link":"https:\/\/footdavant.fr\/actualites\/john-obi-mikel-souhaite-tenter-victor-osimhen-dans-un-transfert-a-chelsea\/","title":{"rendered":"John Obi Mikel souhaite tenter Victor Osimhen dans un transfert \u00e0 Chelsea"},"content":{"rendered":"<p>La l\u00e9gende de Chelsea, John Obi Mikel, admet qu&rsquo;il aimerait voir l&rsquo;attaquant de Naples Victor Osimhen d\u00e9m\u00e9nager \u00e0 Stamford Bridge l&rsquo;\u00e9t\u00e9 prochain.<\/p>\n<div id=\"article_body\" itemprop=\"articleBody\">\n<h3 class=\"firstPara\">L\u00e9gende du club <strong class=\"autotag\">John Obi Mikel<\/strong> a sugg\u00e9r\u00e9 qu&rsquo;il essaierait de tenter <strong class=\"autotag\">Naples<\/strong> avant <strong class=\"autotag\">Victor Osimhen<\/strong> dans un mouvement vers <strong class=\"autotag\">Chelsea<\/strong>.<\/h3>\n<p>Depuis plusieurs fen\u00eatres de transfert, Osimhen a \u00e9t\u00e9 li\u00e9 \u00e0 une sortie des g\u00e9ants de la Serie A, cons\u00e9quence de l&rsquo;impact qu&rsquo;il a eu \u00e0 Naples.<\/p>\n<p>En 2022-23, le leader a inscrit 26 buts en 32 apparitions dans l&rsquo;\u00e9lite italienne alors que Naples remportait sa premi\u00e8re couronne de championnat en plus de trois d\u00e9cennies.<\/p>\n<p>Cependant, avec un contrat jusqu&rsquo;en 2025, les sp\u00e9culations persistent selon lesquelles le joueur de 24 ans rel\u00e8vera bient\u00f4t un nouveau d\u00e9fi, tr\u00e8s probablement en Premier League.<\/p>\n<p>Avec le pr\u00e9sident de Naples <strong class=\"autotag\">Aurelio De Laurentiis<\/strong> ayant indiqu\u00e9 dans le pass\u00e9 qu&rsquo;Osimhen co\u00fbterait plus de 100 millions de livres sterling, seuls les clubs d&rsquo;Angleterre et d&rsquo;Arabie saoudite poss\u00e8dent les ressources financi\u00e8res n\u00e9cessaires pour conclure un accord cet \u00e9t\u00e9.<\/p>\n<p class=\"imgI\">\n<p>Naples n&rsquo;a pas \u00e9t\u00e9 en mesure de s&rsquo;appuyer sur le succ\u00e8s de la saison derni\u00e8re, d\u00e9j\u00e0 \u00e0 10 points du leader, l&rsquo;Inter Milan, tandis que l&rsquo;\u00e9quipe des m\u00e9dias sociaux du club a publi\u00e9 deux publications offensives sur TikTok impliquant Osimhen plus t\u00f4t dans la campagne.<\/p>\n<p>\u00c0 l&rsquo;heure o\u00f9 aucun nouveau contrat n&rsquo;est \u00e0 l&rsquo;horizon, un certain nombre de clubs se sentiront encourag\u00e9s, mais Mikel a r\u00e9v\u00e9l\u00e9 qu&rsquo;il tenterait de pousser Osimhen \u00e0 Stamford Bridge.<\/p>\n<p>Mikel interviewait son compatriote nig\u00e9rian Osimhen sur <em>Le podcast Obi One<\/em> lorsqu&rsquo;il a admis qu&rsquo;il aimerait voir l&rsquo;attaquant passer \u00e0 l&rsquo;ouest de Londres.<\/p>\n<p>Selon <strong class=\"autotag\">Fabrizio Romano<\/strong>Mikel a d\u00e9clar\u00e9 : \u00ab\u00a0La saison prochaine, je sais que tu vas venir \u00e0 Chelsea, mec. Je te le dis, je serai l&rsquo;agent qui n\u00e9gociera cet accord.<\/p>\n<p class=\"imgI\"><img decoding=\"async\" loading=\"lazy\" class=\"l\" src=\"https:\/\/footdavant.fr\/actualites\/wp-content\/uploads\/2023\/11\/John-Obi-Mikel-souhaite-tenter-Victor-Osimhen-dans-un-transfert.jpg\" title=\"Le milieu de terrain de Chelsea, John Obi Mikel, a soulev\u00e9 le troph\u00e9e de la Ligue des champions en 2012.\" alt=\"Le milieu de terrain de Chelsea, John Obi Mikel, a soulev\u00e9 le troph\u00e9e de la Ligue des champions en 2012.\" width=\"640\" height=\"480\"><\/p>\n<p>\u00ab\u00a0Je vais m&rsquo;assurer que cela se produise. Nous r\u00e9clamons quelqu&rsquo;un comme vous \u2013 depuis que Drogba a quitt\u00e9 le club.\u00a0\u00bb<\/p>\n<p>L&rsquo;entra\u00eeneur-chef <strong class=\"autotag\">Mauricio Pochettino<\/strong> compte d\u00e9j\u00e0 trois attaquants dans son \u00e9quipe premi\u00e8re en <strong class=\"autotag\">Nicolas Jackson<\/strong>, <strong class=\"autotag\">Armando Broja<\/strong> et <strong class=\"autotag\">Christophe Nkunku<\/strong>ce dernier qui souhaite revenir \u00e0 l&rsquo;action apr\u00e8s une blessure au genou dans les prochaines semaines.<\/p>\n<p>N\u00e9anmoins, Chelsea a continu\u00e9 \u00e0 \u00eatre li\u00e9 \u00e0 un nouveau leader et ils ont l&rsquo;habitude de n\u00e9gocier des termes avec Naples lorsqu&rsquo;il reste moins d&rsquo;un an \u00e0 un joueur sur son contrat.<\/p>\n<p>Chelsea a sign\u00e9 <strong class=\"autotag\">Kalidou Koulibaly<\/strong> pour un montant r\u00e9duit en 2022, une fois qu&rsquo;il est devenu \u00e9vident que le d\u00e9fenseur, alors homme cl\u00e9 du c\u00f4t\u00e9 italien, ne r\u00e9digerait pas de nouveaux mandats.<\/p>\n<\/div>\n","protected":false},"excerpt":{"rendered":"<p>La l\u00e9gende de Chelsea, John Obi Mikel, admet qu&rsquo;il aimerait voir l&rsquo;attaquant de Naples Victor Osimhen d\u00e9m\u00e9nager \u00e0 Stamford Bridge l&rsquo;\u00e9t\u00e9 prochain. L\u00e9gende du club<\/p>\n","protected":false},"author":1,"featured_media":936,"comment_status":"closed","ping_status":"","sticky":false,"template":"","format":"standard","meta":{"footnotes":""},"categories":[5],"tags":[171,19,501,210,1081,1039,1082,773,700,1038],"yoast_head":"<!-- This site is optimized with the Yoast SEO plugin v21.0 - https:\/\/yoast.com\/wordpress\/plugins\/seo\/ -->\n<title>John Obi Mikel souhaite tenter Victor Osimhen dans un transfert \u00e0 Chelsea<\/title>\n<meta name=\"robots\" content=\"index, follow, max-snippet:-1, max-image-preview:large, max-video-preview:-1\" \/>\n<link rel=\"canonical\" href=\"https:\/\/footdavant.fr\/actualites\/john-obi-mikel-souhaite-tenter-victor-osimhen-dans-un-transfert-a-chelsea\/\" \/>\n<meta property=\"og:locale\" content=\"fr_FR\" \/>\n<meta property=\"og:type\" content=\"article\" \/>\n<meta property=\"og:title\" content=\"John Obi Mikel souhaite tenter Victor Osimhen dans un transfert \u00e0 Chelsea\" \/>\n<meta property=\"og:description\" content=\"La l\u00e9gende de Chelsea, John Obi Mikel, admet qu&rsquo;il aimerait voir l&rsquo;attaquant de Naples Victor Osimhen d\u00e9m\u00e9nager \u00e0 Stamford Bridge l&rsquo;\u00e9t\u00e9 prochain. L\u00e9gende du club\" \/>\n<meta property=\"og:url\" content=\"https:\/\/footdavant.fr\/actualites\/john-obi-mikel-souhaite-tenter-victor-osimhen-dans-un-transfert-a-chelsea\/\" \/>\n<meta property=\"og:site_name\" content=\"Foot d&#039;avant\" \/>\n<meta property=\"article:publisher\" content=\"https:\/\/www.facebook.com\/Footdavant\/\" \/>\n<meta property=\"article:published_time\" content=\"2023-11-14T21:48:02+00:00\" \/>\n<meta property=\"og:image\" content=\"https:\/\/footdavant.fr\/actualites\/wp-content\/uploads\/2023\/11\/John-Obi-Mikel-souhaite-tenter-Victor-Osimhen-dans-un-transfert.JPG\" \/>\n\t<meta property=\"og:image:width\" content=\"640\" \/>\n\t<meta property=\"og:image:height\" content=\"480\" \/>\n\t<meta property=\"og:image:type\" content=\"image\/jpeg\" \/>\n<meta name=\"author\" content=\"Cl\u00e9ment\" \/>\n<meta name=\"twitter:card\" content=\"summary_large_image\" \/>\n<meta name=\"twitter:creator\" content=\"@FootdavantFr\" \/>\n<meta name=\"twitter:site\" content=\"@FootdavantFr\" \/>\n<meta name=\"twitter:label1\" content=\"\u00c9crit par\" \/>\n\t<meta name=\"twitter:data1\" content=\"Cl\u00e9ment\" \/>\n\t<meta name=\"twitter:label2\" content=\"Dur\u00e9e de lecture estim\u00e9e\" \/>\n\t<meta name=\"twitter:data2\" content=\"2 minutes\" \/>\n<script type=\"application\/ld+json\" class=\"yoast-schema-graph\">{\"@context\":\"https:\/\/schema.org\",\"@graph\":[{\"@type\":\"Article\",\"@id\":\"https:\/\/footdavant.fr\/actualites\/john-obi-mikel-souhaite-tenter-victor-osimhen-dans-un-transfert-a-chelsea\/#article\",\"isPartOf\":{\"@id\":\"https:\/\/footdavant.fr\/actualites\/john-obi-mikel-souhaite-tenter-victor-osimhen-dans-un-transfert-a-chelsea\/\"},\"author\":{\"name\":\"Cl\u00e9ment\",\"@id\":\"https:\/\/footdavant.fr\/actualites\/#\/schema\/person\/bc222566d95871b37e597b3ed3ba5e1d\"},\"headline\":\"John Obi Mikel souhaite tenter Victor Osimhen dans un transfert \u00e0 Chelsea\",\"datePublished\":\"2023-11-14T21:48:02+00:00\",\"dateModified\":\"2023-11-14T21:48:02+00:00\",\"mainEntityOfPage\":{\"@id\":\"https:\/\/footdavant.fr\/actualites\/john-obi-mikel-souhaite-tenter-victor-osimhen-dans-un-transfert-a-chelsea\/\"},\"wordCount\":441,\"publisher\":{\"@id\":\"https:\/\/footdavant.fr\/actualites\/#organization\"},\"keywords\":[\"Chelsea\",\"dans\",\"John\",\"Mikel\",\"Obi\",\"Osimhen\",\"souhaite\",\"tenter\",\"transfert\",\"Victor\"],\"articleSection\":[\"Premier League\"],\"inLanguage\":\"fr-FR\"},{\"@type\":\"WebPage\",\"@id\":\"https:\/\/footdavant.fr\/actualites\/john-obi-mikel-souhaite-tenter-victor-osimhen-dans-un-transfert-a-chelsea\/\",\"url\":\"https:\/\/footdavant.fr\/actualites\/john-obi-mikel-souhaite-tenter-victor-osimhen-dans-un-transfert-a-chelsea\/\",\"name\":\"John Obi Mikel souhaite tenter Victor Osimhen dans un transfert \u00e0 Chelsea\",\"isPartOf\":{\"@id\":\"https:\/\/footdavant.fr\/actualites\/#website\"},\"datePublished\":\"2023-11-14T21:48:02+00:00\",\"dateModified\":\"2023-11-14T21:48:02+00:00\",\"breadcrumb\":{\"@id\":\"https:\/\/footdavant.fr\/actualites\/john-obi-mikel-souhaite-tenter-victor-osimhen-dans-un-transfert-a-chelsea\/#breadcrumb\"},\"inLanguage\":\"fr-FR\",\"potentialAction\":[{\"@type\":\"ReadAction\",\"target\":[\"https:\/\/footdavant.fr\/actualites\/john-obi-mikel-souhaite-tenter-victor-osimhen-dans-un-transfert-a-chelsea\/\"]}]},{\"@type\":\"BreadcrumbList\",\"@id\":\"https:\/\/footdavant.fr\/actualites\/john-obi-mikel-souhaite-tenter-victor-osimhen-dans-un-transfert-a-chelsea\/#breadcrumb\",\"itemListElement\":[{\"@type\":\"ListItem\",\"position\":1,\"name\":\"Accueil\",\"item\":\"https:\/\/footdavant.fr\/actualites\/\"},{\"@type\":\"ListItem\",\"position\":2,\"name\":\"John Obi Mikel souhaite tenter Victor Osimhen dans un transfert \u00e0 Chelsea\"}]},{\"@type\":\"WebSite\",\"@id\":\"https:\/\/footdavant.fr\/actualites\/#website\",\"url\":\"https:\/\/footdavant.fr\/actualites\/\",\"name\":\"Foot d'avant\",\"description\":\"\",\"publisher\":{\"@id\":\"https:\/\/footdavant.fr\/actualites\/#organization\"},\"potentialAction\":[{\"@type\":\"SearchAction\",\"target\":{\"@type\":\"EntryPoint\",\"urlTemplate\":\"https:\/\/footdavant.fr\/actualites\/?s={search_term_string}\"},\"query-input\":\"required name=search_term_string\"}],\"inLanguage\":\"fr-FR\"},{\"@type\":\"Organization\",\"@id\":\"https:\/\/footdavant.fr\/actualites\/#organization\",\"name\":\"Foot d'avant\",\"url\":\"https:\/\/footdavant.fr\/actualites\/\",\"logo\":{\"@type\":\"ImageObject\",\"inLanguage\":\"fr-FR\",\"@id\":\"https:\/\/footdavant.fr\/actualites\/#\/schema\/logo\/image\/\",\"url\":\"https:\/\/footdavant.fr\/actualites\/wp-content\/uploads\/2023\/09\/Copy-of-FootDavant-Logo.png\",\"contentUrl\":\"https:\/\/footdavant.fr\/actualites\/wp-content\/uploads\/2023\/09\/Copy-of-FootDavant-Logo.png\",\"width\":936,\"height\":549,\"caption\":\"Foot d'avant\"},\"image\":{\"@id\":\"https:\/\/footdavant.fr\/actualites\/#\/schema\/logo\/image\/\"},\"sameAs\":[\"https:\/\/www.facebook.com\/Footdavant\/\",\"https:\/\/twitter.com\/FootdavantFr\",\"https:\/\/www.instagram.com\/footdavant.fr\/\"]},{\"@type\":\"Person\",\"@id\":\"https:\/\/footdavant.fr\/actualites\/#\/schema\/person\/bc222566d95871b37e597b3ed3ba5e1d\",\"name\":\"Cl\u00e9ment\",\"image\":{\"@type\":\"ImageObject\",\"inLanguage\":\"fr-FR\",\"@id\":\"https:\/\/footdavant.fr\/actualites\/#\/schema\/person\/image\/\",\"url\":\"https:\/\/secure.gravatar.com\/avatar\/7728b29aac2719421e1a9159b2254c44?s=96&d=mm&r=g\",\"contentUrl\":\"https:\/\/secure.gravatar.com\/avatar\/7728b29aac2719421e1a9159b2254c44?s=96&d=mm&r=g\",\"caption\":\"Cl\u00e9ment\"},\"sameAs\":[\"https:\/\/footdavant.fr\/\"]}]}<\/script>\n<!-- \/ Yoast SEO plugin. -->","yoast_head_json":{"title":"John Obi Mikel souhaite tenter Victor Osimhen dans un transfert \u00e0 Chelsea","robots":{"index":"index","follow":"follow","max-snippet":"max-snippet:-1","max-image-preview":"max-image-preview:large","max-video-preview":"max-video-preview:-1"},"canonical":"https:\/\/footdavant.fr\/actualites\/john-obi-mikel-souhaite-tenter-victor-osimhen-dans-un-transfert-a-chelsea\/","og_locale":"fr_FR","og_type":"article","og_title":"John Obi Mikel souhaite tenter Victor Osimhen dans un transfert \u00e0 Chelsea","og_description":"La l\u00e9gende de Chelsea, John Obi Mikel, admet qu&rsquo;il aimerait voir l&rsquo;attaquant de Naples Victor Osimhen d\u00e9m\u00e9nager \u00e0 Stamford Bridge l&rsquo;\u00e9t\u00e9 prochain. L\u00e9gende du club","og_url":"https:\/\/footdavant.fr\/actualites\/john-obi-mikel-souhaite-tenter-victor-osimhen-dans-un-transfert-a-chelsea\/","og_site_name":"Foot d&#039;avant","article_publisher":"https:\/\/www.facebook.com\/Footdavant\/","article_published_time":"2023-11-14T21:48:02+00:00","og_image":[{"width":640,"height":480,"url":"https:\/\/footdavant.fr\/actualites\/wp-content\/uploads\/2023\/11\/John-Obi-Mikel-souhaite-tenter-Victor-Osimhen-dans-un-transfert.JPG","type":"image\/jpeg"}],"author":"Cl\u00e9ment","twitter_card":"summary_large_image","twitter_creator":"@FootdavantFr","twitter_site":"@FootdavantFr","twitter_misc":{"\u00c9crit par":"Cl\u00e9ment","Dur\u00e9e de lecture estim\u00e9e":"2 minutes"},"schema":{"@context":"https:\/\/schema.org","@graph":[{"@type":"Article","@id":"https:\/\/footdavant.fr\/actualites\/john-obi-mikel-souhaite-tenter-victor-osimhen-dans-un-transfert-a-chelsea\/#article","isPartOf":{"@id":"https:\/\/footdavant.fr\/actualites\/john-obi-mikel-souhaite-tenter-victor-osimhen-dans-un-transfert-a-chelsea\/"},"author":{"name":"Cl\u00e9ment","@id":"https:\/\/footdavant.fr\/actualites\/#\/schema\/person\/bc222566d95871b37e597b3ed3ba5e1d"},"headline":"John Obi Mikel souhaite tenter Victor Osimhen dans un transfert \u00e0 Chelsea","datePublished":"2023-11-14T21:48:02+00:00","dateModified":"2023-11-14T21:48:02+00:00","mainEntityOfPage":{"@id":"https:\/\/footdavant.fr\/actualites\/john-obi-mikel-souhaite-tenter-victor-osimhen-dans-un-transfert-a-chelsea\/"},"wordCount":441,"publisher":{"@id":"https:\/\/footdavant.fr\/actualites\/#organization"},"keywords":["Chelsea","dans","John","Mikel","Obi","Osimhen","souhaite","tenter","transfert","Victor"],"articleSection":["Premier League"],"inLanguage":"fr-FR"},{"@type":"WebPage","@id":"https:\/\/footdavant.fr\/actualites\/john-obi-mikel-souhaite-tenter-victor-osimhen-dans-un-transfert-a-chelsea\/","url":"https:\/\/footdavant.fr\/actualites\/john-obi-mikel-souhaite-tenter-victor-osimhen-dans-un-transfert-a-chelsea\/","name":"John Obi Mikel souhaite tenter Victor Osimhen dans un transfert \u00e0 Chelsea","isPartOf":{"@id":"https:\/\/footdavant.fr\/actualites\/#website"},"datePublished":"2023-11-14T21:48:02+00:00","dateModified":"2023-11-14T21:48:02+00:00","breadcrumb":{"@id":"https:\/\/footdavant.fr\/actualites\/john-obi-mikel-souhaite-tenter-victor-osimhen-dans-un-transfert-a-chelsea\/#breadcrumb"},"inLanguage":"fr-FR","potentialAction":[{"@type":"ReadAction","target":["https:\/\/footdavant.fr\/actualites\/john-obi-mikel-souhaite-tenter-victor-osimhen-dans-un-transfert-a-chelsea\/"]}]},{"@type":"BreadcrumbList","@id":"https:\/\/footdavant.fr\/actualites\/john-obi-mikel-souhaite-tenter-victor-osimhen-dans-un-transfert-a-chelsea\/#breadcrumb","itemListElement":[{"@type":"ListItem","position":1,"name":"Accueil","item":"https:\/\/footdavant.fr\/actualites\/"},{"@type":"ListItem","position":2,"name":"John Obi Mikel souhaite tenter Victor Osimhen dans un transfert \u00e0 Chelsea"}]},{"@type":"WebSite","@id":"https:\/\/footdavant.fr\/actualites\/#website","url":"https:\/\/footdavant.fr\/actualites\/","name":"Foot d'avant","description":"","publisher":{"@id":"https:\/\/footdavant.fr\/actualites\/#organization"},"potentialAction":[{"@type":"SearchAction","target":{"@type":"EntryPoint","urlTemplate":"https:\/\/footdavant.fr\/actualites\/?s={search_term_string}"},"query-input":"required name=search_term_string"}],"inLanguage":"fr-FR"},{"@type":"Organization","@id":"https:\/\/footdavant.fr\/actualites\/#organization","name":"Foot d'avant","url":"https:\/\/footdavant.fr\/actualites\/","logo":{"@type":"ImageObject","inLanguage":"fr-FR","@id":"https:\/\/footdavant.fr\/actualites\/#\/schema\/logo\/image\/","url":"https:\/\/footdavant.fr\/actualites\/wp-content\/uploads\/2023\/09\/Copy-of-FootDavant-Logo.png","contentUrl":"https:\/\/footdavant.fr\/actualites\/wp-content\/uploads\/2023\/09\/Copy-of-FootDavant-Logo.png","width":936,"height":549,"caption":"Foot d'avant"},"image":{"@id":"https:\/\/footdavant.fr\/actualites\/#\/schema\/logo\/image\/"},"sameAs":["https:\/\/www.facebook.com\/Footdavant\/","https:\/\/twitter.com\/FootdavantFr","https:\/\/www.instagram.com\/footdavant.fr\/"]},{"@type":"Person","@id":"https:\/\/footdavant.fr\/actualites\/#\/schema\/person\/bc222566d95871b37e597b3ed3ba5e1d","name":"Cl\u00e9ment","image":{"@type":"ImageObject","inLanguage":"fr-FR","@id":"https:\/\/footdavant.fr\/actualites\/#\/schema\/person\/image\/","url":"https:\/\/secure.gravatar.com\/avatar\/7728b29aac2719421e1a9159b2254c44?s=96&d=mm&r=g","contentUrl":"https:\/\/secure.gravatar.com\/avatar\/7728b29aac2719421e1a9159b2254c44?s=96&d=mm&r=g","caption":"Cl\u00e9ment"},"sameAs":["https:\/\/footdavant.fr\/"]}]}},"_links":{"self":[{"href":"https:\/\/footdavant.fr\/actualites\/wp-json\/wp\/v2\/posts\/935"}],"collection":[{"href":"https:\/\/footdavant.fr\/actualites\/wp-json\/wp\/v2\/posts"}],"about":[{"href":"https:\/\/footdavant.fr\/actualites\/wp-json\/wp\/v2\/types\/post"}],"author":[{"embeddable":true,"href":"https:\/\/footdavant.fr\/actualites\/wp-json\/wp\/v2\/users\/1"}],"replies":[{"embeddable":true,"href":"https:\/\/footdavant.fr\/actualites\/wp-json\/wp\/v2\/comments?post=935"}],"version-history":[{"count":1,"href":"https:\/\/footdavant.fr\/actualites\/wp-json\/wp\/v2\/posts\/935\/revisions"}],"predecessor-version":[{"id":937,"href":"https:\/\/footdavant.fr\/actualites\/wp-json\/wp\/v2\/posts\/935\/revisions\/937"}],"wp:featuredmedia":[{"embeddable":true,"href":"https:\/\/footdavant.fr\/actualites\/wp-json\/wp\/v2\/media\/936"}],"wp:attachment":[{"href":"https:\/\/footdavant.fr\/actualites\/wp-json\/wp\/v2\/media?parent=935"}],"wp:term":[{"taxonomy":"category","embeddable":true,"href":"https:\/\/footdavant.fr\/actualites\/wp-json\/wp\/v2\/categories?post=935"},{"taxonomy":"post_tag","embeddable":true,"href":"https:\/\/footdavant.fr\/actualites\/wp-json\/wp\/v2\/tags?post=935"}],"curies":[{"name":"wp","href":"https:\/\/api.w.org\/{rel}","templated":true}]}}