{"id":9357,"date":"2024-05-31T08:48:17","date_gmt":"2024-05-31T06:48:17","guid":{"rendered":"https:\/\/footdavant.fr\/actualites\/tout-tourne-autour-du-benjamin\/"},"modified":"2024-05-31T08:48:19","modified_gmt":"2024-05-31T06:48:19","slug":"tout-tourne-autour-du-benjamin","status":"publish","type":"post","link":"https:\/\/footdavant.fr\/actualites\/tout-tourne-autour-du-benjamin\/","title":{"rendered":"Tout tourne autour du Benjamin"},"content":{"rendered":"<div>\n<p>Bonjour \u00e0 tous.<\/p>\n<p>Un blog tr\u00e8s rapide du vendredi pour vous.  L&#39;actualit\u00e9 principale d&#39;aujourd&#39;hui concerne les liens avec l&#39;attaquant slov\u00e8ne Benjamin Sesko \u2013 avec un rapport de John Cross disant qu&#39;Arsenal est en \u00ab pole position \u00bb pour recruter le joueur de 20 ans de Disgustingly Sweet Energy Drink Leipzig.<\/p>\n<p>Bien s\u00fbr, nous devrons attendre et voir comment cela se d\u00e9roulera, mais sur le papier, cela me semble logique.  J&#39;ai souvent dit ici que je ne voyais tout simplement pas Arsenal d\u00e9bourser plus de 100 millions de livres sterling pour des joueurs comme Victor Osimhen ou Viktor Gyokeres (pour les Victors, pas de butin \u2013 du moins du nord de Londres cet \u00e9t\u00e9), tandis que l&#39;int\u00e9r\u00eat signal\u00e9 pour Ivan Toney s&#39;est refroidi. significativement.  \u00c0 28 ans, d\u00e9penser une grosse somme d\u2019argent pour l\u2019homme de Brentford ne semblait pas vraiment \u00eatre quelque chose que nous ferions.<\/p>\n<p>L\u2019alternative \u00e9tait donc de rajeunir, de trouver quelqu\u2019un ayant le potentiel de devenir un attaquant de premier plan, et sur cette base, Sesko fait l\u2019affaire.  Soyons clairs, il est talentueux, mais toujours tr\u00e8s brut \u2013 comme on peut s&#39;y attendre pour la plupart des jeunes de 20 ans.  Les ingr\u00e9dients de base sont l\u00e0, il a une pr\u00e9sence physique (il mesure 1,80 \u2013 attention dans les virages !) et de bonnes capacit\u00e9s techniques, mais il a \u00e9videmment besoin d&#39;\u00eatre peaufin\u00e9.<\/p>\n<p>Mais cela aussi a du sens quand on a un entra\u00eeneur comme Mikel Arteta.  Rappelez-vous, c\u2019est un homme qui voulait Mykhaylo Mudryk et sentait qu\u2019il pouvait le fa\u00e7onner en quelque chose que nous n\u2019avons pas encore vu pendant son s\u00e9jour \u00e0 Chelsea.  Je ne dis pas qu&#39;il aime les projets, mais quand on consid\u00e8re le type d&#39;\u00e9quipe dans laquelle Sesko entrerait, avec le type de manager que nous avons, on peut voir \u00e0 quel point l&#39;environnement serait presque parfait pour son d\u00e9veloppement.<\/p>\n<p>Il ne serait pas un titulaire imm\u00e9diat, donc la pression ne serait pas aussi forte, et m\u00eame si les frais de transfert pourraient \u00eatre suffisamment importants (suggestions de 45 millions de livres sterling), ils repr\u00e9sentent toujours la moiti\u00e9 de ce qu&#39;Antony recherche sur le march\u00e9 actuel. .  Je ne pense pas que ce soit le genre de prix qui alourdirait un joueur \u2013 et de toute fa\u00e7on, nous avons d\u00e9montr\u00e9 que vous pouvez perdre 60 millions de livres sterling tout en finissant par en avoir pour votre argent.  Waka Waka!<\/p>\n<p>Encore une fois, ce sont des suppositions de ma part et, jusqu&#39;\u00e0 ce que quelque chose soit confirm\u00e9, cela restera des sp\u00e9culations \u2013 mais si Arsenal commen\u00e7ait la saison prochaine avec Kai Havertz \u00e0 l&#39;avant et Declan Rice dans quelque chose qui ressemble \u00e0 ce que nous appelons la 8e position gauche, je le ferais. Je ne serais pas du tout surpris.  L\u2019effet d\u2019entra\u00eenement de cela est la n\u00e9cessit\u00e9 d\u2019une signature de milieu de terrain en profondeur, peut-\u00eatre quelqu\u2019un comme Martin Zubimendi \u2013 au moins tant que Newcastle cherche quelque chose de pr\u00e8s de 100 millions de livres sterling pour Bruno Guimaraes.  Je ne pense pas que nous paierons cela, et je ne pense pas que nous devrions payer cela.  Il y a peut-\u00eatre d\u2019autres cibles pour ce poste.<\/p>\n<p>Ajouter un attaquant comme Sesko nous donne une vraie profondeur \u00e0 l&#39;avant-centre, et m\u00eame si cela me d\u00e9mange \u00e0 l&#39;id\u00e9e que nous signions aussi un ailier, si vous l&#39;aviez avec Havertz comme attaquants, avec Bukayo Saka, Gabriel Jesus (en forme \u00e0 100%, esp\u00e9rons-le), Gabriel Martinelli et Leandro Trossard comme larges options, c&#39;est une ligne avant tr\u00e8s savoureuse.  Quoi qu&#39;il en soit, voyons ce qui se passe avec celui-ci, mais il y a beaucoup de fum\u00e9e qui pourrait bien se transformer en incendie.<\/p>\n<p>Voici votre compilation YouTube obligatoire de ses buts\/passes de la saison derni\u00e8re (pied gauche, pied droit, t\u00eate).  Regarde.<\/p>\n<p><iframe loading=\"lazy\" title=\"Benjamin Sesko - All 18 Goals &amp; Assists 2023\/24 l HD 1080p\" width=\"1200\" height=\"675\" src=\"https:\/\/www.youtube.com\/embed\/29TkXFpuT6U?feature=oembed\" frameborder=\"0\" allow=\"accelerometer; autoplay; clipboard-write; encrypted-media; gyroscope; picture-in-picture; web-share\" referrerpolicy=\"strict-origin-when-cross-origin\" allowfullscreen><\/iframe><\/p>\n<p>D&#39;accord, je vais en rester l\u00e0 pour ce matin, mais il y a un tout nouvel Arsecast pour vous ci-dessous \u2013 discutant avec Harry Symeou d&#39;un nouvel accord pour le manager, des transferts d&#39;\u00e9t\u00e9 et bien plus encore.<\/p>\n<p>Appr\u00e9cier!<\/p>\n<p><iframe loading=\"lazy\" src=\"https:\/\/embed.acast.com\/a1a58121-6fb4-43cf-8156-8d6df6fc312f\/6658a2fd1468e10011ba7cea\" width=\"100%\" height=\"300px\" frameborder=\"0\"><\/iframe><\/p>\n<\/div>\n","protected":false},"excerpt":{"rendered":"<p>Bonjour \u00e0 tous. Un blog tr\u00e8s rapide du vendredi pour vous. L&#39;actualit\u00e9 principale d&#39;aujourd&#39;hui concerne les liens avec l&#39;attaquant slov\u00e8ne Benjamin Sesko \u2013 avec un<\/p>\n","protected":false},"author":1,"featured_media":9358,"comment_status":"closed","ping_status":"","sticky":false,"template":"","format":"standard","meta":{"footnotes":""},"categories":[3],"tags":[1248,4643,4429,291],"yoast_head":"<!-- This site is optimized with the Yoast SEO plugin v21.0 - https:\/\/yoast.com\/wordpress\/plugins\/seo\/ -->\n<title>Tout tourne autour du Benjamin<\/title>\n<meta name=\"robots\" content=\"index, follow, max-snippet:-1, max-image-preview:large, max-video-preview:-1\" \/>\n<link rel=\"canonical\" href=\"https:\/\/footdavant.fr\/actualites\/tout-tourne-autour-du-benjamin\/\" \/>\n<meta property=\"og:locale\" content=\"fr_FR\" \/>\n<meta property=\"og:type\" content=\"article\" \/>\n<meta property=\"og:title\" content=\"Tout tourne autour du Benjamin\" \/>\n<meta property=\"og:description\" content=\"Bonjour \u00e0 tous. Un blog tr\u00e8s rapide du vendredi pour vous. L&#039;actualit\u00e9 principale d&#039;aujourd&#039;hui concerne les liens avec l&#039;attaquant slov\u00e8ne Benjamin Sesko \u2013 avec un\" \/>\n<meta property=\"og:url\" content=\"https:\/\/footdavant.fr\/actualites\/tout-tourne-autour-du-benjamin\/\" \/>\n<meta property=\"og:site_name\" content=\"Foot d&#039;avant\" \/>\n<meta property=\"article:publisher\" content=\"https:\/\/www.facebook.com\/Footdavant\/\" \/>\n<meta property=\"article:published_time\" content=\"2024-05-31T06:48:17+00:00\" \/>\n<meta property=\"article:modified_time\" content=\"2024-05-31T06:48:19+00:00\" \/>\n<meta property=\"og:image\" content=\"https:\/\/footdavant.fr\/actualites\/wp-content\/uploads\/2024\/05\/Tout-tourne-autour-du-Benjamin.jpg\" \/>\n\t<meta property=\"og:image:width\" content=\"1500\" \/>\n\t<meta property=\"og:image:height\" content=\"750\" \/>\n\t<meta property=\"og:image:type\" content=\"image\/jpeg\" \/>\n<meta name=\"author\" content=\"Cl\u00e9ment\" \/>\n<meta name=\"twitter:card\" content=\"summary_large_image\" \/>\n<meta name=\"twitter:creator\" content=\"@FootdavantFr\" \/>\n<meta name=\"twitter:site\" content=\"@FootdavantFr\" \/>\n<meta name=\"twitter:label1\" content=\"\u00c9crit par\" \/>\n\t<meta name=\"twitter:data1\" content=\"Cl\u00e9ment\" \/>\n\t<meta name=\"twitter:label2\" content=\"Dur\u00e9e de lecture estim\u00e9e\" \/>\n\t<meta name=\"twitter:data2\" content=\"4 minutes\" \/>\n<script type=\"application\/ld+json\" class=\"yoast-schema-graph\">{\"@context\":\"https:\/\/schema.org\",\"@graph\":[{\"@type\":\"Article\",\"@id\":\"https:\/\/footdavant.fr\/actualites\/tout-tourne-autour-du-benjamin\/#article\",\"isPartOf\":{\"@id\":\"https:\/\/footdavant.fr\/actualites\/tout-tourne-autour-du-benjamin\/\"},\"author\":{\"name\":\"Cl\u00e9ment\",\"@id\":\"https:\/\/footdavant.fr\/actualites\/#\/schema\/person\/bc222566d95871b37e597b3ed3ba5e1d\"},\"headline\":\"Tout tourne autour du Benjamin\",\"datePublished\":\"2024-05-31T06:48:17+00:00\",\"dateModified\":\"2024-05-31T06:48:19+00:00\",\"mainEntityOfPage\":{\"@id\":\"https:\/\/footdavant.fr\/actualites\/tout-tourne-autour-du-benjamin\/\"},\"wordCount\":725,\"publisher\":{\"@id\":\"https:\/\/footdavant.fr\/actualites\/#organization\"},\"keywords\":[\"autour\",\"Benjamin\",\"tourne\",\"tout\"],\"articleSection\":[\"Football\"],\"inLanguage\":\"fr-FR\"},{\"@type\":\"WebPage\",\"@id\":\"https:\/\/footdavant.fr\/actualites\/tout-tourne-autour-du-benjamin\/\",\"url\":\"https:\/\/footdavant.fr\/actualites\/tout-tourne-autour-du-benjamin\/\",\"name\":\"Tout tourne autour du Benjamin\",\"isPartOf\":{\"@id\":\"https:\/\/footdavant.fr\/actualites\/#website\"},\"datePublished\":\"2024-05-31T06:48:17+00:00\",\"dateModified\":\"2024-05-31T06:48:19+00:00\",\"breadcrumb\":{\"@id\":\"https:\/\/footdavant.fr\/actualites\/tout-tourne-autour-du-benjamin\/#breadcrumb\"},\"inLanguage\":\"fr-FR\",\"potentialAction\":[{\"@type\":\"ReadAction\",\"target\":[\"https:\/\/footdavant.fr\/actualites\/tout-tourne-autour-du-benjamin\/\"]}]},{\"@type\":\"BreadcrumbList\",\"@id\":\"https:\/\/footdavant.fr\/actualites\/tout-tourne-autour-du-benjamin\/#breadcrumb\",\"itemListElement\":[{\"@type\":\"ListItem\",\"position\":1,\"name\":\"Accueil\",\"item\":\"https:\/\/footdavant.fr\/actualites\/\"},{\"@type\":\"ListItem\",\"position\":2,\"name\":\"Tout tourne autour du Benjamin\"}]},{\"@type\":\"WebSite\",\"@id\":\"https:\/\/footdavant.fr\/actualites\/#website\",\"url\":\"https:\/\/footdavant.fr\/actualites\/\",\"name\":\"Foot d'avant\",\"description\":\"\",\"publisher\":{\"@id\":\"https:\/\/footdavant.fr\/actualites\/#organization\"},\"potentialAction\":[{\"@type\":\"SearchAction\",\"target\":{\"@type\":\"EntryPoint\",\"urlTemplate\":\"https:\/\/footdavant.fr\/actualites\/?s={search_term_string}\"},\"query-input\":\"required name=search_term_string\"}],\"inLanguage\":\"fr-FR\"},{\"@type\":\"Organization\",\"@id\":\"https:\/\/footdavant.fr\/actualites\/#organization\",\"name\":\"Foot d'avant\",\"url\":\"https:\/\/footdavant.fr\/actualites\/\",\"logo\":{\"@type\":\"ImageObject\",\"inLanguage\":\"fr-FR\",\"@id\":\"https:\/\/footdavant.fr\/actualites\/#\/schema\/logo\/image\/\",\"url\":\"https:\/\/footdavant.fr\/actualites\/wp-content\/uploads\/2023\/09\/Copy-of-FootDavant-Logo.png\",\"contentUrl\":\"https:\/\/footdavant.fr\/actualites\/wp-content\/uploads\/2023\/09\/Copy-of-FootDavant-Logo.png\",\"width\":936,\"height\":549,\"caption\":\"Foot d'avant\"},\"image\":{\"@id\":\"https:\/\/footdavant.fr\/actualites\/#\/schema\/logo\/image\/\"},\"sameAs\":[\"https:\/\/www.facebook.com\/Footdavant\/\",\"https:\/\/twitter.com\/FootdavantFr\",\"https:\/\/www.instagram.com\/footdavant.fr\/\"]},{\"@type\":\"Person\",\"@id\":\"https:\/\/footdavant.fr\/actualites\/#\/schema\/person\/bc222566d95871b37e597b3ed3ba5e1d\",\"name\":\"Cl\u00e9ment\",\"image\":{\"@type\":\"ImageObject\",\"inLanguage\":\"fr-FR\",\"@id\":\"https:\/\/footdavant.fr\/actualites\/#\/schema\/person\/image\/\",\"url\":\"https:\/\/secure.gravatar.com\/avatar\/7728b29aac2719421e1a9159b2254c44?s=96&d=mm&r=g\",\"contentUrl\":\"https:\/\/secure.gravatar.com\/avatar\/7728b29aac2719421e1a9159b2254c44?s=96&d=mm&r=g\",\"caption\":\"Cl\u00e9ment\"},\"sameAs\":[\"https:\/\/footdavant.fr\/\"]}]}<\/script>\n<!-- \/ Yoast SEO plugin. -->","yoast_head_json":{"title":"Tout tourne autour du Benjamin","robots":{"index":"index","follow":"follow","max-snippet":"max-snippet:-1","max-image-preview":"max-image-preview:large","max-video-preview":"max-video-preview:-1"},"canonical":"https:\/\/footdavant.fr\/actualites\/tout-tourne-autour-du-benjamin\/","og_locale":"fr_FR","og_type":"article","og_title":"Tout tourne autour du Benjamin","og_description":"Bonjour \u00e0 tous. Un blog tr\u00e8s rapide du vendredi pour vous. L&#39;actualit\u00e9 principale d&#39;aujourd&#39;hui concerne les liens avec l&#39;attaquant slov\u00e8ne Benjamin Sesko \u2013 avec un","og_url":"https:\/\/footdavant.fr\/actualites\/tout-tourne-autour-du-benjamin\/","og_site_name":"Foot d&#039;avant","article_publisher":"https:\/\/www.facebook.com\/Footdavant\/","article_published_time":"2024-05-31T06:48:17+00:00","article_modified_time":"2024-05-31T06:48:19+00:00","og_image":[{"width":1500,"height":750,"url":"https:\/\/footdavant.fr\/actualites\/wp-content\/uploads\/2024\/05\/Tout-tourne-autour-du-Benjamin.jpg","type":"image\/jpeg"}],"author":"Cl\u00e9ment","twitter_card":"summary_large_image","twitter_creator":"@FootdavantFr","twitter_site":"@FootdavantFr","twitter_misc":{"\u00c9crit par":"Cl\u00e9ment","Dur\u00e9e de lecture estim\u00e9e":"4 minutes"},"schema":{"@context":"https:\/\/schema.org","@graph":[{"@type":"Article","@id":"https:\/\/footdavant.fr\/actualites\/tout-tourne-autour-du-benjamin\/#article","isPartOf":{"@id":"https:\/\/footdavant.fr\/actualites\/tout-tourne-autour-du-benjamin\/"},"author":{"name":"Cl\u00e9ment","@id":"https:\/\/footdavant.fr\/actualites\/#\/schema\/person\/bc222566d95871b37e597b3ed3ba5e1d"},"headline":"Tout tourne autour du Benjamin","datePublished":"2024-05-31T06:48:17+00:00","dateModified":"2024-05-31T06:48:19+00:00","mainEntityOfPage":{"@id":"https:\/\/footdavant.fr\/actualites\/tout-tourne-autour-du-benjamin\/"},"wordCount":725,"publisher":{"@id":"https:\/\/footdavant.fr\/actualites\/#organization"},"keywords":["autour","Benjamin","tourne","tout"],"articleSection":["Football"],"inLanguage":"fr-FR"},{"@type":"WebPage","@id":"https:\/\/footdavant.fr\/actualites\/tout-tourne-autour-du-benjamin\/","url":"https:\/\/footdavant.fr\/actualites\/tout-tourne-autour-du-benjamin\/","name":"Tout tourne autour du Benjamin","isPartOf":{"@id":"https:\/\/footdavant.fr\/actualites\/#website"},"datePublished":"2024-05-31T06:48:17+00:00","dateModified":"2024-05-31T06:48:19+00:00","breadcrumb":{"@id":"https:\/\/footdavant.fr\/actualites\/tout-tourne-autour-du-benjamin\/#breadcrumb"},"inLanguage":"fr-FR","potentialAction":[{"@type":"ReadAction","target":["https:\/\/footdavant.fr\/actualites\/tout-tourne-autour-du-benjamin\/"]}]},{"@type":"BreadcrumbList","@id":"https:\/\/footdavant.fr\/actualites\/tout-tourne-autour-du-benjamin\/#breadcrumb","itemListElement":[{"@type":"ListItem","position":1,"name":"Accueil","item":"https:\/\/footdavant.fr\/actualites\/"},{"@type":"ListItem","position":2,"name":"Tout tourne autour du Benjamin"}]},{"@type":"WebSite","@id":"https:\/\/footdavant.fr\/actualites\/#website","url":"https:\/\/footdavant.fr\/actualites\/","name":"Foot d'avant","description":"","publisher":{"@id":"https:\/\/footdavant.fr\/actualites\/#organization"},"potentialAction":[{"@type":"SearchAction","target":{"@type":"EntryPoint","urlTemplate":"https:\/\/footdavant.fr\/actualites\/?s={search_term_string}"},"query-input":"required name=search_term_string"}],"inLanguage":"fr-FR"},{"@type":"Organization","@id":"https:\/\/footdavant.fr\/actualites\/#organization","name":"Foot d'avant","url":"https:\/\/footdavant.fr\/actualites\/","logo":{"@type":"ImageObject","inLanguage":"fr-FR","@id":"https:\/\/footdavant.fr\/actualites\/#\/schema\/logo\/image\/","url":"https:\/\/footdavant.fr\/actualites\/wp-content\/uploads\/2023\/09\/Copy-of-FootDavant-Logo.png","contentUrl":"https:\/\/footdavant.fr\/actualites\/wp-content\/uploads\/2023\/09\/Copy-of-FootDavant-Logo.png","width":936,"height":549,"caption":"Foot d'avant"},"image":{"@id":"https:\/\/footdavant.fr\/actualites\/#\/schema\/logo\/image\/"},"sameAs":["https:\/\/www.facebook.com\/Footdavant\/","https:\/\/twitter.com\/FootdavantFr","https:\/\/www.instagram.com\/footdavant.fr\/"]},{"@type":"Person","@id":"https:\/\/footdavant.fr\/actualites\/#\/schema\/person\/bc222566d95871b37e597b3ed3ba5e1d","name":"Cl\u00e9ment","image":{"@type":"ImageObject","inLanguage":"fr-FR","@id":"https:\/\/footdavant.fr\/actualites\/#\/schema\/person\/image\/","url":"https:\/\/secure.gravatar.com\/avatar\/7728b29aac2719421e1a9159b2254c44?s=96&d=mm&r=g","contentUrl":"https:\/\/secure.gravatar.com\/avatar\/7728b29aac2719421e1a9159b2254c44?s=96&d=mm&r=g","caption":"Cl\u00e9ment"},"sameAs":["https:\/\/footdavant.fr\/"]}]}},"_links":{"self":[{"href":"https:\/\/footdavant.fr\/actualites\/wp-json\/wp\/v2\/posts\/9357"}],"collection":[{"href":"https:\/\/footdavant.fr\/actualites\/wp-json\/wp\/v2\/posts"}],"about":[{"href":"https:\/\/footdavant.fr\/actualites\/wp-json\/wp\/v2\/types\/post"}],"author":[{"embeddable":true,"href":"https:\/\/footdavant.fr\/actualites\/wp-json\/wp\/v2\/users\/1"}],"replies":[{"embeddable":true,"href":"https:\/\/footdavant.fr\/actualites\/wp-json\/wp\/v2\/comments?post=9357"}],"version-history":[{"count":1,"href":"https:\/\/footdavant.fr\/actualites\/wp-json\/wp\/v2\/posts\/9357\/revisions"}],"predecessor-version":[{"id":9359,"href":"https:\/\/footdavant.fr\/actualites\/wp-json\/wp\/v2\/posts\/9357\/revisions\/9359"}],"wp:featuredmedia":[{"embeddable":true,"href":"https:\/\/footdavant.fr\/actualites\/wp-json\/wp\/v2\/media\/9358"}],"wp:attachment":[{"href":"https:\/\/footdavant.fr\/actualites\/wp-json\/wp\/v2\/media?parent=9357"}],"wp:term":[{"taxonomy":"category","embeddable":true,"href":"https:\/\/footdavant.fr\/actualites\/wp-json\/wp\/v2\/categories?post=9357"},{"taxonomy":"post_tag","embeddable":true,"href":"https:\/\/footdavant.fr\/actualites\/wp-json\/wp\/v2\/tags?post=9357"}],"curies":[{"name":"wp","href":"https:\/\/api.w.org\/{rel}","templated":true}]}}