{"id":9366,"date":"2024-05-31T12:48:07","date_gmt":"2024-05-31T10:48:07","guid":{"rendered":"https:\/\/footdavant.fr\/actualites\/les-geants-de-leuro-contactent-lagent-du-joueur-de-liverpool-malgre-laveu-public\/"},"modified":"2024-05-31T12:48:08","modified_gmt":"2024-05-31T10:48:08","slug":"les-geants-de-leuro-contactent-lagent-du-joueur-de-liverpool-malgre-laveu-public","status":"publish","type":"post","link":"https:\/\/footdavant.fr\/actualites\/les-geants-de-leuro-contactent-lagent-du-joueur-de-liverpool-malgre-laveu-public\/","title":{"rendered":"Les g\u00e9ants de l&#39;euro contactent l&#39;agent du joueur de Liverpool malgr\u00e9 l&#39;aveu public"},"content":{"rendered":"<div id=\"article-body\">\n<!-- Article Start --><\/p>\n<p>Son compatriote Arne Slot devrait succ\u00e9der \u00e0 Jurgen Klopp \u00e0 la t\u00eate d&#39;Anfield, commen\u00e7ant officiellement ses fonctions le 1er juin.<\/p>\n<p>  a d\u00e9clar\u00e9 l&#39;ancienne star du Bayern \u00e0 Algemeen Dagblad (via le Mirror).<\/p>\n<p>Une indication assez claire de la situation du joueur de 22 ans au milieu des sp\u00e9culations sur son avenir dans le Merseyside.<\/p>\n<p>Pourtant, cela n\u2019a pas emp\u00each\u00e9 les rapports sur l\u2019int\u00e9r\u00eat manifest\u00e9 pour les services du milieu de terrain avant la fen\u00eatre estivale.<\/p>\n<p>Le m\u00e9dia italien Calciomercato (via Sport Witness) rapporte d\u00e9sormais que le footballeur fait l&#39;objet d&#39;un int\u00e9r\u00eat de la part de l&#39;AC Milan.  L&#39;\u00e9quipe de Serie A aurait pris contact avec l&#39;agent de Gravenberch, Enzo Raiola, et lui aurait exprim\u00e9 son appr\u00e9ciation.<\/p>\n<p>Le mercato estival ne s&#39;ouvrira que le 14 juin pour les \u00e9quipes de Premier League.  En attendant, que diriez-vous de jouer avec les meilleures machines \u00e0 sous en ligne pour de l&#39;argent r\u00e9el ?<\/p>\n<\/p>\n<p><iframe class=\"lazyload\" style=\"border-radius: 12px\" width=\"100%\" height=\"152\" title=\"Spotify Embed: #Ep108 of The Empire of the Kop Podcast: EOTK Insider with Neil Jones\ud83c\udf99\ufe0f\" frameborder=\"0\" allowfullscreen=\"\" allow=\"autoplay; clipboard-write; encrypted-media; fullscreen; picture-in-picture\" data-src=\"https:\/\/open.spotify.com\/embed\/episode\/7jLMrDFu8CP7aWRqv92IbX?si=86vRLVM1TYOI7ufvejXyOw&amp;utm_source=oembed\"><\/iframe><\/p>\n<\/p>\n<h2>Liverpool devrait-il vendre Ryan Gravenberch ?<\/h2>\n<figure class=\"wp-caption alignnone\"><picture><source type=\"image\/webp\" data- data-><\/source><\/picture><figcaption class=\"wp-caption-text\">Ryan Gravenberch \u00e0 l&#39;entra\u00eenement aux Pays-Bas \u2013 (Photo de KOEN VAN WEEL\/ANP\/AFP via Getty Images)<\/figcaption><\/figure>\n<p>M\u00eame si l&#39;ancienne sensation de l&#39;Ajax n&#39;a pas connu une premi\u00e8re saison m\u00e9morable dans le football anglais, il semblerait alarmant que Liverpool se s\u00e9pare de ses services si t\u00f4t.<\/p>\n<p>En effet, si Darwin Nunez et Cody Gakpo ont l\u2019occasion d\u2019impressionner en 2024\/25, nous ne voyons aucune raison de ne pas ajouter Gravenberch \u00e0 cette liste.<\/p>\n<p>L\u2019arriv\u00e9e d\u2019Arne Slot offrira l\u2019opportunit\u00e9 de repartir \u00e0 z\u00e9ro \u2013 une chance que nous esp\u00e9rons que le N\u00e9erlandais saisira \u00e0 deux mains.<\/p>\n<p>Nous sommes convaincus du potentiel vraiment exceptionnel de notre n\u00b038 dans le jeu.  Si notre nouvel entra\u00eeneur-chef peut \u00eatre \u00e0 la hauteur de sa r\u00e9putation de d\u00e9veloppement de talents, nous pourrions avoir une perspective assez effrayante entre nos mains dans un avenir pr\u00e9visible.<\/p>\n<h2>Liverpool pourrait-il vendre quelqu\u2019un cet \u00e9t\u00e9 ?<\/h2>\n<figure class=\"wp-caption alignnone\"><picture><source type=\"image\/webp\" data- data-><img decoding=\"async\" src=\"https:\/\/footdavant.fr\/actualites\/wp-content\/uploads\/2024\/05\/1717152487_416_Les-geants-de-l39euro-contactent-l39agent-du-joueur-de-Liverpool.jpg\" class=\"lazyload wp-image-255420 has-webp\" title=\"Salah, Liverpool, Gravenberch\"  data- style=\"aspect-ratio:2691\/1794;max-width:2691px\"><\/source><\/picture><figcaption class=\"wp-caption-text\">Mo Salah et le patron sortant Jurgen Klopp \u2013 (Photo de PAUL ELLIS\/AFP via Getty Images)<\/figcaption><\/figure>\n<p>L\u2019option la plus probable \u00e0 cet \u00e9gard serait probablement notre roi \u00e9gyptien, Mo Salah.<\/p>\n<p>M\u00eame alors, le joueur de 31 ans a publiquement confirm\u00e9 son d\u00e9sir d\u2019aider Liverpool \u00e0 se battre \u00e0 nouveau pour l\u2019argenterie lors de la prochaine campagne.<\/p>\n<p>De m\u00eame, les points d&#39;interrogation sur Nunez ont \u00e9t\u00e9 mis de c\u00f4t\u00e9, Ben Jacobs de CaughtOffside notant que le hotshot uruguayen est consid\u00e9r\u00e9 comme la cl\u00e9 de la transition de Klopp \u00e0 Slot.<\/p>\n<p>C\u00f4t\u00e9 d\u00e9penses, cela risque fort d&#39;\u00eatre calme !<\/p>\n<\/p>\n<p><span class=\"embed-youtube\" style=\"text-align:center; display: block;\"><\/span><\/p>\n<p><!-- Article End -->\t\t\t\t<\/div>\n<p><script async src=\"\/\/www.instagram.com\/embed.js\"><\/script><\/p>\n","protected":false},"excerpt":{"rendered":"<p>Son compatriote Arne Slot devrait succ\u00e9der \u00e0 Jurgen Klopp \u00e0 la t\u00eate d&#39;Anfield, commen\u00e7ant officiellement ses fonctions le 1er juin. a d\u00e9clar\u00e9 l&#39;ancienne star du<\/p>\n","protected":false},"author":1,"featured_media":8010,"comment_status":"closed","ping_status":"","sticky":false,"template":"","format":"standard","meta":{"footnotes":""},"categories":[3],"tags":[5160,4740,1221,4517,5161,4287,93,53,2520,5162],"yoast_head":"<!-- This site is optimized with the Yoast SEO plugin v21.0 - https:\/\/yoast.com\/wordpress\/plugins\/seo\/ -->\n<title>Les g\u00e9ants de l&#039;euro contactent l&#039;agent du joueur de Liverpool malgr\u00e9 l&#039;aveu public<\/title>\n<meta name=\"robots\" content=\"index, follow, max-snippet:-1, max-image-preview:large, max-video-preview:-1\" \/>\n<link rel=\"canonical\" href=\"https:\/\/footdavant.fr\/actualites\/les-geants-de-leuro-contactent-lagent-du-joueur-de-liverpool-malgre-laveu-public\/\" \/>\n<meta property=\"og:locale\" content=\"fr_FR\" \/>\n<meta property=\"og:type\" content=\"article\" \/>\n<meta property=\"og:title\" content=\"Les g\u00e9ants de l&#039;euro contactent l&#039;agent du joueur de Liverpool malgr\u00e9 l&#039;aveu public\" \/>\n<meta property=\"og:description\" content=\"Son compatriote Arne Slot devrait succ\u00e9der \u00e0 Jurgen Klopp \u00e0 la t\u00eate d&#039;Anfield, commen\u00e7ant officiellement ses fonctions le 1er juin. a d\u00e9clar\u00e9 l&#039;ancienne star du\" \/>\n<meta property=\"og:url\" content=\"https:\/\/footdavant.fr\/actualites\/les-geants-de-leuro-contactent-lagent-du-joueur-de-liverpool-malgre-laveu-public\/\" \/>\n<meta property=\"og:site_name\" content=\"Foot d&#039;avant\" \/>\n<meta property=\"article:publisher\" content=\"https:\/\/www.facebook.com\/Footdavant\/\" \/>\n<meta property=\"article:published_time\" content=\"2024-05-31T10:48:07+00:00\" \/>\n<meta property=\"article:modified_time\" content=\"2024-05-31T10:48:08+00:00\" \/>\n<meta property=\"og:image\" content=\"https:\/\/footdavant.fr\/actualites\/wp-content\/uploads\/2024\/04\/1714128504_Comment-Liverpool-s39adapte-au-jeu-moderne-scaled.jpg\" \/>\n\t<meta property=\"og:image:width\" content=\"2560\" \/>\n\t<meta property=\"og:image:height\" content=\"1707\" \/>\n\t<meta property=\"og:image:type\" content=\"image\/jpeg\" \/>\n<meta name=\"author\" content=\"Cl\u00e9ment\" \/>\n<meta name=\"twitter:card\" content=\"summary_large_image\" \/>\n<meta name=\"twitter:creator\" content=\"@FootdavantFr\" \/>\n<meta name=\"twitter:site\" content=\"@FootdavantFr\" \/>\n<meta name=\"twitter:label1\" content=\"\u00c9crit par\" \/>\n\t<meta name=\"twitter:data1\" content=\"Cl\u00e9ment\" \/>\n\t<meta name=\"twitter:label2\" content=\"Dur\u00e9e de lecture estim\u00e9e\" \/>\n\t<meta name=\"twitter:data2\" content=\"2 minutes\" \/>\n<script type=\"application\/ld+json\" class=\"yoast-schema-graph\">{\"@context\":\"https:\/\/schema.org\",\"@graph\":[{\"@type\":\"Article\",\"@id\":\"https:\/\/footdavant.fr\/actualites\/les-geants-de-leuro-contactent-lagent-du-joueur-de-liverpool-malgre-laveu-public\/#article\",\"isPartOf\":{\"@id\":\"https:\/\/footdavant.fr\/actualites\/les-geants-de-leuro-contactent-lagent-du-joueur-de-liverpool-malgre-laveu-public\/\"},\"author\":{\"name\":\"Cl\u00e9ment\",\"@id\":\"https:\/\/footdavant.fr\/actualites\/#\/schema\/person\/bc222566d95871b37e597b3ed3ba5e1d\"},\"headline\":\"Les g\u00e9ants de l&#39;euro contactent l&#39;agent du joueur de Liverpool malgr\u00e9 l&#39;aveu public\",\"datePublished\":\"2024-05-31T10:48:07+00:00\",\"dateModified\":\"2024-05-31T10:48:08+00:00\",\"mainEntityOfPage\":{\"@id\":\"https:\/\/footdavant.fr\/actualites\/les-geants-de-leuro-contactent-lagent-du-joueur-de-liverpool-malgre-laveu-public\/\"},\"wordCount\":453,\"publisher\":{\"@id\":\"https:\/\/footdavant.fr\/actualites\/#organization\"},\"keywords\":[\"contactent\",\"g\u00e9ants\",\"joueur\",\"L39agent\",\"l39aveu\",\"l39Euro\",\"les\",\"Liverpool\",\"malgr\u00e9\",\"public\"],\"articleSection\":[\"Football\"],\"inLanguage\":\"fr-FR\"},{\"@type\":\"WebPage\",\"@id\":\"https:\/\/footdavant.fr\/actualites\/les-geants-de-leuro-contactent-lagent-du-joueur-de-liverpool-malgre-laveu-public\/\",\"url\":\"https:\/\/footdavant.fr\/actualites\/les-geants-de-leuro-contactent-lagent-du-joueur-de-liverpool-malgre-laveu-public\/\",\"name\":\"Les g\u00e9ants de l&#39;euro contactent l&#39;agent du joueur de Liverpool malgr\u00e9 l&#39;aveu public\",\"isPartOf\":{\"@id\":\"https:\/\/footdavant.fr\/actualites\/#website\"},\"datePublished\":\"2024-05-31T10:48:07+00:00\",\"dateModified\":\"2024-05-31T10:48:08+00:00\",\"breadcrumb\":{\"@id\":\"https:\/\/footdavant.fr\/actualites\/les-geants-de-leuro-contactent-lagent-du-joueur-de-liverpool-malgre-laveu-public\/#breadcrumb\"},\"inLanguage\":\"fr-FR\",\"potentialAction\":[{\"@type\":\"ReadAction\",\"target\":[\"https:\/\/footdavant.fr\/actualites\/les-geants-de-leuro-contactent-lagent-du-joueur-de-liverpool-malgre-laveu-public\/\"]}]},{\"@type\":\"BreadcrumbList\",\"@id\":\"https:\/\/footdavant.fr\/actualites\/les-geants-de-leuro-contactent-lagent-du-joueur-de-liverpool-malgre-laveu-public\/#breadcrumb\",\"itemListElement\":[{\"@type\":\"ListItem\",\"position\":1,\"name\":\"Accueil\",\"item\":\"https:\/\/footdavant.fr\/actualites\/\"},{\"@type\":\"ListItem\",\"position\":2,\"name\":\"Les g\u00e9ants de l&#39;euro contactent l&#39;agent du joueur de Liverpool malgr\u00e9 l&#39;aveu public\"}]},{\"@type\":\"WebSite\",\"@id\":\"https:\/\/footdavant.fr\/actualites\/#website\",\"url\":\"https:\/\/footdavant.fr\/actualites\/\",\"name\":\"Foot d'avant\",\"description\":\"\",\"publisher\":{\"@id\":\"https:\/\/footdavant.fr\/actualites\/#organization\"},\"potentialAction\":[{\"@type\":\"SearchAction\",\"target\":{\"@type\":\"EntryPoint\",\"urlTemplate\":\"https:\/\/footdavant.fr\/actualites\/?s={search_term_string}\"},\"query-input\":\"required name=search_term_string\"}],\"inLanguage\":\"fr-FR\"},{\"@type\":\"Organization\",\"@id\":\"https:\/\/footdavant.fr\/actualites\/#organization\",\"name\":\"Foot d'avant\",\"url\":\"https:\/\/footdavant.fr\/actualites\/\",\"logo\":{\"@type\":\"ImageObject\",\"inLanguage\":\"fr-FR\",\"@id\":\"https:\/\/footdavant.fr\/actualites\/#\/schema\/logo\/image\/\",\"url\":\"https:\/\/footdavant.fr\/actualites\/wp-content\/uploads\/2023\/09\/Copy-of-FootDavant-Logo.png\",\"contentUrl\":\"https:\/\/footdavant.fr\/actualites\/wp-content\/uploads\/2023\/09\/Copy-of-FootDavant-Logo.png\",\"width\":936,\"height\":549,\"caption\":\"Foot d'avant\"},\"image\":{\"@id\":\"https:\/\/footdavant.fr\/actualites\/#\/schema\/logo\/image\/\"},\"sameAs\":[\"https:\/\/www.facebook.com\/Footdavant\/\",\"https:\/\/twitter.com\/FootdavantFr\",\"https:\/\/www.instagram.com\/footdavant.fr\/\"]},{\"@type\":\"Person\",\"@id\":\"https:\/\/footdavant.fr\/actualites\/#\/schema\/person\/bc222566d95871b37e597b3ed3ba5e1d\",\"name\":\"Cl\u00e9ment\",\"image\":{\"@type\":\"ImageObject\",\"inLanguage\":\"fr-FR\",\"@id\":\"https:\/\/footdavant.fr\/actualites\/#\/schema\/person\/image\/\",\"url\":\"https:\/\/secure.gravatar.com\/avatar\/7728b29aac2719421e1a9159b2254c44?s=96&d=mm&r=g\",\"contentUrl\":\"https:\/\/secure.gravatar.com\/avatar\/7728b29aac2719421e1a9159b2254c44?s=96&d=mm&r=g\",\"caption\":\"Cl\u00e9ment\"},\"sameAs\":[\"https:\/\/footdavant.fr\/\"]}]}<\/script>\n<!-- \/ Yoast SEO plugin. -->","yoast_head_json":{"title":"Les g\u00e9ants de l&#39;euro contactent l&#39;agent du joueur de Liverpool malgr\u00e9 l&#39;aveu public","robots":{"index":"index","follow":"follow","max-snippet":"max-snippet:-1","max-image-preview":"max-image-preview:large","max-video-preview":"max-video-preview:-1"},"canonical":"https:\/\/footdavant.fr\/actualites\/les-geants-de-leuro-contactent-lagent-du-joueur-de-liverpool-malgre-laveu-public\/","og_locale":"fr_FR","og_type":"article","og_title":"Les g\u00e9ants de l&#39;euro contactent l&#39;agent du joueur de Liverpool malgr\u00e9 l&#39;aveu public","og_description":"Son compatriote Arne Slot devrait succ\u00e9der \u00e0 Jurgen Klopp \u00e0 la t\u00eate d&#39;Anfield, commen\u00e7ant officiellement ses fonctions le 1er juin. a d\u00e9clar\u00e9 l&#39;ancienne star du","og_url":"https:\/\/footdavant.fr\/actualites\/les-geants-de-leuro-contactent-lagent-du-joueur-de-liverpool-malgre-laveu-public\/","og_site_name":"Foot d&#039;avant","article_publisher":"https:\/\/www.facebook.com\/Footdavant\/","article_published_time":"2024-05-31T10:48:07+00:00","article_modified_time":"2024-05-31T10:48:08+00:00","og_image":[{"width":2560,"height":1707,"url":"https:\/\/footdavant.fr\/actualites\/wp-content\/uploads\/2024\/04\/1714128504_Comment-Liverpool-s39adapte-au-jeu-moderne-scaled.jpg","type":"image\/jpeg"}],"author":"Cl\u00e9ment","twitter_card":"summary_large_image","twitter_creator":"@FootdavantFr","twitter_site":"@FootdavantFr","twitter_misc":{"\u00c9crit par":"Cl\u00e9ment","Dur\u00e9e de lecture estim\u00e9e":"2 minutes"},"schema":{"@context":"https:\/\/schema.org","@graph":[{"@type":"Article","@id":"https:\/\/footdavant.fr\/actualites\/les-geants-de-leuro-contactent-lagent-du-joueur-de-liverpool-malgre-laveu-public\/#article","isPartOf":{"@id":"https:\/\/footdavant.fr\/actualites\/les-geants-de-leuro-contactent-lagent-du-joueur-de-liverpool-malgre-laveu-public\/"},"author":{"name":"Cl\u00e9ment","@id":"https:\/\/footdavant.fr\/actualites\/#\/schema\/person\/bc222566d95871b37e597b3ed3ba5e1d"},"headline":"Les g\u00e9ants de l&#39;euro contactent l&#39;agent du joueur de Liverpool malgr\u00e9 l&#39;aveu public","datePublished":"2024-05-31T10:48:07+00:00","dateModified":"2024-05-31T10:48:08+00:00","mainEntityOfPage":{"@id":"https:\/\/footdavant.fr\/actualites\/les-geants-de-leuro-contactent-lagent-du-joueur-de-liverpool-malgre-laveu-public\/"},"wordCount":453,"publisher":{"@id":"https:\/\/footdavant.fr\/actualites\/#organization"},"keywords":["contactent","g\u00e9ants","joueur","L39agent","l39aveu","l39Euro","les","Liverpool","malgr\u00e9","public"],"articleSection":["Football"],"inLanguage":"fr-FR"},{"@type":"WebPage","@id":"https:\/\/footdavant.fr\/actualites\/les-geants-de-leuro-contactent-lagent-du-joueur-de-liverpool-malgre-laveu-public\/","url":"https:\/\/footdavant.fr\/actualites\/les-geants-de-leuro-contactent-lagent-du-joueur-de-liverpool-malgre-laveu-public\/","name":"Les g\u00e9ants de l&#39;euro contactent l&#39;agent du joueur de Liverpool malgr\u00e9 l&#39;aveu public","isPartOf":{"@id":"https:\/\/footdavant.fr\/actualites\/#website"},"datePublished":"2024-05-31T10:48:07+00:00","dateModified":"2024-05-31T10:48:08+00:00","breadcrumb":{"@id":"https:\/\/footdavant.fr\/actualites\/les-geants-de-leuro-contactent-lagent-du-joueur-de-liverpool-malgre-laveu-public\/#breadcrumb"},"inLanguage":"fr-FR","potentialAction":[{"@type":"ReadAction","target":["https:\/\/footdavant.fr\/actualites\/les-geants-de-leuro-contactent-lagent-du-joueur-de-liverpool-malgre-laveu-public\/"]}]},{"@type":"BreadcrumbList","@id":"https:\/\/footdavant.fr\/actualites\/les-geants-de-leuro-contactent-lagent-du-joueur-de-liverpool-malgre-laveu-public\/#breadcrumb","itemListElement":[{"@type":"ListItem","position":1,"name":"Accueil","item":"https:\/\/footdavant.fr\/actualites\/"},{"@type":"ListItem","position":2,"name":"Les g\u00e9ants de l&#39;euro contactent l&#39;agent du joueur de Liverpool malgr\u00e9 l&#39;aveu public"}]},{"@type":"WebSite","@id":"https:\/\/footdavant.fr\/actualites\/#website","url":"https:\/\/footdavant.fr\/actualites\/","name":"Foot d'avant","description":"","publisher":{"@id":"https:\/\/footdavant.fr\/actualites\/#organization"},"potentialAction":[{"@type":"SearchAction","target":{"@type":"EntryPoint","urlTemplate":"https:\/\/footdavant.fr\/actualites\/?s={search_term_string}"},"query-input":"required name=search_term_string"}],"inLanguage":"fr-FR"},{"@type":"Organization","@id":"https:\/\/footdavant.fr\/actualites\/#organization","name":"Foot d'avant","url":"https:\/\/footdavant.fr\/actualites\/","logo":{"@type":"ImageObject","inLanguage":"fr-FR","@id":"https:\/\/footdavant.fr\/actualites\/#\/schema\/logo\/image\/","url":"https:\/\/footdavant.fr\/actualites\/wp-content\/uploads\/2023\/09\/Copy-of-FootDavant-Logo.png","contentUrl":"https:\/\/footdavant.fr\/actualites\/wp-content\/uploads\/2023\/09\/Copy-of-FootDavant-Logo.png","width":936,"height":549,"caption":"Foot d'avant"},"image":{"@id":"https:\/\/footdavant.fr\/actualites\/#\/schema\/logo\/image\/"},"sameAs":["https:\/\/www.facebook.com\/Footdavant\/","https:\/\/twitter.com\/FootdavantFr","https:\/\/www.instagram.com\/footdavant.fr\/"]},{"@type":"Person","@id":"https:\/\/footdavant.fr\/actualites\/#\/schema\/person\/bc222566d95871b37e597b3ed3ba5e1d","name":"Cl\u00e9ment","image":{"@type":"ImageObject","inLanguage":"fr-FR","@id":"https:\/\/footdavant.fr\/actualites\/#\/schema\/person\/image\/","url":"https:\/\/secure.gravatar.com\/avatar\/7728b29aac2719421e1a9159b2254c44?s=96&d=mm&r=g","contentUrl":"https:\/\/secure.gravatar.com\/avatar\/7728b29aac2719421e1a9159b2254c44?s=96&d=mm&r=g","caption":"Cl\u00e9ment"},"sameAs":["https:\/\/footdavant.fr\/"]}]}},"_links":{"self":[{"href":"https:\/\/footdavant.fr\/actualites\/wp-json\/wp\/v2\/posts\/9366"}],"collection":[{"href":"https:\/\/footdavant.fr\/actualites\/wp-json\/wp\/v2\/posts"}],"about":[{"href":"https:\/\/footdavant.fr\/actualites\/wp-json\/wp\/v2\/types\/post"}],"author":[{"embeddable":true,"href":"https:\/\/footdavant.fr\/actualites\/wp-json\/wp\/v2\/users\/1"}],"replies":[{"embeddable":true,"href":"https:\/\/footdavant.fr\/actualites\/wp-json\/wp\/v2\/comments?post=9366"}],"version-history":[{"count":1,"href":"https:\/\/footdavant.fr\/actualites\/wp-json\/wp\/v2\/posts\/9366\/revisions"}],"predecessor-version":[{"id":9367,"href":"https:\/\/footdavant.fr\/actualites\/wp-json\/wp\/v2\/posts\/9366\/revisions\/9367"}],"wp:featuredmedia":[{"embeddable":true,"href":"https:\/\/footdavant.fr\/actualites\/wp-json\/wp\/v2\/media\/8010"}],"wp:attachment":[{"href":"https:\/\/footdavant.fr\/actualites\/wp-json\/wp\/v2\/media?parent=9366"}],"wp:term":[{"taxonomy":"category","embeddable":true,"href":"https:\/\/footdavant.fr\/actualites\/wp-json\/wp\/v2\/categories?post=9366"},{"taxonomy":"post_tag","embeddable":true,"href":"https:\/\/footdavant.fr\/actualites\/wp-json\/wp\/v2\/tags?post=9366"}],"curies":[{"name":"wp","href":"https:\/\/api.w.org\/{rel}","templated":true}]}}