{"id":941,"date":"2023-11-15T01:51:38","date_gmt":"2023-11-15T00:51:38","guid":{"rendered":"https:\/\/footdavant.fr\/actualites\/nathan-ake-de-manchester-city-absent-de-lequipe-des-pays-bas-en-raison-dune-blessure\/"},"modified":"2023-11-15T01:51:38","modified_gmt":"2023-11-15T00:51:38","slug":"nathan-ake-de-manchester-city-absent-de-lequipe-des-pays-bas-en-raison-dune-blessure","status":"publish","type":"post","link":"https:\/\/footdavant.fr\/actualites\/nathan-ake-de-manchester-city-absent-de-lequipe-des-pays-bas-en-raison-dune-blessure\/","title":{"rendered":"Nathan Ake de Manchester City absent de l&rsquo;\u00e9quipe des Pays-Bas en raison d&rsquo;une blessure"},"content":{"rendered":"<p>Le d\u00e9fenseur de Manchester City, Nathan Ake, se retire de l&rsquo;\u00e9quipe des Pays-Bas pour les \u00e9liminatoires de l&rsquo;Euro 2024 en novembre en raison d&rsquo;une blessure.<\/p>\n<div id=\"article_body\" itemprop=\"articleBody\">\n<h3 class=\"firstPara\">\n<strong class=\"autotag\">Manchester City<\/strong> d\u00e9fenseur <strong class=\"autotag\">Nathan Ak\u00e9<\/strong> s&rsquo;est retir\u00e9 du <strong class=\"autotag\">Pays-Bas<\/strong> \u00e9quipe pour les internationaux de novembre en raison d&rsquo;une blessure.<\/h3>\n<p>L&rsquo;international oranje aux 42 s\u00e9lections &#8211; qui compte cinq buts pour son pays &#8211; a \u00e9t\u00e9 appel\u00e9 par <strong class=\"autotag\">Ronald Koeman<\/strong> pour les rencontres de ce mois-ci avec la R\u00e9publique d&rsquo;Irlande et Gibraltar en <strong class=\"autotag\">Euro 2024<\/strong> Groupe B de qualification.<\/p>\n<p>Les Pays-Bas occupent la deuxi\u00e8me place du groupe derri\u00e8re la France d\u00e9j\u00e0 qualifi\u00e9e, et leur destin de premi\u00e8re place n&rsquo;est pas entre leurs mains, car les Bleus n&rsquo;ont besoin que d&rsquo;un match nul lors de leurs deux derniers matchs pour terminer en t\u00eate du groupe.<\/p>\n<p>Les hommes de Koeman sont engag\u00e9s dans une confrontation directe pour la deuxi\u00e8me place avec la Gr\u00e8ce, avec laquelle ils sont \u00e0 \u00e9galit\u00e9 avec 12 points, mais les Oranje occupent la deuxi\u00e8me place du groupe en raison de leur bilan sup\u00e9rieur en face-\u00e0-face.<\/p>\n<p>Les N\u00e9erlandais manquent d\u00e9j\u00e0 de nombreux d\u00e9fenseurs bless\u00e9s, et la crise de leur arri\u00e8re-garde s&rsquo;est aggrav\u00e9e ce week-end lorsqu&rsquo;Ake a rat\u00e9 le match nul 4-4 de Man City en Premier League contre l&rsquo;ancien club de Chelsea.<\/p>\n<p class=\"imgI\">\n<p>Ni l&rsquo;un ni l&rsquo;autre <strong class=\"autotag\">Pep Guardiola<\/strong> ni le club n&rsquo;a voulu donner de d\u00e9tails sur le probl\u00e8me non pr\u00e9cis\u00e9 d&rsquo;Ake, mais le probl\u00e8me est suffisamment grave pour exclure l&rsquo;ancien joueur de Bournemouth de la tr\u00eave internationale de novembre.<\/p>\n<p>Une mise \u00e0 jour sur les r\u00e9seaux sociaux de la F\u00e9d\u00e9ration n\u00e9erlandaise de football a confirm\u00e9 le retrait d&rsquo;Ake, en disant : \u00ab\u00a0Nathan Ake ne rejoindra pas le camp d&rsquo;entra\u00eenement des Oranje \u00e0 Zeist demain en raison d&rsquo;une blessure. \ud83d\ude15 Gu\u00e9rissez bient\u00f4t @NathanAke ! \ud83e\udde1.\u00a0\u00bb<\/p>\n<p>Ake a travers\u00e9 une p\u00e9riode difficile avec des blessures depuis son arriv\u00e9e \u00e0 l&rsquo;Etihad en 2020, manquant un total de 38 matches pour le club et le pays, dont une p\u00e9riode de trois mois sur le banc de d\u00e9cembre 2020 \u00e0 mars 2021 en raison d&rsquo;un probl\u00e8me aux ischio-jambiers.<\/p>\n<p>Un souci similaire a rendu Ake indisponible pendant neuf matchs vers la fin de la saison derni\u00e8re, l&rsquo;excluant des demi-finales de la FA Cup et de la Ligue des champions, mais il est revenu jouer dans les deux finales alors que City remportait un tripl\u00e9 historique.<\/p>\n<p>Le joueur de 28 ans rejoint ses coll\u00e8gues d\u00e9fenseurs n\u00e9erlandais <strong class=\"autotag\">Jurrien Bois<\/strong>, <strong class=\"autotag\">Sven Botman<\/strong>, <strong class=\"autotag\">Tyrell Malacia<\/strong> et <strong class=\"autotag\">Micky van de Ven<\/strong> sur la table de traitement, tandis que le patron de City, Guardiola, est d\u00e9sormais priv\u00e9 de deux de ses principaux d\u00e9fenseurs centraux avant la p\u00e9riode des f\u00eates.<\/p>\n<p class=\"imgI\"><img decoding=\"async\" loading=\"lazy\" class=\"l\" src=\"https:\/\/footdavant.fr\/actualites\/wp-content\/uploads\/2023\/11\/Nathan-Ake-de-Manchester-City-absent-de-lequipe-des-Pays-Bas.JPG\" title=\"John Stones, de l'Angleterre, c\u00e9l\u00e8bre apr\u00e8s le match du 19 juin 2023.\" alt=\"John Stones, de l'Angleterre, c\u00e9l\u00e8bre apr\u00e8s le match du 19 juin 2023.\" width=\"640\" height=\"480\"><\/p>\n<p>La semaine derni\u00e8re, Ake est entr\u00e9 en jeu en seconde p\u00e9riode pour <strong class=\"autotag\">John Pierres<\/strong> lors de la victoire 3-0 de Man City en Ligue des champions contre les Young Boys, l&rsquo;international anglais s&rsquo;\u00e9tant bless\u00e9 musculairement en premi\u00e8re mi-temps.<\/p>\n<p>Guardiola a reconnu apr\u00e8s le match que les Stones seraient absents pendant un \u00ab\u00a0temps\u00a0\u00bb, bien qu&rsquo;il ait depuis \u00e9t\u00e9 inform\u00e9 par l&rsquo;\u00e9quipe m\u00e9dicale que le probl\u00e8me du joueur de 29 ans n&rsquo;\u00e9tait pas aussi grave qu&rsquo;on le craignait au d\u00e9part.<\/p>\n<p>Cependant, il n&rsquo;y a toujours pas de d\u00e9lai pour le r\u00e9tablissement de Stones, alors que <strong class=\"autotag\">Sergio G\u00f3mez<\/strong> est \u00e9galement hors de combat en raison d&rsquo;une blessure \u00e0 l&rsquo;entra\u00eenement non divulgu\u00e9e &#8211; qui pourrait \u00eatre une entorse \u00e0 la cheville.<\/p>\n<p>N\u00e9anmoins, Guardiola a encore <strong class=\"autotag\">Kyle Walker<\/strong>, <strong class=\"autotag\">Manuel Akanji<\/strong>, <strong class=\"autotag\">Josko Gvardiol<\/strong>, <strong class=\"autotag\">Rub\u00e9n Dias<\/strong> et <strong class=\"autotag\">Rico Lewis<\/strong> &#8211; qui vient d&rsquo;obtenir sa premi\u00e8re convocation senior dans l&rsquo;\u00e9quipe d&rsquo;Angleterre &#8211; disponible pour la s\u00e9lection \u00e0 l&rsquo;arri\u00e8re.<\/p>\n<p>Les Citizens, qui travaillent \u00e9galement sans victime \u00e0 long terme des ischio-jambiers <strong class=\"autotag\">K\u00e9vin De Bruyne<\/strong>ont un point d&rsquo;avance sur Liverpool et Arsenal en t\u00eate du classement de la Premier League alors qu&rsquo;ils se pr\u00e9parent \u00e0 rencontrer le premier \u00e0 l&rsquo;Etihad le 25 novembre.<\/p>\n<\/div>\n","protected":false},"excerpt":{"rendered":"<p>Le d\u00e9fenseur de Manchester City, Nathan Ake, se retire de l&rsquo;\u00e9quipe des Pays-Bas pour les \u00e9liminatoires de l&rsquo;Euro 2024 en novembre en raison d&rsquo;une blessure.<\/p>\n","protected":false},"author":1,"featured_media":942,"comment_status":"closed","ping_status":"","sticky":false,"template":"","format":"standard","meta":{"footnotes":""},"categories":[5],"tags":[803,1089,15,27,12,183,9,11,1088,1090,182],"yoast_head":"<!-- This site is optimized with the Yoast SEO plugin v21.0 - https:\/\/yoast.com\/wordpress\/plugins\/seo\/ -->\n<title>Nathan Ake de Manchester City absent de l&#039;\u00e9quipe des Pays-Bas en raison d&#039;une blessure<\/title>\n<meta name=\"robots\" content=\"index, follow, max-snippet:-1, max-image-preview:large, max-video-preview:-1\" \/>\n<link rel=\"canonical\" href=\"https:\/\/footdavant.fr\/actualites\/nathan-ake-de-manchester-city-absent-de-lequipe-des-pays-bas-en-raison-dune-blessure\/\" \/>\n<meta property=\"og:locale\" content=\"fr_FR\" \/>\n<meta property=\"og:type\" content=\"article\" \/>\n<meta property=\"og:title\" content=\"Nathan Ake de Manchester City absent de l&#039;\u00e9quipe des Pays-Bas en raison d&#039;une blessure\" \/>\n<meta property=\"og:description\" content=\"Le d\u00e9fenseur de Manchester City, Nathan Ake, se retire de l&rsquo;\u00e9quipe des Pays-Bas pour les \u00e9liminatoires de l&rsquo;Euro 2024 en novembre en raison d&rsquo;une blessure.\" \/>\n<meta property=\"og:url\" content=\"https:\/\/footdavant.fr\/actualites\/nathan-ake-de-manchester-city-absent-de-lequipe-des-pays-bas-en-raison-dune-blessure\/\" \/>\n<meta property=\"og:site_name\" content=\"Foot d&#039;avant\" \/>\n<meta property=\"article:publisher\" content=\"https:\/\/www.facebook.com\/Footdavant\/\" \/>\n<meta property=\"article:published_time\" content=\"2023-11-15T00:51:38+00:00\" \/>\n<meta property=\"og:image\" content=\"https:\/\/footdavant.fr\/actualites\/wp-content\/uploads\/2023\/11\/Nathan-Ake-de-Manchester-City-absent-de-lequipe-des-Pays-Bas.jpg\" \/>\n\t<meta property=\"og:image:width\" content=\"640\" \/>\n\t<meta property=\"og:image:height\" content=\"480\" \/>\n\t<meta property=\"og:image:type\" content=\"image\/jpeg\" \/>\n<meta name=\"author\" content=\"Cl\u00e9ment\" \/>\n<meta name=\"twitter:card\" content=\"summary_large_image\" \/>\n<meta name=\"twitter:creator\" content=\"@FootdavantFr\" \/>\n<meta name=\"twitter:site\" content=\"@FootdavantFr\" \/>\n<meta name=\"twitter:label1\" content=\"\u00c9crit par\" \/>\n\t<meta name=\"twitter:data1\" content=\"Cl\u00e9ment\" \/>\n\t<meta name=\"twitter:label2\" content=\"Dur\u00e9e de lecture estim\u00e9e\" \/>\n\t<meta name=\"twitter:data2\" content=\"3 minutes\" \/>\n<script type=\"application\/ld+json\" class=\"yoast-schema-graph\">{\"@context\":\"https:\/\/schema.org\",\"@graph\":[{\"@type\":\"Article\",\"@id\":\"https:\/\/footdavant.fr\/actualites\/nathan-ake-de-manchester-city-absent-de-lequipe-des-pays-bas-en-raison-dune-blessure\/#article\",\"isPartOf\":{\"@id\":\"https:\/\/footdavant.fr\/actualites\/nathan-ake-de-manchester-city-absent-de-lequipe-des-pays-bas-en-raison-dune-blessure\/\"},\"author\":{\"name\":\"Cl\u00e9ment\",\"@id\":\"https:\/\/footdavant.fr\/actualites\/#\/schema\/person\/bc222566d95871b37e597b3ed3ba5e1d\"},\"headline\":\"Nathan Ake de Manchester City absent de l&rsquo;\u00e9quipe des Pays-Bas en raison d&rsquo;une blessure\",\"datePublished\":\"2023-11-15T00:51:38+00:00\",\"dateModified\":\"2023-11-15T00:51:38+00:00\",\"mainEntityOfPage\":{\"@id\":\"https:\/\/footdavant.fr\/actualites\/nathan-ake-de-manchester-city-absent-de-lequipe-des-pays-bas-en-raison-dune-blessure\/\"},\"wordCount\":687,\"publisher\":{\"@id\":\"https:\/\/footdavant.fr\/actualites\/#organization\"},\"keywords\":[\"absent\",\"Ake\",\"Blessure\",\"City\",\"des\",\"dune\",\"l\u00e9quipe\",\"Manchester\",\"Nathan\",\"PaysBas\",\"raison\"],\"articleSection\":[\"Premier League\"],\"inLanguage\":\"fr-FR\"},{\"@type\":\"WebPage\",\"@id\":\"https:\/\/footdavant.fr\/actualites\/nathan-ake-de-manchester-city-absent-de-lequipe-des-pays-bas-en-raison-dune-blessure\/\",\"url\":\"https:\/\/footdavant.fr\/actualites\/nathan-ake-de-manchester-city-absent-de-lequipe-des-pays-bas-en-raison-dune-blessure\/\",\"name\":\"Nathan Ake de Manchester City absent de l'\u00e9quipe des Pays-Bas en raison d'une blessure\",\"isPartOf\":{\"@id\":\"https:\/\/footdavant.fr\/actualites\/#website\"},\"datePublished\":\"2023-11-15T00:51:38+00:00\",\"dateModified\":\"2023-11-15T00:51:38+00:00\",\"breadcrumb\":{\"@id\":\"https:\/\/footdavant.fr\/actualites\/nathan-ake-de-manchester-city-absent-de-lequipe-des-pays-bas-en-raison-dune-blessure\/#breadcrumb\"},\"inLanguage\":\"fr-FR\",\"potentialAction\":[{\"@type\":\"ReadAction\",\"target\":[\"https:\/\/footdavant.fr\/actualites\/nathan-ake-de-manchester-city-absent-de-lequipe-des-pays-bas-en-raison-dune-blessure\/\"]}]},{\"@type\":\"BreadcrumbList\",\"@id\":\"https:\/\/footdavant.fr\/actualites\/nathan-ake-de-manchester-city-absent-de-lequipe-des-pays-bas-en-raison-dune-blessure\/#breadcrumb\",\"itemListElement\":[{\"@type\":\"ListItem\",\"position\":1,\"name\":\"Accueil\",\"item\":\"https:\/\/footdavant.fr\/actualites\/\"},{\"@type\":\"ListItem\",\"position\":2,\"name\":\"Nathan Ake de Manchester City absent de l&rsquo;\u00e9quipe des Pays-Bas en raison d&rsquo;une blessure\"}]},{\"@type\":\"WebSite\",\"@id\":\"https:\/\/footdavant.fr\/actualites\/#website\",\"url\":\"https:\/\/footdavant.fr\/actualites\/\",\"name\":\"Foot d'avant\",\"description\":\"\",\"publisher\":{\"@id\":\"https:\/\/footdavant.fr\/actualites\/#organization\"},\"potentialAction\":[{\"@type\":\"SearchAction\",\"target\":{\"@type\":\"EntryPoint\",\"urlTemplate\":\"https:\/\/footdavant.fr\/actualites\/?s={search_term_string}\"},\"query-input\":\"required name=search_term_string\"}],\"inLanguage\":\"fr-FR\"},{\"@type\":\"Organization\",\"@id\":\"https:\/\/footdavant.fr\/actualites\/#organization\",\"name\":\"Foot d'avant\",\"url\":\"https:\/\/footdavant.fr\/actualites\/\",\"logo\":{\"@type\":\"ImageObject\",\"inLanguage\":\"fr-FR\",\"@id\":\"https:\/\/footdavant.fr\/actualites\/#\/schema\/logo\/image\/\",\"url\":\"https:\/\/footdavant.fr\/actualites\/wp-content\/uploads\/2023\/09\/Copy-of-FootDavant-Logo.png\",\"contentUrl\":\"https:\/\/footdavant.fr\/actualites\/wp-content\/uploads\/2023\/09\/Copy-of-FootDavant-Logo.png\",\"width\":936,\"height\":549,\"caption\":\"Foot d'avant\"},\"image\":{\"@id\":\"https:\/\/footdavant.fr\/actualites\/#\/schema\/logo\/image\/\"},\"sameAs\":[\"https:\/\/www.facebook.com\/Footdavant\/\",\"https:\/\/twitter.com\/FootdavantFr\",\"https:\/\/www.instagram.com\/footdavant.fr\/\"]},{\"@type\":\"Person\",\"@id\":\"https:\/\/footdavant.fr\/actualites\/#\/schema\/person\/bc222566d95871b37e597b3ed3ba5e1d\",\"name\":\"Cl\u00e9ment\",\"image\":{\"@type\":\"ImageObject\",\"inLanguage\":\"fr-FR\",\"@id\":\"https:\/\/footdavant.fr\/actualites\/#\/schema\/person\/image\/\",\"url\":\"https:\/\/secure.gravatar.com\/avatar\/7728b29aac2719421e1a9159b2254c44?s=96&d=mm&r=g\",\"contentUrl\":\"https:\/\/secure.gravatar.com\/avatar\/7728b29aac2719421e1a9159b2254c44?s=96&d=mm&r=g\",\"caption\":\"Cl\u00e9ment\"},\"sameAs\":[\"https:\/\/footdavant.fr\/\"]}]}<\/script>\n<!-- \/ Yoast SEO plugin. -->","yoast_head_json":{"title":"Nathan Ake de Manchester City absent de l'\u00e9quipe des Pays-Bas en raison d'une blessure","robots":{"index":"index","follow":"follow","max-snippet":"max-snippet:-1","max-image-preview":"max-image-preview:large","max-video-preview":"max-video-preview:-1"},"canonical":"https:\/\/footdavant.fr\/actualites\/nathan-ake-de-manchester-city-absent-de-lequipe-des-pays-bas-en-raison-dune-blessure\/","og_locale":"fr_FR","og_type":"article","og_title":"Nathan Ake de Manchester City absent de l'\u00e9quipe des Pays-Bas en raison d'une blessure","og_description":"Le d\u00e9fenseur de Manchester City, Nathan Ake, se retire de l&rsquo;\u00e9quipe des Pays-Bas pour les \u00e9liminatoires de l&rsquo;Euro 2024 en novembre en raison d&rsquo;une blessure.","og_url":"https:\/\/footdavant.fr\/actualites\/nathan-ake-de-manchester-city-absent-de-lequipe-des-pays-bas-en-raison-dune-blessure\/","og_site_name":"Foot d&#039;avant","article_publisher":"https:\/\/www.facebook.com\/Footdavant\/","article_published_time":"2023-11-15T00:51:38+00:00","og_image":[{"width":640,"height":480,"url":"https:\/\/footdavant.fr\/actualites\/wp-content\/uploads\/2023\/11\/Nathan-Ake-de-Manchester-City-absent-de-lequipe-des-Pays-Bas.jpg","type":"image\/jpeg"}],"author":"Cl\u00e9ment","twitter_card":"summary_large_image","twitter_creator":"@FootdavantFr","twitter_site":"@FootdavantFr","twitter_misc":{"\u00c9crit par":"Cl\u00e9ment","Dur\u00e9e de lecture estim\u00e9e":"3 minutes"},"schema":{"@context":"https:\/\/schema.org","@graph":[{"@type":"Article","@id":"https:\/\/footdavant.fr\/actualites\/nathan-ake-de-manchester-city-absent-de-lequipe-des-pays-bas-en-raison-dune-blessure\/#article","isPartOf":{"@id":"https:\/\/footdavant.fr\/actualites\/nathan-ake-de-manchester-city-absent-de-lequipe-des-pays-bas-en-raison-dune-blessure\/"},"author":{"name":"Cl\u00e9ment","@id":"https:\/\/footdavant.fr\/actualites\/#\/schema\/person\/bc222566d95871b37e597b3ed3ba5e1d"},"headline":"Nathan Ake de Manchester City absent de l&rsquo;\u00e9quipe des Pays-Bas en raison d&rsquo;une blessure","datePublished":"2023-11-15T00:51:38+00:00","dateModified":"2023-11-15T00:51:38+00:00","mainEntityOfPage":{"@id":"https:\/\/footdavant.fr\/actualites\/nathan-ake-de-manchester-city-absent-de-lequipe-des-pays-bas-en-raison-dune-blessure\/"},"wordCount":687,"publisher":{"@id":"https:\/\/footdavant.fr\/actualites\/#organization"},"keywords":["absent","Ake","Blessure","City","des","dune","l\u00e9quipe","Manchester","Nathan","PaysBas","raison"],"articleSection":["Premier League"],"inLanguage":"fr-FR"},{"@type":"WebPage","@id":"https:\/\/footdavant.fr\/actualites\/nathan-ake-de-manchester-city-absent-de-lequipe-des-pays-bas-en-raison-dune-blessure\/","url":"https:\/\/footdavant.fr\/actualites\/nathan-ake-de-manchester-city-absent-de-lequipe-des-pays-bas-en-raison-dune-blessure\/","name":"Nathan Ake de Manchester City absent de l'\u00e9quipe des Pays-Bas en raison d'une blessure","isPartOf":{"@id":"https:\/\/footdavant.fr\/actualites\/#website"},"datePublished":"2023-11-15T00:51:38+00:00","dateModified":"2023-11-15T00:51:38+00:00","breadcrumb":{"@id":"https:\/\/footdavant.fr\/actualites\/nathan-ake-de-manchester-city-absent-de-lequipe-des-pays-bas-en-raison-dune-blessure\/#breadcrumb"},"inLanguage":"fr-FR","potentialAction":[{"@type":"ReadAction","target":["https:\/\/footdavant.fr\/actualites\/nathan-ake-de-manchester-city-absent-de-lequipe-des-pays-bas-en-raison-dune-blessure\/"]}]},{"@type":"BreadcrumbList","@id":"https:\/\/footdavant.fr\/actualites\/nathan-ake-de-manchester-city-absent-de-lequipe-des-pays-bas-en-raison-dune-blessure\/#breadcrumb","itemListElement":[{"@type":"ListItem","position":1,"name":"Accueil","item":"https:\/\/footdavant.fr\/actualites\/"},{"@type":"ListItem","position":2,"name":"Nathan Ake de Manchester City absent de l&rsquo;\u00e9quipe des Pays-Bas en raison d&rsquo;une blessure"}]},{"@type":"WebSite","@id":"https:\/\/footdavant.fr\/actualites\/#website","url":"https:\/\/footdavant.fr\/actualites\/","name":"Foot d'avant","description":"","publisher":{"@id":"https:\/\/footdavant.fr\/actualites\/#organization"},"potentialAction":[{"@type":"SearchAction","target":{"@type":"EntryPoint","urlTemplate":"https:\/\/footdavant.fr\/actualites\/?s={search_term_string}"},"query-input":"required name=search_term_string"}],"inLanguage":"fr-FR"},{"@type":"Organization","@id":"https:\/\/footdavant.fr\/actualites\/#organization","name":"Foot d'avant","url":"https:\/\/footdavant.fr\/actualites\/","logo":{"@type":"ImageObject","inLanguage":"fr-FR","@id":"https:\/\/footdavant.fr\/actualites\/#\/schema\/logo\/image\/","url":"https:\/\/footdavant.fr\/actualites\/wp-content\/uploads\/2023\/09\/Copy-of-FootDavant-Logo.png","contentUrl":"https:\/\/footdavant.fr\/actualites\/wp-content\/uploads\/2023\/09\/Copy-of-FootDavant-Logo.png","width":936,"height":549,"caption":"Foot d'avant"},"image":{"@id":"https:\/\/footdavant.fr\/actualites\/#\/schema\/logo\/image\/"},"sameAs":["https:\/\/www.facebook.com\/Footdavant\/","https:\/\/twitter.com\/FootdavantFr","https:\/\/www.instagram.com\/footdavant.fr\/"]},{"@type":"Person","@id":"https:\/\/footdavant.fr\/actualites\/#\/schema\/person\/bc222566d95871b37e597b3ed3ba5e1d","name":"Cl\u00e9ment","image":{"@type":"ImageObject","inLanguage":"fr-FR","@id":"https:\/\/footdavant.fr\/actualites\/#\/schema\/person\/image\/","url":"https:\/\/secure.gravatar.com\/avatar\/7728b29aac2719421e1a9159b2254c44?s=96&d=mm&r=g","contentUrl":"https:\/\/secure.gravatar.com\/avatar\/7728b29aac2719421e1a9159b2254c44?s=96&d=mm&r=g","caption":"Cl\u00e9ment"},"sameAs":["https:\/\/footdavant.fr\/"]}]}},"_links":{"self":[{"href":"https:\/\/footdavant.fr\/actualites\/wp-json\/wp\/v2\/posts\/941"}],"collection":[{"href":"https:\/\/footdavant.fr\/actualites\/wp-json\/wp\/v2\/posts"}],"about":[{"href":"https:\/\/footdavant.fr\/actualites\/wp-json\/wp\/v2\/types\/post"}],"author":[{"embeddable":true,"href":"https:\/\/footdavant.fr\/actualites\/wp-json\/wp\/v2\/users\/1"}],"replies":[{"embeddable":true,"href":"https:\/\/footdavant.fr\/actualites\/wp-json\/wp\/v2\/comments?post=941"}],"version-history":[{"count":1,"href":"https:\/\/footdavant.fr\/actualites\/wp-json\/wp\/v2\/posts\/941\/revisions"}],"predecessor-version":[{"id":943,"href":"https:\/\/footdavant.fr\/actualites\/wp-json\/wp\/v2\/posts\/941\/revisions\/943"}],"wp:featuredmedia":[{"embeddable":true,"href":"https:\/\/footdavant.fr\/actualites\/wp-json\/wp\/v2\/media\/942"}],"wp:attachment":[{"href":"https:\/\/footdavant.fr\/actualites\/wp-json\/wp\/v2\/media?parent=941"}],"wp:term":[{"taxonomy":"category","embeddable":true,"href":"https:\/\/footdavant.fr\/actualites\/wp-json\/wp\/v2\/categories?post=941"},{"taxonomy":"post_tag","embeddable":true,"href":"https:\/\/footdavant.fr\/actualites\/wp-json\/wp\/v2\/tags?post=941"}],"curies":[{"name":"wp","href":"https:\/\/api.w.org\/{rel}","templated":true}]}}