{"id":944,"date":"2023-11-15T02:50:39","date_gmt":"2023-11-15T01:50:39","guid":{"rendered":"https:\/\/footdavant.fr\/actualites\/un-retour-epique-encore-du-chaos-et-des-blessures-a-interlull\/"},"modified":"2023-11-15T02:50:40","modified_gmt":"2023-11-15T01:50:40","slug":"un-retour-epique-encore-du-chaos-et-des-blessures-a-interlull","status":"publish","type":"post","link":"https:\/\/footdavant.fr\/actualites\/un-retour-epique-encore-du-chaos-et-des-blessures-a-interlull\/","title":{"rendered":"Un retour \u00e9pique, encore du chaos et des blessures \u00e0 Interlull"},"content":{"rendered":"<div>\n<p>Bonjour \u00e0 tous, quelques extraits rapides du lundi pour vous.<\/p>\n<p>Commen\u00e7ons par une seconde mi-temps extraordinaire d&rsquo;Arsenal Women hier soir.  Men\u00e9s 2-0 contre Leicester \u00e0 la pause, ils ont marqu\u00e9 6 (six !) apr\u00e8s la pause pour renverser la situation en beaut\u00e9.  Et cela aurait pu \u00eatre encore plus, les boiseries nous refusant \u00e9galement \u00e0 plusieurs reprises.  Comme nous l\u2019avons vu ailleurs, le football peut parfois \u00eatre un peu fou.<\/p>\n<p>Jonas Eidevall a ensuite d\u00e9clar\u00e9\u00a0:<\/p>\n<blockquote>\n<p>Je pensais que c&rsquo;\u00e9tait une excellente repr\u00e9sentation de la fa\u00e7on dont Arsenal joue au football et le milieu de terrain avec Pelova et Cooney-Cross a \u00e9t\u00e9 ph\u00e9nom\u00e9nal aujourd&rsquo;hui en dirigeant le jeu avec le ballon, en bougeant et en \u00e9tant courageux avec le ballon.  Nous avons eu beaucoup de vitesse et de cr\u00e9ativit\u00e9 dans nos quatre attaquants.  Nous avons probablement eu autant d&rsquo;occasions que nous n&rsquo;avons pas r\u00e9ussi \u00e0 marquer, ce qui est tr\u00e8s impressionnant \u00e0 l&rsquo;ext\u00e9rieur.<\/p>\n<\/blockquote>\n<p>Tim a toutes les r\u00e9actions du manager et de l&rsquo;une des stars de la s\u00e9rie, Victoria Pelova, sur Arseblog News.<\/p>\n<p>\u2014<\/p>\n<p>J&rsquo;ai dit ailleurs, et par l\u00e0 je voulais dire Stamford Bridge o\u00f9 Chelsea et Man City ont fait match nul 4-4 dans un match tr\u00e8s divertissant.  Il est difficile d&rsquo;essayer de compartimenter le fait de vouloir que Chelsea marque, cela va \u00e0 l&rsquo;encontre de tous vos instincts, mais il le faut, et c&rsquo;\u00e9tait tr\u00e8s amusant de voir City penser qu&rsquo;il allait gagner, puis perdre deux points.<\/p>\n<p>Apr\u00e8s notre match l\u00e0-bas il y a quelques semaines, puis la folie \u00e0 White Hart Lane, et maintenant \u00e7a, je commence \u00e0 me demander s&rsquo;il pourrait y avoir quelque chose \u00e0 propos de Chelsea cette saison.  Ce n&rsquo;est pas n\u00e9cessairement quelque chose de bon, mais en tant que personne qui croit au concept d&rsquo;univers alternatifs \u2013 o\u00f9 existent des variations infinies des n\u00f4tres, provoquant toutes sortes d&rsquo;\u00e9v\u00e9nements al\u00e9atoires \u2013 je ne peux m&#8217;emp\u00eacher de me demander s&rsquo;il existe un univers o\u00f9 les choses sont juste un peu plus mental que le n\u00f4tre, et il y a eu une sorte de croisement.  Le bus de l\u2019\u00e9quipe de Chelsea pourrait bien \u00eatre le portail.<\/p>\n<p>Comme je l\u2019ai dit, d\u2019habitude la derni\u00e8re chose que je veux voir est un but de Chelsea, mais quand cela annule un vainqueur potentiel de Rodri, je peux vivre avec.  Il y a quelque chose qui ne va pas chez ce type.  Il est trop grand pour sa peau ou quelque chose comme \u00e7a.  Je ne peux pas l&rsquo;expliquer.  Ses proportions sont fausses.  Cela pourrait \u00eatre la fa\u00e7on dont il rentre sa chemise, mais je pense qu&rsquo;il cache quelque chose et un jour nous d\u00e9couvrirons quoi.<\/p>\n<p>Mon moment pr\u00e9f\u00e9r\u00e9 \u00e9tait que Raheem Sterling se heurtait absolument \u00e0 Phil Foden en fin de match.  Dans une autre vie, Foden est un gamin d\u00e9chirant qui fouille constamment les poubelles d&rsquo;un vieil homme qui vit seul, le terrorisant lui et son petit chien \u00e0 chaque occasion, et Sterling, il est le gentil voisin qui en a assez et lui donne ce qu&rsquo;il veut. pour.<\/p>\n<p>En ce qui concerne l&rsquo;interview d&rsquo;apr\u00e8s-match sur Sky, je ne sais pas si j&rsquo;ai d\u00e9j\u00e0 vu un joueur dire plus clairement et plus clairement (au sens non-VAR) qu&rsquo;il pr\u00e9f\u00e9rerait \u00eatre ailleurs.  Puis le moment o\u00f9 le gars de Sky a essay\u00e9 de l&rsquo;aider \u00e0 enlever un peu de salet\u00e9 de ses yeux.  QUOI?  Ne fais pas \u00e7a.  Juste une grimace hilarante tout au long.  Et City a perdu deux points, donc \u00e7a a g\u00e9n\u00e9ralement \u00e9t\u00e9 un bon week-end d&rsquo;action en Premier League.<\/p>\n<p>Pour en savoir plus, rejoignez-nous plus tard sur Patreon pour un nouvel \u00e9pisode de notre podcast r\u00e9capitulatif de la Premier League, The 30.<\/p>\n<p>\u2014<\/p>\n<p>Revenons \u00e0 nous, et alors que nous nous dirigeons vers Interlull, nous devrons attendre et voir si quelques acteurs cl\u00e9s repartent avec leur pays.  J&rsquo;ai vu que Martin Odegaard \u00e9tait un doute pour la Norv\u00e8ge.  Il n&rsquo;a pas fait partie de l&rsquo;\u00e9quipe ce week-end, et comme il semble pratiquement impossible pour eux de se qualifier dans leur groupe, on pourrait esp\u00e9rer que le bon sens signifie qu&rsquo;il n&rsquo;est pas n\u00e9cessaire pour un match amical contre les \u00eeles F\u00e9ro\u00e9 et un match de qualification contre l&rsquo;\u00c9cosse.<\/p>\n<p>Malheureusement, il semble que nous soyons sur une trajectoire de collision avec le Br\u00e9sil \u00e0 propos de Gabriel Jesus, car ils souhaitent qu&rsquo;il voyage pour \u00eatre \u00e9valu\u00e9 par leur propre personnel m\u00e9dical.  C&rsquo;est une situation qui a contrari\u00e9 Mikel Arteta, et m\u00eame si vous pouvez comprendre le d\u00e9sir du Br\u00e9sil de le remettre en forme car ils ont des matchs importants, il ne s&rsquo;est m\u00eame pas encore entra\u00een\u00e9 avec nous depuis sa blessure aux ischio-jambiers lors du match de Ligue des champions de S\u00e9ville en octobre.  Encore une fois, esp\u00e9rons que le bon sens pr\u00e9vaudra, mais il ne semble pas que ce soit le cas \u00e0 ce stade.<\/p>\n<p>\u2014<\/p>\n<p>Ok, restons-en l\u00e0.  Nous allons enregistrer un Arsecast Extra pour vous ce matin.  Gardez un \u0153il sur l&rsquo;appel \u00e0 questions sur Twitter <a rel=\"nofollow noopener\" href=\"https:\/\/twitter.com\/gunnerblog\" target=\"_blank\">@gunnerblog<\/a> et <a rel=\"nofollow noopener\" href=\"https:\/\/twitter.com\/arseblog\" target=\"_blank\">@arseblog<\/a> sur Twitter avec le hashtag <em>#arsecastextra<\/em> \u2013 ou si vous \u00eates membre d&rsquo;Arseblog sur Patreon, laissez votre question dans le <em>#arsecast-questions-extra<\/em> cha\u00eene sur notre serveur Discord.<\/p>\n<p>Le podcast devrait sortir vers midi.  Jusque l\u00e0.<\/p>\n<\/div>\n<p><script async src=\"https:\/\/platform.twitter.com\/widgets.js\" charset=\"utf-8\"><\/script><\/p>\n","protected":false},"excerpt":{"rendered":"<p>Bonjour \u00e0 tous, quelques extraits rapides du lundi pour vous. Commen\u00e7ons par une seconde mi-temps extraordinaire d&rsquo;Arsenal Women hier soir. Men\u00e9s 2-0 contre Leicester \u00e0<\/p>\n","protected":false},"author":1,"featured_media":945,"comment_status":"closed","ping_status":"","sticky":false,"template":"","format":"standard","meta":{"footnotes":""},"categories":[3],"tags":[155,669,12,611,1091,1092,393],"yoast_head":"<!-- This site is optimized with the Yoast SEO plugin v21.0 - https:\/\/yoast.com\/wordpress\/plugins\/seo\/ -->\n<title>Un retour \u00e9pique, encore du chaos et des blessures \u00e0 Interlull<\/title>\n<meta name=\"robots\" content=\"index, follow, max-snippet:-1, max-image-preview:large, max-video-preview:-1\" \/>\n<link rel=\"canonical\" href=\"https:\/\/footdavant.fr\/actualites\/un-retour-epique-encore-du-chaos-et-des-blessures-a-interlull\/\" \/>\n<meta property=\"og:locale\" content=\"fr_FR\" \/>\n<meta property=\"og:type\" content=\"article\" \/>\n<meta property=\"og:title\" content=\"Un retour \u00e9pique, encore du chaos et des blessures \u00e0 Interlull\" \/>\n<meta property=\"og:description\" content=\"Bonjour \u00e0 tous, quelques extraits rapides du lundi pour vous. Commen\u00e7ons par une seconde mi-temps extraordinaire d&rsquo;Arsenal Women hier soir. Men\u00e9s 2-0 contre Leicester \u00e0\" \/>\n<meta property=\"og:url\" content=\"https:\/\/footdavant.fr\/actualites\/un-retour-epique-encore-du-chaos-et-des-blessures-a-interlull\/\" \/>\n<meta property=\"og:site_name\" content=\"Foot d&#039;avant\" \/>\n<meta property=\"article:publisher\" content=\"https:\/\/www.facebook.com\/Footdavant\/\" \/>\n<meta property=\"article:published_time\" content=\"2023-11-15T01:50:39+00:00\" \/>\n<meta property=\"article:modified_time\" content=\"2023-11-15T01:50:40+00:00\" \/>\n<meta property=\"og:image\" content=\"https:\/\/footdavant.fr\/actualites\/wp-content\/uploads\/2023\/11\/Un-retour-epique-encore-du-chaos-et-des-blessures-a.jpg\" \/>\n\t<meta property=\"og:image:width\" content=\"1500\" \/>\n\t<meta property=\"og:image:height\" content=\"750\" \/>\n\t<meta property=\"og:image:type\" content=\"image\/jpeg\" \/>\n<meta name=\"author\" content=\"Cl\u00e9ment\" \/>\n<meta name=\"twitter:card\" content=\"summary_large_image\" \/>\n<meta name=\"twitter:creator\" content=\"@FootdavantFr\" \/>\n<meta name=\"twitter:site\" content=\"@FootdavantFr\" \/>\n<meta name=\"twitter:label1\" content=\"\u00c9crit par\" \/>\n\t<meta name=\"twitter:data1\" content=\"Cl\u00e9ment\" \/>\n\t<meta name=\"twitter:label2\" content=\"Dur\u00e9e de lecture estim\u00e9e\" \/>\n\t<meta name=\"twitter:data2\" content=\"4 minutes\" \/>\n<script type=\"application\/ld+json\" class=\"yoast-schema-graph\">{\"@context\":\"https:\/\/schema.org\",\"@graph\":[{\"@type\":\"Article\",\"@id\":\"https:\/\/footdavant.fr\/actualites\/un-retour-epique-encore-du-chaos-et-des-blessures-a-interlull\/#article\",\"isPartOf\":{\"@id\":\"https:\/\/footdavant.fr\/actualites\/un-retour-epique-encore-du-chaos-et-des-blessures-a-interlull\/\"},\"author\":{\"name\":\"Cl\u00e9ment\",\"@id\":\"https:\/\/footdavant.fr\/actualites\/#\/schema\/person\/bc222566d95871b37e597b3ed3ba5e1d\"},\"headline\":\"Un retour \u00e9pique, encore du chaos et des blessures \u00e0 Interlull\",\"datePublished\":\"2023-11-15T01:50:39+00:00\",\"dateModified\":\"2023-11-15T01:50:40+00:00\",\"mainEntityOfPage\":{\"@id\":\"https:\/\/footdavant.fr\/actualites\/un-retour-epique-encore-du-chaos-et-des-blessures-a-interlull\/\"},\"wordCount\":908,\"publisher\":{\"@id\":\"https:\/\/footdavant.fr\/actualites\/#organization\"},\"keywords\":[\"blessures\",\"Chaos\",\"des\",\"encore\",\"\u00e9pique\",\"Interlull\",\"retour\"],\"articleSection\":[\"Football\"],\"inLanguage\":\"fr-FR\"},{\"@type\":\"WebPage\",\"@id\":\"https:\/\/footdavant.fr\/actualites\/un-retour-epique-encore-du-chaos-et-des-blessures-a-interlull\/\",\"url\":\"https:\/\/footdavant.fr\/actualites\/un-retour-epique-encore-du-chaos-et-des-blessures-a-interlull\/\",\"name\":\"Un retour \u00e9pique, encore du chaos et des blessures \u00e0 Interlull\",\"isPartOf\":{\"@id\":\"https:\/\/footdavant.fr\/actualites\/#website\"},\"datePublished\":\"2023-11-15T01:50:39+00:00\",\"dateModified\":\"2023-11-15T01:50:40+00:00\",\"breadcrumb\":{\"@id\":\"https:\/\/footdavant.fr\/actualites\/un-retour-epique-encore-du-chaos-et-des-blessures-a-interlull\/#breadcrumb\"},\"inLanguage\":\"fr-FR\",\"potentialAction\":[{\"@type\":\"ReadAction\",\"target\":[\"https:\/\/footdavant.fr\/actualites\/un-retour-epique-encore-du-chaos-et-des-blessures-a-interlull\/\"]}]},{\"@type\":\"BreadcrumbList\",\"@id\":\"https:\/\/footdavant.fr\/actualites\/un-retour-epique-encore-du-chaos-et-des-blessures-a-interlull\/#breadcrumb\",\"itemListElement\":[{\"@type\":\"ListItem\",\"position\":1,\"name\":\"Accueil\",\"item\":\"https:\/\/footdavant.fr\/actualites\/\"},{\"@type\":\"ListItem\",\"position\":2,\"name\":\"Un retour \u00e9pique, encore du chaos et des blessures \u00e0 Interlull\"}]},{\"@type\":\"WebSite\",\"@id\":\"https:\/\/footdavant.fr\/actualites\/#website\",\"url\":\"https:\/\/footdavant.fr\/actualites\/\",\"name\":\"Foot d'avant\",\"description\":\"\",\"publisher\":{\"@id\":\"https:\/\/footdavant.fr\/actualites\/#organization\"},\"potentialAction\":[{\"@type\":\"SearchAction\",\"target\":{\"@type\":\"EntryPoint\",\"urlTemplate\":\"https:\/\/footdavant.fr\/actualites\/?s={search_term_string}\"},\"query-input\":\"required name=search_term_string\"}],\"inLanguage\":\"fr-FR\"},{\"@type\":\"Organization\",\"@id\":\"https:\/\/footdavant.fr\/actualites\/#organization\",\"name\":\"Foot d'avant\",\"url\":\"https:\/\/footdavant.fr\/actualites\/\",\"logo\":{\"@type\":\"ImageObject\",\"inLanguage\":\"fr-FR\",\"@id\":\"https:\/\/footdavant.fr\/actualites\/#\/schema\/logo\/image\/\",\"url\":\"https:\/\/footdavant.fr\/actualites\/wp-content\/uploads\/2023\/09\/Copy-of-FootDavant-Logo.png\",\"contentUrl\":\"https:\/\/footdavant.fr\/actualites\/wp-content\/uploads\/2023\/09\/Copy-of-FootDavant-Logo.png\",\"width\":936,\"height\":549,\"caption\":\"Foot d'avant\"},\"image\":{\"@id\":\"https:\/\/footdavant.fr\/actualites\/#\/schema\/logo\/image\/\"},\"sameAs\":[\"https:\/\/www.facebook.com\/Footdavant\/\",\"https:\/\/twitter.com\/FootdavantFr\",\"https:\/\/www.instagram.com\/footdavant.fr\/\"]},{\"@type\":\"Person\",\"@id\":\"https:\/\/footdavant.fr\/actualites\/#\/schema\/person\/bc222566d95871b37e597b3ed3ba5e1d\",\"name\":\"Cl\u00e9ment\",\"image\":{\"@type\":\"ImageObject\",\"inLanguage\":\"fr-FR\",\"@id\":\"https:\/\/footdavant.fr\/actualites\/#\/schema\/person\/image\/\",\"url\":\"https:\/\/secure.gravatar.com\/avatar\/7728b29aac2719421e1a9159b2254c44?s=96&d=mm&r=g\",\"contentUrl\":\"https:\/\/secure.gravatar.com\/avatar\/7728b29aac2719421e1a9159b2254c44?s=96&d=mm&r=g\",\"caption\":\"Cl\u00e9ment\"},\"sameAs\":[\"https:\/\/footdavant.fr\/\"]}]}<\/script>\n<!-- \/ Yoast SEO plugin. -->","yoast_head_json":{"title":"Un retour \u00e9pique, encore du chaos et des blessures \u00e0 Interlull","robots":{"index":"index","follow":"follow","max-snippet":"max-snippet:-1","max-image-preview":"max-image-preview:large","max-video-preview":"max-video-preview:-1"},"canonical":"https:\/\/footdavant.fr\/actualites\/un-retour-epique-encore-du-chaos-et-des-blessures-a-interlull\/","og_locale":"fr_FR","og_type":"article","og_title":"Un retour \u00e9pique, encore du chaos et des blessures \u00e0 Interlull","og_description":"Bonjour \u00e0 tous, quelques extraits rapides du lundi pour vous. Commen\u00e7ons par une seconde mi-temps extraordinaire d&rsquo;Arsenal Women hier soir. Men\u00e9s 2-0 contre Leicester \u00e0","og_url":"https:\/\/footdavant.fr\/actualites\/un-retour-epique-encore-du-chaos-et-des-blessures-a-interlull\/","og_site_name":"Foot d&#039;avant","article_publisher":"https:\/\/www.facebook.com\/Footdavant\/","article_published_time":"2023-11-15T01:50:39+00:00","article_modified_time":"2023-11-15T01:50:40+00:00","og_image":[{"width":1500,"height":750,"url":"https:\/\/footdavant.fr\/actualites\/wp-content\/uploads\/2023\/11\/Un-retour-epique-encore-du-chaos-et-des-blessures-a.jpg","type":"image\/jpeg"}],"author":"Cl\u00e9ment","twitter_card":"summary_large_image","twitter_creator":"@FootdavantFr","twitter_site":"@FootdavantFr","twitter_misc":{"\u00c9crit par":"Cl\u00e9ment","Dur\u00e9e de lecture estim\u00e9e":"4 minutes"},"schema":{"@context":"https:\/\/schema.org","@graph":[{"@type":"Article","@id":"https:\/\/footdavant.fr\/actualites\/un-retour-epique-encore-du-chaos-et-des-blessures-a-interlull\/#article","isPartOf":{"@id":"https:\/\/footdavant.fr\/actualites\/un-retour-epique-encore-du-chaos-et-des-blessures-a-interlull\/"},"author":{"name":"Cl\u00e9ment","@id":"https:\/\/footdavant.fr\/actualites\/#\/schema\/person\/bc222566d95871b37e597b3ed3ba5e1d"},"headline":"Un retour \u00e9pique, encore du chaos et des blessures \u00e0 Interlull","datePublished":"2023-11-15T01:50:39+00:00","dateModified":"2023-11-15T01:50:40+00:00","mainEntityOfPage":{"@id":"https:\/\/footdavant.fr\/actualites\/un-retour-epique-encore-du-chaos-et-des-blessures-a-interlull\/"},"wordCount":908,"publisher":{"@id":"https:\/\/footdavant.fr\/actualites\/#organization"},"keywords":["blessures","Chaos","des","encore","\u00e9pique","Interlull","retour"],"articleSection":["Football"],"inLanguage":"fr-FR"},{"@type":"WebPage","@id":"https:\/\/footdavant.fr\/actualites\/un-retour-epique-encore-du-chaos-et-des-blessures-a-interlull\/","url":"https:\/\/footdavant.fr\/actualites\/un-retour-epique-encore-du-chaos-et-des-blessures-a-interlull\/","name":"Un retour \u00e9pique, encore du chaos et des blessures \u00e0 Interlull","isPartOf":{"@id":"https:\/\/footdavant.fr\/actualites\/#website"},"datePublished":"2023-11-15T01:50:39+00:00","dateModified":"2023-11-15T01:50:40+00:00","breadcrumb":{"@id":"https:\/\/footdavant.fr\/actualites\/un-retour-epique-encore-du-chaos-et-des-blessures-a-interlull\/#breadcrumb"},"inLanguage":"fr-FR","potentialAction":[{"@type":"ReadAction","target":["https:\/\/footdavant.fr\/actualites\/un-retour-epique-encore-du-chaos-et-des-blessures-a-interlull\/"]}]},{"@type":"BreadcrumbList","@id":"https:\/\/footdavant.fr\/actualites\/un-retour-epique-encore-du-chaos-et-des-blessures-a-interlull\/#breadcrumb","itemListElement":[{"@type":"ListItem","position":1,"name":"Accueil","item":"https:\/\/footdavant.fr\/actualites\/"},{"@type":"ListItem","position":2,"name":"Un retour \u00e9pique, encore du chaos et des blessures \u00e0 Interlull"}]},{"@type":"WebSite","@id":"https:\/\/footdavant.fr\/actualites\/#website","url":"https:\/\/footdavant.fr\/actualites\/","name":"Foot d'avant","description":"","publisher":{"@id":"https:\/\/footdavant.fr\/actualites\/#organization"},"potentialAction":[{"@type":"SearchAction","target":{"@type":"EntryPoint","urlTemplate":"https:\/\/footdavant.fr\/actualites\/?s={search_term_string}"},"query-input":"required name=search_term_string"}],"inLanguage":"fr-FR"},{"@type":"Organization","@id":"https:\/\/footdavant.fr\/actualites\/#organization","name":"Foot d'avant","url":"https:\/\/footdavant.fr\/actualites\/","logo":{"@type":"ImageObject","inLanguage":"fr-FR","@id":"https:\/\/footdavant.fr\/actualites\/#\/schema\/logo\/image\/","url":"https:\/\/footdavant.fr\/actualites\/wp-content\/uploads\/2023\/09\/Copy-of-FootDavant-Logo.png","contentUrl":"https:\/\/footdavant.fr\/actualites\/wp-content\/uploads\/2023\/09\/Copy-of-FootDavant-Logo.png","width":936,"height":549,"caption":"Foot d'avant"},"image":{"@id":"https:\/\/footdavant.fr\/actualites\/#\/schema\/logo\/image\/"},"sameAs":["https:\/\/www.facebook.com\/Footdavant\/","https:\/\/twitter.com\/FootdavantFr","https:\/\/www.instagram.com\/footdavant.fr\/"]},{"@type":"Person","@id":"https:\/\/footdavant.fr\/actualites\/#\/schema\/person\/bc222566d95871b37e597b3ed3ba5e1d","name":"Cl\u00e9ment","image":{"@type":"ImageObject","inLanguage":"fr-FR","@id":"https:\/\/footdavant.fr\/actualites\/#\/schema\/person\/image\/","url":"https:\/\/secure.gravatar.com\/avatar\/7728b29aac2719421e1a9159b2254c44?s=96&d=mm&r=g","contentUrl":"https:\/\/secure.gravatar.com\/avatar\/7728b29aac2719421e1a9159b2254c44?s=96&d=mm&r=g","caption":"Cl\u00e9ment"},"sameAs":["https:\/\/footdavant.fr\/"]}]}},"_links":{"self":[{"href":"https:\/\/footdavant.fr\/actualites\/wp-json\/wp\/v2\/posts\/944"}],"collection":[{"href":"https:\/\/footdavant.fr\/actualites\/wp-json\/wp\/v2\/posts"}],"about":[{"href":"https:\/\/footdavant.fr\/actualites\/wp-json\/wp\/v2\/types\/post"}],"author":[{"embeddable":true,"href":"https:\/\/footdavant.fr\/actualites\/wp-json\/wp\/v2\/users\/1"}],"replies":[{"embeddable":true,"href":"https:\/\/footdavant.fr\/actualites\/wp-json\/wp\/v2\/comments?post=944"}],"version-history":[{"count":1,"href":"https:\/\/footdavant.fr\/actualites\/wp-json\/wp\/v2\/posts\/944\/revisions"}],"predecessor-version":[{"id":946,"href":"https:\/\/footdavant.fr\/actualites\/wp-json\/wp\/v2\/posts\/944\/revisions\/946"}],"wp:featuredmedia":[{"embeddable":true,"href":"https:\/\/footdavant.fr\/actualites\/wp-json\/wp\/v2\/media\/945"}],"wp:attachment":[{"href":"https:\/\/footdavant.fr\/actualites\/wp-json\/wp\/v2\/media?parent=944"}],"wp:term":[{"taxonomy":"category","embeddable":true,"href":"https:\/\/footdavant.fr\/actualites\/wp-json\/wp\/v2\/categories?post=944"},{"taxonomy":"post_tag","embeddable":true,"href":"https:\/\/footdavant.fr\/actualites\/wp-json\/wp\/v2\/tags?post=944"}],"curies":[{"name":"wp","href":"https:\/\/api.w.org\/{rel}","templated":true}]}}