{"id":9457,"date":"2024-06-02T14:51:18","date_gmt":"2024-06-02T12:51:18","guid":{"rendered":"https:\/\/footdavant.fr\/actualites\/sir-jim-ratcliffe-de-manchester-united-fixe-la-date-des-pourparlers-sur-la-confrontation-avec-erik-ten-hag\/"},"modified":"2024-06-02T14:51:19","modified_gmt":"2024-06-02T12:51:19","slug":"sir-jim-ratcliffe-de-manchester-united-fixe-la-date-des-pourparlers-sur-la-confrontation-avec-erik-ten-hag","status":"publish","type":"post","link":"https:\/\/footdavant.fr\/actualites\/sir-jim-ratcliffe-de-manchester-united-fixe-la-date-des-pourparlers-sur-la-confrontation-avec-erik-ten-hag\/","title":{"rendered":"Sir Jim Ratcliffe de Manchester United \u00ab fixe la date des pourparlers sur la confrontation avec Erik Ten Hag \u00bb"},"content":{"rendered":"<p>Manchester United d\u00e9ciderait de l&#39;avenir de l&#39;entra\u00eeneur-chef Erik Ten Hag la semaine prochaine, lorsqu&#39;un examen d\u00e9taill\u00e9 de la campagne 2023-24 devrait \u00eatre achev\u00e9.<\/p>\n<div id=\"article_body\" itemprop=\"articleBody\">\n<h3 class=\"firstPara\">\n<strong class=\"autotag\">Manchester United<\/strong> seraient pr\u00eats \u00e0 d\u00e9cider <strong class=\"autotag\">Erik Ten Hag<\/strong>L&#39;avenir de au club la semaine prochaine, apr\u00e8s un bilan de la saison.<\/h3>\n<p>La campagne 2023-24 s&#39;est termin\u00e9e pour les Red Devils samedi apr\u00e8s-midi, lorsqu&#39;ils ont battu de mani\u00e8re inattendue leurs rivaux locaux, Manchester City, en finale de la FA Cup au stade de Wembley.<\/p>\n<p>Face aux Citizens, vainqueurs de la Premier League, ce sont les enfants Carrington de United qui ont fait les d\u00e9g\u00e2ts sur la plus grande sc\u00e8ne, avec <strong class=\"autotag\">Alexandre Garnacho<\/strong> et <strong class=\"autotag\">Kobbie Mainoo<\/strong> filet en premi\u00e8re mi-temps.<\/p>\n<p>Une pouss\u00e9e de pression en deuxi\u00e8me p\u00e9riode \u00e9tait in\u00e9vitable <strong class=\"autotag\">Pep Guardiola<\/strong>alors qu&#39;ils cherchaient \u00e0 maintenir leur double r\u00eave en vie, mais malgr\u00e9 <strong class=\"autotag\">J\u00e9r\u00e9mie Doku<\/strong>Gr\u00e2ce \u00e0 la frappe tardive de , les Red Devils ont tenu bon pour remporter leur 13e FA Cup.<\/p>\n<p>Au milieu des sc\u00e8nes de liesse pour Man United au domicile du football anglais, de nombreuses questions subsistaient encore concernant l&#39;avenir de l&#39;entra\u00eeneur-chef Ten Hag.<\/p>\n<p class=\"imgI\">\n<h2 class=\"k3\">Man United d\u00e9cidera-t-il de l\u2019avenir de Ten Hag la semaine prochaine ?<\/h2>\n<p>Selon <em>L&#39;Athl\u00e9tisme<\/em>Man United a mis en place un calendrier concernant le moment o\u00f9 l&#39;avenir de l&#39;entra\u00eeneur-chef Ten Hag sera r\u00e9solu avant la nouvelle campagne.<\/p>\n<p>Le rapport affirme que les Diables Rouges scelleront le sort du N\u00e9erlandais la semaine prochaine, lorsqu&#39;un examen d\u00e9taill\u00e9 de la saison 2023-24 sera effectu\u00e9.<\/p>\n<p>Monsieur, propri\u00e9taire minoritaire de Man United <strong class=\"autotag\">Jim Ratcliffe<\/strong> et le directeur sportif d&#39;INEOS, Monsieur <strong class=\"autotag\">David Brailsford<\/strong> aurait dirig\u00e9 l&#39;autopsie, en consultation avec Ten Hag.<\/p>\n<p>Apr\u00e8s 38 matches de Premier League, Man United s&#39;est retrouv\u00e9 avec 60 points, ce qui signifie qu&#39;il a termin\u00e9 huiti\u00e8me du classement de l&#39;\u00e9lite \u2013 son pire classement depuis plus de 30 ans.<\/p>\n<p>Malgr\u00e9 une multitude de blessures obligeant Ten Hag \u00e0 aligner des XI peu orthodoxes \u00e0 plusieurs reprises cette saison, m\u00eame le N\u00e9erlandais a admis que le club avait endur\u00e9 une \u00ab\u00a0campagne poubelle\u00a0\u00bb, quel que soit le succ\u00e8s de la FA Cup.<\/p>\n<p class=\"imgI\"><img decoding=\"async\" loading=\"lazy\" class=\"l\" src=\"https:\/\/footdavant.fr\/actualites\/wp-content\/uploads\/2024\/06\/1717332678_612_Sir-Jim-Ratcliffe-de-Manchester-United-fixe-la-date.jpg\" title=\"Kieran McKenna, directeur d&#39;Ipswich Town, le 30 avril 2024\" alt=\"Kieran McKenna, directeur d&#39;Ipswich Town, le 30 avril 2024\" width=\"640\" height=\"480\"><\/p>\n<h2 class=\"k3\">Man United \u00ab\u00a0en contact avec les rempla\u00e7ants de Ten Hag\u00a0\u00bb<\/h2>\n<p>Bien qu&#39;il soit d\u00e9clar\u00e9 que l&#39;avenir de Ten Hag n&#39;est pas encore scell\u00e9, il est entendu que les Diables Rouges poursuivent leur recherche d&#39;un rempla\u00e7ant potentiel.<\/p>\n<p>Apr\u00e8s avoir guid\u00e9 Ipswich Town de la League One \u00e0 la Premier League en l&#39;espace de deux saisons, on pense que <strong class=\"autotag\">Kieran McKenna<\/strong> est en lice pour prendre les commandes \u00e0 Old Trafford.<\/p>\n<p>Ayant auparavant dirig\u00e9 les \u00e9quipes des moins de 18 ans et des moins de 19 ans de United, il se dit que les Red Devils seraient en contact avec le camp de McKenna au sujet d&#39;un \u00e9ventuel retour au club.<\/p>\n<p>Il y a \u00e9galement eu des suggestions selon lesquelles <strong class=\"autotag\">Thomas Tuchel<\/strong> est devenu une cible privil\u00e9gi\u00e9e pour remplacer Ten Hag au Th\u00e9\u00e2tre des r\u00eaves, l&#39;Allemand \u00e9tant disponible apr\u00e8s sa sortie du Bayern Munich. <\/p>\n<\/div>\n","protected":false},"excerpt":{"rendered":"<p>Manchester United d\u00e9ciderait de l&#39;avenir de l&#39;entra\u00eeneur-chef Erik Ten Hag la semaine prochaine, lorsqu&#39;un examen d\u00e9taill\u00e9 de la campagne 2023-24 devrait \u00eatre achev\u00e9. Manchester United<\/p>\n","protected":false},"author":1,"featured_media":9458,"comment_status":"closed","ping_status":"","sticky":false,"template":"","format":"standard","meta":{"footnotes":""},"categories":[5],"tags":[91,3716,391,12,190,113,192,691,11,2077,692,690,103,191,13],"yoast_head":"<!-- This site is optimized with the Yoast SEO plugin v21.0 - https:\/\/yoast.com\/wordpress\/plugins\/seo\/ -->\n<title>Sir Jim Ratcliffe de Manchester United \u00ab fixe la date des pourparlers sur la confrontation avec Erik Ten Hag \u00bb<\/title>\n<meta name=\"robots\" content=\"index, follow, max-snippet:-1, max-image-preview:large, max-video-preview:-1\" \/>\n<link rel=\"canonical\" href=\"https:\/\/footdavant.fr\/actualites\/sir-jim-ratcliffe-de-manchester-united-fixe-la-date-des-pourparlers-sur-la-confrontation-avec-erik-ten-hag\/\" \/>\n<meta property=\"og:locale\" content=\"fr_FR\" \/>\n<meta property=\"og:type\" content=\"article\" \/>\n<meta property=\"og:title\" content=\"Sir Jim Ratcliffe de Manchester United \u00ab fixe la date des pourparlers sur la confrontation avec Erik Ten Hag \u00bb\" \/>\n<meta property=\"og:description\" content=\"Manchester United d\u00e9ciderait de l&#039;avenir de l&#039;entra\u00eeneur-chef Erik Ten Hag la semaine prochaine, lorsqu&#039;un examen d\u00e9taill\u00e9 de la campagne 2023-24 devrait \u00eatre achev\u00e9. Manchester United\" \/>\n<meta property=\"og:url\" content=\"https:\/\/footdavant.fr\/actualites\/sir-jim-ratcliffe-de-manchester-united-fixe-la-date-des-pourparlers-sur-la-confrontation-avec-erik-ten-hag\/\" \/>\n<meta property=\"og:site_name\" content=\"Foot d&#039;avant\" \/>\n<meta property=\"article:publisher\" content=\"https:\/\/www.facebook.com\/Footdavant\/\" \/>\n<meta property=\"article:published_time\" content=\"2024-06-02T12:51:18+00:00\" \/>\n<meta property=\"article:modified_time\" content=\"2024-06-02T12:51:19+00:00\" \/>\n<meta property=\"og:image\" content=\"https:\/\/footdavant.fr\/actualites\/wp-content\/uploads\/2024\/06\/Sir-Jim-Ratcliffe-de-Manchester-United-fixe-la-date.jpg\" \/>\n\t<meta property=\"og:image:width\" content=\"640\" \/>\n\t<meta property=\"og:image:height\" content=\"480\" \/>\n\t<meta property=\"og:image:type\" content=\"image\/jpeg\" \/>\n<meta name=\"author\" content=\"Cl\u00e9ment\" \/>\n<meta name=\"twitter:card\" content=\"summary_large_image\" \/>\n<meta name=\"twitter:creator\" content=\"@FootdavantFr\" \/>\n<meta name=\"twitter:site\" content=\"@FootdavantFr\" \/>\n<meta name=\"twitter:label1\" content=\"\u00c9crit par\" \/>\n\t<meta name=\"twitter:data1\" content=\"Cl\u00e9ment\" \/>\n\t<meta name=\"twitter:label2\" content=\"Dur\u00e9e de lecture estim\u00e9e\" \/>\n\t<meta name=\"twitter:data2\" content=\"3 minutes\" \/>\n<script type=\"application\/ld+json\" class=\"yoast-schema-graph\">{\"@context\":\"https:\/\/schema.org\",\"@graph\":[{\"@type\":\"Article\",\"@id\":\"https:\/\/footdavant.fr\/actualites\/sir-jim-ratcliffe-de-manchester-united-fixe-la-date-des-pourparlers-sur-la-confrontation-avec-erik-ten-hag\/#article\",\"isPartOf\":{\"@id\":\"https:\/\/footdavant.fr\/actualites\/sir-jim-ratcliffe-de-manchester-united-fixe-la-date-des-pourparlers-sur-la-confrontation-avec-erik-ten-hag\/\"},\"author\":{\"name\":\"Cl\u00e9ment\",\"@id\":\"https:\/\/footdavant.fr\/actualites\/#\/schema\/person\/bc222566d95871b37e597b3ed3ba5e1d\"},\"headline\":\"Sir Jim Ratcliffe de Manchester United \u00ab fixe la date des pourparlers sur la confrontation avec Erik Ten Hag \u00bb\",\"datePublished\":\"2024-06-02T12:51:18+00:00\",\"dateModified\":\"2024-06-02T12:51:19+00:00\",\"mainEntityOfPage\":{\"@id\":\"https:\/\/footdavant.fr\/actualites\/sir-jim-ratcliffe-de-manchester-united-fixe-la-date-des-pourparlers-sur-la-confrontation-avec-erik-ten-hag\/\"},\"wordCount\":551,\"publisher\":{\"@id\":\"https:\/\/footdavant.fr\/actualites\/#organization\"},\"keywords\":[\"avec\",\"confrontation\",\"date\",\"des\",\"Erik\",\"fixe\",\"Hag\",\"Jim\",\"Manchester\",\"pourparlers\",\"Ratcliffe\",\"Sir\",\"sur\",\"ten\",\"United\"],\"articleSection\":[\"Premier League\"],\"inLanguage\":\"fr-FR\"},{\"@type\":\"WebPage\",\"@id\":\"https:\/\/footdavant.fr\/actualites\/sir-jim-ratcliffe-de-manchester-united-fixe-la-date-des-pourparlers-sur-la-confrontation-avec-erik-ten-hag\/\",\"url\":\"https:\/\/footdavant.fr\/actualites\/sir-jim-ratcliffe-de-manchester-united-fixe-la-date-des-pourparlers-sur-la-confrontation-avec-erik-ten-hag\/\",\"name\":\"Sir Jim Ratcliffe de Manchester United \u00ab fixe la date des pourparlers sur la confrontation avec Erik Ten Hag \u00bb\",\"isPartOf\":{\"@id\":\"https:\/\/footdavant.fr\/actualites\/#website\"},\"datePublished\":\"2024-06-02T12:51:18+00:00\",\"dateModified\":\"2024-06-02T12:51:19+00:00\",\"breadcrumb\":{\"@id\":\"https:\/\/footdavant.fr\/actualites\/sir-jim-ratcliffe-de-manchester-united-fixe-la-date-des-pourparlers-sur-la-confrontation-avec-erik-ten-hag\/#breadcrumb\"},\"inLanguage\":\"fr-FR\",\"potentialAction\":[{\"@type\":\"ReadAction\",\"target\":[\"https:\/\/footdavant.fr\/actualites\/sir-jim-ratcliffe-de-manchester-united-fixe-la-date-des-pourparlers-sur-la-confrontation-avec-erik-ten-hag\/\"]}]},{\"@type\":\"BreadcrumbList\",\"@id\":\"https:\/\/footdavant.fr\/actualites\/sir-jim-ratcliffe-de-manchester-united-fixe-la-date-des-pourparlers-sur-la-confrontation-avec-erik-ten-hag\/#breadcrumb\",\"itemListElement\":[{\"@type\":\"ListItem\",\"position\":1,\"name\":\"Accueil\",\"item\":\"https:\/\/footdavant.fr\/actualites\/\"},{\"@type\":\"ListItem\",\"position\":2,\"name\":\"Sir Jim Ratcliffe de Manchester United \u00ab fixe la date des pourparlers sur la confrontation avec Erik Ten Hag \u00bb\"}]},{\"@type\":\"WebSite\",\"@id\":\"https:\/\/footdavant.fr\/actualites\/#website\",\"url\":\"https:\/\/footdavant.fr\/actualites\/\",\"name\":\"Foot d'avant\",\"description\":\"\",\"publisher\":{\"@id\":\"https:\/\/footdavant.fr\/actualites\/#organization\"},\"potentialAction\":[{\"@type\":\"SearchAction\",\"target\":{\"@type\":\"EntryPoint\",\"urlTemplate\":\"https:\/\/footdavant.fr\/actualites\/?s={search_term_string}\"},\"query-input\":\"required name=search_term_string\"}],\"inLanguage\":\"fr-FR\"},{\"@type\":\"Organization\",\"@id\":\"https:\/\/footdavant.fr\/actualites\/#organization\",\"name\":\"Foot d'avant\",\"url\":\"https:\/\/footdavant.fr\/actualites\/\",\"logo\":{\"@type\":\"ImageObject\",\"inLanguage\":\"fr-FR\",\"@id\":\"https:\/\/footdavant.fr\/actualites\/#\/schema\/logo\/image\/\",\"url\":\"https:\/\/footdavant.fr\/actualites\/wp-content\/uploads\/2023\/09\/Copy-of-FootDavant-Logo.png\",\"contentUrl\":\"https:\/\/footdavant.fr\/actualites\/wp-content\/uploads\/2023\/09\/Copy-of-FootDavant-Logo.png\",\"width\":936,\"height\":549,\"caption\":\"Foot d'avant\"},\"image\":{\"@id\":\"https:\/\/footdavant.fr\/actualites\/#\/schema\/logo\/image\/\"},\"sameAs\":[\"https:\/\/www.facebook.com\/Footdavant\/\",\"https:\/\/twitter.com\/FootdavantFr\",\"https:\/\/www.instagram.com\/footdavant.fr\/\"]},{\"@type\":\"Person\",\"@id\":\"https:\/\/footdavant.fr\/actualites\/#\/schema\/person\/bc222566d95871b37e597b3ed3ba5e1d\",\"name\":\"Cl\u00e9ment\",\"image\":{\"@type\":\"ImageObject\",\"inLanguage\":\"fr-FR\",\"@id\":\"https:\/\/footdavant.fr\/actualites\/#\/schema\/person\/image\/\",\"url\":\"https:\/\/secure.gravatar.com\/avatar\/7728b29aac2719421e1a9159b2254c44?s=96&d=mm&r=g\",\"contentUrl\":\"https:\/\/secure.gravatar.com\/avatar\/7728b29aac2719421e1a9159b2254c44?s=96&d=mm&r=g\",\"caption\":\"Cl\u00e9ment\"},\"sameAs\":[\"https:\/\/footdavant.fr\/\"]}]}<\/script>\n<!-- \/ Yoast SEO plugin. -->","yoast_head_json":{"title":"Sir Jim Ratcliffe de Manchester United \u00ab fixe la date des pourparlers sur la confrontation avec Erik Ten Hag \u00bb","robots":{"index":"index","follow":"follow","max-snippet":"max-snippet:-1","max-image-preview":"max-image-preview:large","max-video-preview":"max-video-preview:-1"},"canonical":"https:\/\/footdavant.fr\/actualites\/sir-jim-ratcliffe-de-manchester-united-fixe-la-date-des-pourparlers-sur-la-confrontation-avec-erik-ten-hag\/","og_locale":"fr_FR","og_type":"article","og_title":"Sir Jim Ratcliffe de Manchester United \u00ab fixe la date des pourparlers sur la confrontation avec Erik Ten Hag \u00bb","og_description":"Manchester United d\u00e9ciderait de l&#39;avenir de l&#39;entra\u00eeneur-chef Erik Ten Hag la semaine prochaine, lorsqu&#39;un examen d\u00e9taill\u00e9 de la campagne 2023-24 devrait \u00eatre achev\u00e9. Manchester United","og_url":"https:\/\/footdavant.fr\/actualites\/sir-jim-ratcliffe-de-manchester-united-fixe-la-date-des-pourparlers-sur-la-confrontation-avec-erik-ten-hag\/","og_site_name":"Foot d&#039;avant","article_publisher":"https:\/\/www.facebook.com\/Footdavant\/","article_published_time":"2024-06-02T12:51:18+00:00","article_modified_time":"2024-06-02T12:51:19+00:00","og_image":[{"width":640,"height":480,"url":"https:\/\/footdavant.fr\/actualites\/wp-content\/uploads\/2024\/06\/Sir-Jim-Ratcliffe-de-Manchester-United-fixe-la-date.jpg","type":"image\/jpeg"}],"author":"Cl\u00e9ment","twitter_card":"summary_large_image","twitter_creator":"@FootdavantFr","twitter_site":"@FootdavantFr","twitter_misc":{"\u00c9crit par":"Cl\u00e9ment","Dur\u00e9e de lecture estim\u00e9e":"3 minutes"},"schema":{"@context":"https:\/\/schema.org","@graph":[{"@type":"Article","@id":"https:\/\/footdavant.fr\/actualites\/sir-jim-ratcliffe-de-manchester-united-fixe-la-date-des-pourparlers-sur-la-confrontation-avec-erik-ten-hag\/#article","isPartOf":{"@id":"https:\/\/footdavant.fr\/actualites\/sir-jim-ratcliffe-de-manchester-united-fixe-la-date-des-pourparlers-sur-la-confrontation-avec-erik-ten-hag\/"},"author":{"name":"Cl\u00e9ment","@id":"https:\/\/footdavant.fr\/actualites\/#\/schema\/person\/bc222566d95871b37e597b3ed3ba5e1d"},"headline":"Sir Jim Ratcliffe de Manchester United \u00ab fixe la date des pourparlers sur la confrontation avec Erik Ten Hag \u00bb","datePublished":"2024-06-02T12:51:18+00:00","dateModified":"2024-06-02T12:51:19+00:00","mainEntityOfPage":{"@id":"https:\/\/footdavant.fr\/actualites\/sir-jim-ratcliffe-de-manchester-united-fixe-la-date-des-pourparlers-sur-la-confrontation-avec-erik-ten-hag\/"},"wordCount":551,"publisher":{"@id":"https:\/\/footdavant.fr\/actualites\/#organization"},"keywords":["avec","confrontation","date","des","Erik","fixe","Hag","Jim","Manchester","pourparlers","Ratcliffe","Sir","sur","ten","United"],"articleSection":["Premier League"],"inLanguage":"fr-FR"},{"@type":"WebPage","@id":"https:\/\/footdavant.fr\/actualites\/sir-jim-ratcliffe-de-manchester-united-fixe-la-date-des-pourparlers-sur-la-confrontation-avec-erik-ten-hag\/","url":"https:\/\/footdavant.fr\/actualites\/sir-jim-ratcliffe-de-manchester-united-fixe-la-date-des-pourparlers-sur-la-confrontation-avec-erik-ten-hag\/","name":"Sir Jim Ratcliffe de Manchester United \u00ab fixe la date des pourparlers sur la confrontation avec Erik Ten Hag \u00bb","isPartOf":{"@id":"https:\/\/footdavant.fr\/actualites\/#website"},"datePublished":"2024-06-02T12:51:18+00:00","dateModified":"2024-06-02T12:51:19+00:00","breadcrumb":{"@id":"https:\/\/footdavant.fr\/actualites\/sir-jim-ratcliffe-de-manchester-united-fixe-la-date-des-pourparlers-sur-la-confrontation-avec-erik-ten-hag\/#breadcrumb"},"inLanguage":"fr-FR","potentialAction":[{"@type":"ReadAction","target":["https:\/\/footdavant.fr\/actualites\/sir-jim-ratcliffe-de-manchester-united-fixe-la-date-des-pourparlers-sur-la-confrontation-avec-erik-ten-hag\/"]}]},{"@type":"BreadcrumbList","@id":"https:\/\/footdavant.fr\/actualites\/sir-jim-ratcliffe-de-manchester-united-fixe-la-date-des-pourparlers-sur-la-confrontation-avec-erik-ten-hag\/#breadcrumb","itemListElement":[{"@type":"ListItem","position":1,"name":"Accueil","item":"https:\/\/footdavant.fr\/actualites\/"},{"@type":"ListItem","position":2,"name":"Sir Jim Ratcliffe de Manchester United \u00ab fixe la date des pourparlers sur la confrontation avec Erik Ten Hag \u00bb"}]},{"@type":"WebSite","@id":"https:\/\/footdavant.fr\/actualites\/#website","url":"https:\/\/footdavant.fr\/actualites\/","name":"Foot d'avant","description":"","publisher":{"@id":"https:\/\/footdavant.fr\/actualites\/#organization"},"potentialAction":[{"@type":"SearchAction","target":{"@type":"EntryPoint","urlTemplate":"https:\/\/footdavant.fr\/actualites\/?s={search_term_string}"},"query-input":"required name=search_term_string"}],"inLanguage":"fr-FR"},{"@type":"Organization","@id":"https:\/\/footdavant.fr\/actualites\/#organization","name":"Foot d'avant","url":"https:\/\/footdavant.fr\/actualites\/","logo":{"@type":"ImageObject","inLanguage":"fr-FR","@id":"https:\/\/footdavant.fr\/actualites\/#\/schema\/logo\/image\/","url":"https:\/\/footdavant.fr\/actualites\/wp-content\/uploads\/2023\/09\/Copy-of-FootDavant-Logo.png","contentUrl":"https:\/\/footdavant.fr\/actualites\/wp-content\/uploads\/2023\/09\/Copy-of-FootDavant-Logo.png","width":936,"height":549,"caption":"Foot d'avant"},"image":{"@id":"https:\/\/footdavant.fr\/actualites\/#\/schema\/logo\/image\/"},"sameAs":["https:\/\/www.facebook.com\/Footdavant\/","https:\/\/twitter.com\/FootdavantFr","https:\/\/www.instagram.com\/footdavant.fr\/"]},{"@type":"Person","@id":"https:\/\/footdavant.fr\/actualites\/#\/schema\/person\/bc222566d95871b37e597b3ed3ba5e1d","name":"Cl\u00e9ment","image":{"@type":"ImageObject","inLanguage":"fr-FR","@id":"https:\/\/footdavant.fr\/actualites\/#\/schema\/person\/image\/","url":"https:\/\/secure.gravatar.com\/avatar\/7728b29aac2719421e1a9159b2254c44?s=96&d=mm&r=g","contentUrl":"https:\/\/secure.gravatar.com\/avatar\/7728b29aac2719421e1a9159b2254c44?s=96&d=mm&r=g","caption":"Cl\u00e9ment"},"sameAs":["https:\/\/footdavant.fr\/"]}]}},"_links":{"self":[{"href":"https:\/\/footdavant.fr\/actualites\/wp-json\/wp\/v2\/posts\/9457"}],"collection":[{"href":"https:\/\/footdavant.fr\/actualites\/wp-json\/wp\/v2\/posts"}],"about":[{"href":"https:\/\/footdavant.fr\/actualites\/wp-json\/wp\/v2\/types\/post"}],"author":[{"embeddable":true,"href":"https:\/\/footdavant.fr\/actualites\/wp-json\/wp\/v2\/users\/1"}],"replies":[{"embeddable":true,"href":"https:\/\/footdavant.fr\/actualites\/wp-json\/wp\/v2\/comments?post=9457"}],"version-history":[{"count":1,"href":"https:\/\/footdavant.fr\/actualites\/wp-json\/wp\/v2\/posts\/9457\/revisions"}],"predecessor-version":[{"id":9459,"href":"https:\/\/footdavant.fr\/actualites\/wp-json\/wp\/v2\/posts\/9457\/revisions\/9459"}],"wp:featuredmedia":[{"embeddable":true,"href":"https:\/\/footdavant.fr\/actualites\/wp-json\/wp\/v2\/media\/9458"}],"wp:attachment":[{"href":"https:\/\/footdavant.fr\/actualites\/wp-json\/wp\/v2\/media?parent=9457"}],"wp:term":[{"taxonomy":"category","embeddable":true,"href":"https:\/\/footdavant.fr\/actualites\/wp-json\/wp\/v2\/categories?post=9457"},{"taxonomy":"post_tag","embeddable":true,"href":"https:\/\/footdavant.fr\/actualites\/wp-json\/wp\/v2\/tags?post=9457"}],"curies":[{"name":"wp","href":"https:\/\/api.w.org\/{rel}","templated":true}]}}