{"id":9463,"date":"2024-06-02T18:48:09","date_gmt":"2024-06-02T16:48:09","guid":{"rendered":"https:\/\/footdavant.fr\/actualites\/bournemouth-devoile-lancien-chef-de-la-roma-comme-president-des-operations-football\/"},"modified":"2024-06-02T18:48:09","modified_gmt":"2024-06-02T16:48:09","slug":"bournemouth-devoile-lancien-chef-de-la-roma-comme-president-des-operations-football","status":"publish","type":"post","link":"https:\/\/footdavant.fr\/actualites\/bournemouth-devoile-lancien-chef-de-la-roma-comme-president-des-operations-football\/","title":{"rendered":"Bournemouth d\u00e9voile l&#39;ancien chef de la Roma comme pr\u00e9sident des op\u00e9rations football"},"content":{"rendered":"<p>Bournemouth annonce la nomination de l&#39;ancien chef de la Roma, Tiago Pinto, au poste de tout premier pr\u00e9sident des op\u00e9rations football du club.<\/p>\n<div id=\"article_body\" itemprop=\"articleBody\">\n<h3 class=\"firstPara\">\n<strong class=\"autotag\">Bournemouth<\/strong> ont annonc\u00e9 la nomination de <strong class=\"autotag\">Tiago Pinto<\/strong> en tant que tout premier pr\u00e9sident des op\u00e9rations football du club.<\/h3>\n<p>Les Cherries ont confirm\u00e9 que Pinto prendra ses fonctions la semaine prochaine apr\u00e8s avoir quitt\u00e9 son poste de directeur g\u00e9n\u00e9ral de la Roma plus t\u00f4t cette ann\u00e9e.<\/p>\n<p>Pinto assumera un r\u00f4le nouvellement cr\u00e9\u00e9 plut\u00f4t que de remplacer <strong class=\"autotag\">Richard Hughes<\/strong>qui a quitt\u00e9 son poste de directeur technique pour devenir le nouveau directeur sportif de Liverpool. <\/p>\n<p><strong class=\"autotag\">Simon Fran\u00e7ois<\/strong> occupera le poste laiss\u00e9 vacant par Hughes pour travailler aux c\u00f4t\u00e9s de Pinto et du directeur g\u00e9n\u00e9ral <strong class=\"autotag\">Neil Blake<\/strong>. <\/p>\n<p class=\"imgI\">\n<h2 class=\"k3\">Pinto \u00ab\u00a0a h\u00e2te\u00a0\u00bb de commencer \u00e0 travailler \u00e0 Bournemouth<\/h2>\n<p>Suite \u00e0 la nomination de Pinto, le pr\u00e9sident et propri\u00e9taire de Bournemouth <strong class=\"autotag\">Bill Foley<\/strong> a d\u00e9clar\u00e9 sur le site Internet du club : \u00ab\u00a0Nous sommes ravis d&#39;amener Tiago au club. Neill et Simon ont travaill\u00e9 en \u00e9troite collaboration avec lui sur un certain nombre de contrats au cours des derni\u00e8res saisons et ont toujours \u00e9t\u00e9 tr\u00e8s impressionn\u00e9s par lui.<\/p>\n<p>\u00ab\u00a0Tiago arrive d\u00e9j\u00e0 avec une grande exp\u00e9rience dans des clubs de haut niveau au cours de sa jeune carri\u00e8re. Embaucher quelqu&#39;un avec son exp\u00e9rience renforce l&#39;ambition que nous avons de r\u00e9ussir en Premier League et dans notre projet multi-clubs.\u00a0\u00bb<\/p>\n<p>Pinto a pass\u00e9 trois ans en tant que directeur du football de Benfica, avant de devenir directeur g\u00e9n\u00e9ral des g\u00e9ants de Serie A, la Roma.<\/p>\n<p>Pendant son s\u00e9jour dans la capitale italienne, la Roma a remport\u00e9 la Ligue Europa Conf\u00e9rence 2021-22 et a atteint la finale de la Ligue Europa 2022-23.<\/p>\n<p>Pinto, qui a quitt\u00e9 la Roma en f\u00e9vrier, aurait sign\u00e9 un contrat de trois ans avec le club de Premier League. <\/p>\n<p>\u00ab\u00a0Je suis tr\u00e8s heureux de rejoindre Bournemouth \u00e0 un moment aussi excitant pour le club\u00a0\u00bb, a d\u00e9clar\u00e9 Pinto.  \u00ab\u00a0Je voudrais exprimer ma gratitude \u00e0 Bill, Neill et Simon. La vision qu&#39;ils m&#39;ont pr\u00e9sent\u00e9e est quelque chose \u00e0 laquelle j&#39;ai h\u00e2te de participer.\u00a0\u00bb<\/p>\n<blockquote class=\"twitter-tweet\">\n<p lang=\"en\" dir=\"ltr\">Nous sommes ravis d&#39;accueillir notre nouveau pr\u00e9sident des op\u00e9rations football, Tiago Pinto \ud83e\udd1d<\/p>\n<p>Il prendra ses fonctions la semaine prochaine et travaillera avec le directeur g\u00e9n\u00e9ral du club, Neill Blake, et le directeur technique, Simon Francis, sur toutes les questions li\u00e9es au football.<\/p>\n<p>Bienvenue Tiago \ud83c\udf52 <a rel=\"nofollow\" href=\"https:\/\/t.co\/fMheEM6301\">pic.twitter.com\/fMheEM6301<\/a><\/p>\n<p>\u2013 AFC Bournemouth \ud83c\udf52 (@afcbournemouth) <a rel=\"nofollow\" href=\"https:\/\/twitter.com\/afcbournemouth\/status\/1793945040823431199?ref_src=twsrc%5Etfw\">24 mai 2024<\/a>\n<\/p><\/blockquote>\n<h2 class=\"k3\">La nomination de Pinto t\u00e9moigne de l&#39;ambition de Bournemouth<\/h2>\n<p>La capacit\u00e9 de Bournemouth \u00e0 convaincre Pinto d&#39;assumer le r\u00f4le de pr\u00e9sident des op\u00e9rations football met en \u00e9vidence l&#39;ambition du club et sugg\u00e8re que les Cherries sont sur une trajectoire ascendante.<\/p>\n<p>Ils ont r\u00e9cemment prolong\u00e9 le contrat de <strong class=\"autotag\">Andoni Iraola<\/strong> jusqu&#39;en juin 2026 apr\u00e8s avoir guid\u00e9 le club vers son total de points le plus \u00e9lev\u00e9 jamais enregistr\u00e9 en Premier League lors de sa premi\u00e8re saison au sein du club.<\/p>\n<p>Le patron de Bournemouth a vu son \u00e9quipe r\u00e9colter 48 points pour terminer 12e, garantissant ainsi au club d&#39;esp\u00e9rer une troisi\u00e8me saison cons\u00e9cutive dans l&#39;\u00e9lite.<\/p>\n<p>Cependant, plut\u00f4t que de se concentrer sur le maintien dans la division, la nomination de Pinto indique que Bournemouth fixe ses attentes un peu plus haut.<\/p>\n<\/div>\n<p><script async src=\"https:\/\/platform.twitter.com\/widgets.js\" charset=\"utf-8\"><\/script><\/p>\n","protected":false},"excerpt":{"rendered":"<p>Bournemouth annonce la nomination de l&#39;ancien chef de la Roma, Tiago Pinto, au poste de tout premier pr\u00e9sident des op\u00e9rations football du club. Bournemouth ont<\/p>\n","protected":false},"author":1,"featured_media":9464,"comment_status":"closed","ping_status":"","sticky":false,"template":"","format":"standard","meta":{"footnotes":""},"categories":[5],"tags":[54,980,990,12,2038,474,4404,5193,1527,275],"yoast_head":"<!-- This site is optimized with the Yoast SEO plugin v21.0 - https:\/\/yoast.com\/wordpress\/plugins\/seo\/ -->\n<title>Bournemouth d\u00e9voile l&#039;ancien chef de la Roma comme pr\u00e9sident des op\u00e9rations football<\/title>\n<meta name=\"robots\" content=\"index, follow, max-snippet:-1, max-image-preview:large, max-video-preview:-1\" \/>\n<link rel=\"canonical\" href=\"https:\/\/footdavant.fr\/actualites\/bournemouth-devoile-lancien-chef-de-la-roma-comme-president-des-operations-football\/\" \/>\n<meta property=\"og:locale\" content=\"fr_FR\" \/>\n<meta property=\"og:type\" content=\"article\" \/>\n<meta property=\"og:title\" content=\"Bournemouth d\u00e9voile l&#039;ancien chef de la Roma comme pr\u00e9sident des op\u00e9rations football\" \/>\n<meta property=\"og:description\" content=\"Bournemouth annonce la nomination de l&#039;ancien chef de la Roma, Tiago Pinto, au poste de tout premier pr\u00e9sident des op\u00e9rations football du club. Bournemouth ont\" \/>\n<meta property=\"og:url\" content=\"https:\/\/footdavant.fr\/actualites\/bournemouth-devoile-lancien-chef-de-la-roma-comme-president-des-operations-football\/\" \/>\n<meta property=\"og:site_name\" content=\"Foot d&#039;avant\" \/>\n<meta property=\"article:publisher\" content=\"https:\/\/www.facebook.com\/Footdavant\/\" \/>\n<meta property=\"article:published_time\" content=\"2024-06-02T16:48:09+00:00\" \/>\n<meta property=\"og:image\" content=\"https:\/\/footdavant.fr\/actualites\/wp-content\/uploads\/2024\/06\/Bournemouth-devoile-l39ancien-chef-de-la-Roma-comme-president-des.jpeg\" \/>\n\t<meta property=\"og:image:width\" content=\"640\" \/>\n\t<meta property=\"og:image:height\" content=\"480\" \/>\n\t<meta property=\"og:image:type\" content=\"image\/jpeg\" \/>\n<meta name=\"author\" content=\"Cl\u00e9ment\" \/>\n<meta name=\"twitter:card\" content=\"summary_large_image\" \/>\n<meta name=\"twitter:creator\" content=\"@FootdavantFr\" \/>\n<meta name=\"twitter:site\" content=\"@FootdavantFr\" \/>\n<meta name=\"twitter:label1\" content=\"\u00c9crit par\" \/>\n\t<meta name=\"twitter:data1\" content=\"Cl\u00e9ment\" \/>\n\t<meta name=\"twitter:label2\" content=\"Dur\u00e9e de lecture estim\u00e9e\" \/>\n\t<meta name=\"twitter:data2\" content=\"3 minutes\" \/>\n<script type=\"application\/ld+json\" class=\"yoast-schema-graph\">{\"@context\":\"https:\/\/schema.org\",\"@graph\":[{\"@type\":\"Article\",\"@id\":\"https:\/\/footdavant.fr\/actualites\/bournemouth-devoile-lancien-chef-de-la-roma-comme-president-des-operations-football\/#article\",\"isPartOf\":{\"@id\":\"https:\/\/footdavant.fr\/actualites\/bournemouth-devoile-lancien-chef-de-la-roma-comme-president-des-operations-football\/\"},\"author\":{\"name\":\"Cl\u00e9ment\",\"@id\":\"https:\/\/footdavant.fr\/actualites\/#\/schema\/person\/bc222566d95871b37e597b3ed3ba5e1d\"},\"headline\":\"Bournemouth d\u00e9voile l&#39;ancien chef de la Roma comme pr\u00e9sident des op\u00e9rations football\",\"datePublished\":\"2024-06-02T16:48:09+00:00\",\"dateModified\":\"2024-06-02T16:48:09+00:00\",\"mainEntityOfPage\":{\"@id\":\"https:\/\/footdavant.fr\/actualites\/bournemouth-devoile-lancien-chef-de-la-roma-comme-president-des-operations-football\/\"},\"wordCount\":597,\"publisher\":{\"@id\":\"https:\/\/footdavant.fr\/actualites\/#organization\"},\"keywords\":[\"Bournemouth\",\"chef\",\"comme\",\"des\",\"d\u00e9voil\u00e9\",\"Football\",\"l39ancien\",\"op\u00e9rations\",\"pr\u00e9sident\",\"Roma\"],\"articleSection\":[\"Premier League\"],\"inLanguage\":\"fr-FR\"},{\"@type\":\"WebPage\",\"@id\":\"https:\/\/footdavant.fr\/actualites\/bournemouth-devoile-lancien-chef-de-la-roma-comme-president-des-operations-football\/\",\"url\":\"https:\/\/footdavant.fr\/actualites\/bournemouth-devoile-lancien-chef-de-la-roma-comme-president-des-operations-football\/\",\"name\":\"Bournemouth d\u00e9voile l&#39;ancien chef de la Roma comme pr\u00e9sident des op\u00e9rations football\",\"isPartOf\":{\"@id\":\"https:\/\/footdavant.fr\/actualites\/#website\"},\"datePublished\":\"2024-06-02T16:48:09+00:00\",\"dateModified\":\"2024-06-02T16:48:09+00:00\",\"breadcrumb\":{\"@id\":\"https:\/\/footdavant.fr\/actualites\/bournemouth-devoile-lancien-chef-de-la-roma-comme-president-des-operations-football\/#breadcrumb\"},\"inLanguage\":\"fr-FR\",\"potentialAction\":[{\"@type\":\"ReadAction\",\"target\":[\"https:\/\/footdavant.fr\/actualites\/bournemouth-devoile-lancien-chef-de-la-roma-comme-president-des-operations-football\/\"]}]},{\"@type\":\"BreadcrumbList\",\"@id\":\"https:\/\/footdavant.fr\/actualites\/bournemouth-devoile-lancien-chef-de-la-roma-comme-president-des-operations-football\/#breadcrumb\",\"itemListElement\":[{\"@type\":\"ListItem\",\"position\":1,\"name\":\"Accueil\",\"item\":\"https:\/\/footdavant.fr\/actualites\/\"},{\"@type\":\"ListItem\",\"position\":2,\"name\":\"Bournemouth d\u00e9voile l&#39;ancien chef de la Roma comme pr\u00e9sident des op\u00e9rations football\"}]},{\"@type\":\"WebSite\",\"@id\":\"https:\/\/footdavant.fr\/actualites\/#website\",\"url\":\"https:\/\/footdavant.fr\/actualites\/\",\"name\":\"Foot d'avant\",\"description\":\"\",\"publisher\":{\"@id\":\"https:\/\/footdavant.fr\/actualites\/#organization\"},\"potentialAction\":[{\"@type\":\"SearchAction\",\"target\":{\"@type\":\"EntryPoint\",\"urlTemplate\":\"https:\/\/footdavant.fr\/actualites\/?s={search_term_string}\"},\"query-input\":\"required name=search_term_string\"}],\"inLanguage\":\"fr-FR\"},{\"@type\":\"Organization\",\"@id\":\"https:\/\/footdavant.fr\/actualites\/#organization\",\"name\":\"Foot d'avant\",\"url\":\"https:\/\/footdavant.fr\/actualites\/\",\"logo\":{\"@type\":\"ImageObject\",\"inLanguage\":\"fr-FR\",\"@id\":\"https:\/\/footdavant.fr\/actualites\/#\/schema\/logo\/image\/\",\"url\":\"https:\/\/footdavant.fr\/actualites\/wp-content\/uploads\/2023\/09\/Copy-of-FootDavant-Logo.png\",\"contentUrl\":\"https:\/\/footdavant.fr\/actualites\/wp-content\/uploads\/2023\/09\/Copy-of-FootDavant-Logo.png\",\"width\":936,\"height\":549,\"caption\":\"Foot d'avant\"},\"image\":{\"@id\":\"https:\/\/footdavant.fr\/actualites\/#\/schema\/logo\/image\/\"},\"sameAs\":[\"https:\/\/www.facebook.com\/Footdavant\/\",\"https:\/\/twitter.com\/FootdavantFr\",\"https:\/\/www.instagram.com\/footdavant.fr\/\"]},{\"@type\":\"Person\",\"@id\":\"https:\/\/footdavant.fr\/actualites\/#\/schema\/person\/bc222566d95871b37e597b3ed3ba5e1d\",\"name\":\"Cl\u00e9ment\",\"image\":{\"@type\":\"ImageObject\",\"inLanguage\":\"fr-FR\",\"@id\":\"https:\/\/footdavant.fr\/actualites\/#\/schema\/person\/image\/\",\"url\":\"https:\/\/secure.gravatar.com\/avatar\/7728b29aac2719421e1a9159b2254c44?s=96&d=mm&r=g\",\"contentUrl\":\"https:\/\/secure.gravatar.com\/avatar\/7728b29aac2719421e1a9159b2254c44?s=96&d=mm&r=g\",\"caption\":\"Cl\u00e9ment\"},\"sameAs\":[\"https:\/\/footdavant.fr\/\"]}]}<\/script>\n<!-- \/ Yoast SEO plugin. -->","yoast_head_json":{"title":"Bournemouth d\u00e9voile l&#39;ancien chef de la Roma comme pr\u00e9sident des op\u00e9rations football","robots":{"index":"index","follow":"follow","max-snippet":"max-snippet:-1","max-image-preview":"max-image-preview:large","max-video-preview":"max-video-preview:-1"},"canonical":"https:\/\/footdavant.fr\/actualites\/bournemouth-devoile-lancien-chef-de-la-roma-comme-president-des-operations-football\/","og_locale":"fr_FR","og_type":"article","og_title":"Bournemouth d\u00e9voile l&#39;ancien chef de la Roma comme pr\u00e9sident des op\u00e9rations football","og_description":"Bournemouth annonce la nomination de l&#39;ancien chef de la Roma, Tiago Pinto, au poste de tout premier pr\u00e9sident des op\u00e9rations football du club. Bournemouth ont","og_url":"https:\/\/footdavant.fr\/actualites\/bournemouth-devoile-lancien-chef-de-la-roma-comme-president-des-operations-football\/","og_site_name":"Foot d&#039;avant","article_publisher":"https:\/\/www.facebook.com\/Footdavant\/","article_published_time":"2024-06-02T16:48:09+00:00","og_image":[{"width":640,"height":480,"url":"https:\/\/footdavant.fr\/actualites\/wp-content\/uploads\/2024\/06\/Bournemouth-devoile-l39ancien-chef-de-la-Roma-comme-president-des.jpeg","type":"image\/jpeg"}],"author":"Cl\u00e9ment","twitter_card":"summary_large_image","twitter_creator":"@FootdavantFr","twitter_site":"@FootdavantFr","twitter_misc":{"\u00c9crit par":"Cl\u00e9ment","Dur\u00e9e de lecture estim\u00e9e":"3 minutes"},"schema":{"@context":"https:\/\/schema.org","@graph":[{"@type":"Article","@id":"https:\/\/footdavant.fr\/actualites\/bournemouth-devoile-lancien-chef-de-la-roma-comme-president-des-operations-football\/#article","isPartOf":{"@id":"https:\/\/footdavant.fr\/actualites\/bournemouth-devoile-lancien-chef-de-la-roma-comme-president-des-operations-football\/"},"author":{"name":"Cl\u00e9ment","@id":"https:\/\/footdavant.fr\/actualites\/#\/schema\/person\/bc222566d95871b37e597b3ed3ba5e1d"},"headline":"Bournemouth d\u00e9voile l&#39;ancien chef de la Roma comme pr\u00e9sident des op\u00e9rations football","datePublished":"2024-06-02T16:48:09+00:00","dateModified":"2024-06-02T16:48:09+00:00","mainEntityOfPage":{"@id":"https:\/\/footdavant.fr\/actualites\/bournemouth-devoile-lancien-chef-de-la-roma-comme-president-des-operations-football\/"},"wordCount":597,"publisher":{"@id":"https:\/\/footdavant.fr\/actualites\/#organization"},"keywords":["Bournemouth","chef","comme","des","d\u00e9voil\u00e9","Football","l39ancien","op\u00e9rations","pr\u00e9sident","Roma"],"articleSection":["Premier League"],"inLanguage":"fr-FR"},{"@type":"WebPage","@id":"https:\/\/footdavant.fr\/actualites\/bournemouth-devoile-lancien-chef-de-la-roma-comme-president-des-operations-football\/","url":"https:\/\/footdavant.fr\/actualites\/bournemouth-devoile-lancien-chef-de-la-roma-comme-president-des-operations-football\/","name":"Bournemouth d\u00e9voile l&#39;ancien chef de la Roma comme pr\u00e9sident des op\u00e9rations football","isPartOf":{"@id":"https:\/\/footdavant.fr\/actualites\/#website"},"datePublished":"2024-06-02T16:48:09+00:00","dateModified":"2024-06-02T16:48:09+00:00","breadcrumb":{"@id":"https:\/\/footdavant.fr\/actualites\/bournemouth-devoile-lancien-chef-de-la-roma-comme-president-des-operations-football\/#breadcrumb"},"inLanguage":"fr-FR","potentialAction":[{"@type":"ReadAction","target":["https:\/\/footdavant.fr\/actualites\/bournemouth-devoile-lancien-chef-de-la-roma-comme-president-des-operations-football\/"]}]},{"@type":"BreadcrumbList","@id":"https:\/\/footdavant.fr\/actualites\/bournemouth-devoile-lancien-chef-de-la-roma-comme-president-des-operations-football\/#breadcrumb","itemListElement":[{"@type":"ListItem","position":1,"name":"Accueil","item":"https:\/\/footdavant.fr\/actualites\/"},{"@type":"ListItem","position":2,"name":"Bournemouth d\u00e9voile l&#39;ancien chef de la Roma comme pr\u00e9sident des op\u00e9rations football"}]},{"@type":"WebSite","@id":"https:\/\/footdavant.fr\/actualites\/#website","url":"https:\/\/footdavant.fr\/actualites\/","name":"Foot d'avant","description":"","publisher":{"@id":"https:\/\/footdavant.fr\/actualites\/#organization"},"potentialAction":[{"@type":"SearchAction","target":{"@type":"EntryPoint","urlTemplate":"https:\/\/footdavant.fr\/actualites\/?s={search_term_string}"},"query-input":"required name=search_term_string"}],"inLanguage":"fr-FR"},{"@type":"Organization","@id":"https:\/\/footdavant.fr\/actualites\/#organization","name":"Foot d'avant","url":"https:\/\/footdavant.fr\/actualites\/","logo":{"@type":"ImageObject","inLanguage":"fr-FR","@id":"https:\/\/footdavant.fr\/actualites\/#\/schema\/logo\/image\/","url":"https:\/\/footdavant.fr\/actualites\/wp-content\/uploads\/2023\/09\/Copy-of-FootDavant-Logo.png","contentUrl":"https:\/\/footdavant.fr\/actualites\/wp-content\/uploads\/2023\/09\/Copy-of-FootDavant-Logo.png","width":936,"height":549,"caption":"Foot d'avant"},"image":{"@id":"https:\/\/footdavant.fr\/actualites\/#\/schema\/logo\/image\/"},"sameAs":["https:\/\/www.facebook.com\/Footdavant\/","https:\/\/twitter.com\/FootdavantFr","https:\/\/www.instagram.com\/footdavant.fr\/"]},{"@type":"Person","@id":"https:\/\/footdavant.fr\/actualites\/#\/schema\/person\/bc222566d95871b37e597b3ed3ba5e1d","name":"Cl\u00e9ment","image":{"@type":"ImageObject","inLanguage":"fr-FR","@id":"https:\/\/footdavant.fr\/actualites\/#\/schema\/person\/image\/","url":"https:\/\/secure.gravatar.com\/avatar\/7728b29aac2719421e1a9159b2254c44?s=96&d=mm&r=g","contentUrl":"https:\/\/secure.gravatar.com\/avatar\/7728b29aac2719421e1a9159b2254c44?s=96&d=mm&r=g","caption":"Cl\u00e9ment"},"sameAs":["https:\/\/footdavant.fr\/"]}]}},"_links":{"self":[{"href":"https:\/\/footdavant.fr\/actualites\/wp-json\/wp\/v2\/posts\/9463"}],"collection":[{"href":"https:\/\/footdavant.fr\/actualites\/wp-json\/wp\/v2\/posts"}],"about":[{"href":"https:\/\/footdavant.fr\/actualites\/wp-json\/wp\/v2\/types\/post"}],"author":[{"embeddable":true,"href":"https:\/\/footdavant.fr\/actualites\/wp-json\/wp\/v2\/users\/1"}],"replies":[{"embeddable":true,"href":"https:\/\/footdavant.fr\/actualites\/wp-json\/wp\/v2\/comments?post=9463"}],"version-history":[{"count":1,"href":"https:\/\/footdavant.fr\/actualites\/wp-json\/wp\/v2\/posts\/9463\/revisions"}],"predecessor-version":[{"id":9465,"href":"https:\/\/footdavant.fr\/actualites\/wp-json\/wp\/v2\/posts\/9463\/revisions\/9465"}],"wp:featuredmedia":[{"embeddable":true,"href":"https:\/\/footdavant.fr\/actualites\/wp-json\/wp\/v2\/media\/9464"}],"wp:attachment":[{"href":"https:\/\/footdavant.fr\/actualites\/wp-json\/wp\/v2\/media?parent=9463"}],"wp:term":[{"taxonomy":"category","embeddable":true,"href":"https:\/\/footdavant.fr\/actualites\/wp-json\/wp\/v2\/categories?post=9463"},{"taxonomy":"post_tag","embeddable":true,"href":"https:\/\/footdavant.fr\/actualites\/wp-json\/wp\/v2\/tags?post=9463"}],"curies":[{"name":"wp","href":"https:\/\/api.w.org\/{rel}","templated":true}]}}