{"id":9561,"date":"2024-06-05T12:49:02","date_gmt":"2024-06-05T10:49:02","guid":{"rendered":"https:\/\/footdavant.fr\/actualites\/lancien-manager-excite-de-tottenham-et-chelsea-decroche-un-poste-a-naples\/"},"modified":"2024-06-05T12:49:03","modified_gmt":"2024-06-05T10:49:03","slug":"lancien-manager-excite-de-tottenham-et-chelsea-decroche-un-poste-a-naples","status":"publish","type":"post","link":"https:\/\/footdavant.fr\/actualites\/lancien-manager-excite-de-tottenham-et-chelsea-decroche-un-poste-a-naples\/","title":{"rendered":"L&#39;ancien manager \u00ab\u00a0excit\u00e9\u00a0\u00bb de Tottenham et Chelsea d\u00e9croche un poste \u00e0 Naples"},"content":{"rendered":"<div>\n<p>L&#39;ancien patron de Tottenham et Chelsea, Antonio Conte, s&#39;est d\u00e9clar\u00e9 \u00ab\u00a0heureux et excit\u00e9\u00a0\u00bb apr\u00e8s avoir sign\u00e9 un contrat de trois ans avec Naples, mettant fin \u00e0 une absence du football de plus de 14 mois apr\u00e8s le d\u00e9part de l&#39;Italien des Spurs.<\/p>\n<p>L&#39;homme de 54 ans est revenu \u00e0 la direction dans son pays natal pour la premi\u00e8re fois depuis mai 2021, date \u00e0 laquelle il a quitt\u00e9 l&#39;Inter Milan apr\u00e8s avoir remport\u00e9 le titre de Serie A \u00e0 la fin de son r\u00e8gne de deux ans.<\/p>\n<p>\u00ab\u00a0Napoli est un club d&#39;une importance capitale sur la sc\u00e8ne internationale\u00a0\u00bb, a d\u00e9clar\u00e9 Conte.  \u00ab Je suis heureux et excit\u00e9 \u00e0 l&#39;id\u00e9e de prendre place dans l&#39;abri de Naples.<\/p>\n<p>\u00ab Je peux certainement promettre une chose : je donnerai tout pour d\u00e9velopper l&#39;\u00e9quipe et le club.  Je suis pleinement engag\u00e9 dans la t\u00e2che \u00e0 accomplir, tout comme mon personnel.<\/p>\n<blockquote class=\"twitter-tweet\">\n<p dir=\"ltr\" lang=\"it\">Benvenuto Antonio! <a rel=\"nofollow\" href=\"https:\/\/t.co\/HHtEkixxb3\">pic.twitter.com\/HHtEkixxb3<\/a><\/p>\n<p>\u2013 AurelioDeLaurentiis (@ADeLaurentiis) <a rel=\"nofollow\" href=\"https:\/\/twitter.com\/ADeLaurentiis\/status\/1798289926422925683?ref_src=twsrc%5Etfw\" rel=\"noopener\">5 juin 2024<\/a><\/p>\n<\/blockquote>\n<p>Conte a travaill\u00e9 exclusivement en Italie pendant 10 ans, y compris une p\u00e9riode en tant qu&#39;entra\u00eeneur-chef de l&#39;\u00e9quipe nationale entre 2014 et 2016, jusqu&#39;\u00e0 ce qu&#39;il rejoigne Chelsea pour la saison 2016\/17.<\/p>\n<h2>Conte : Chelsea, record de Tottenham<\/h2>\n<p>Chelsea a remport\u00e9 la Premier League avec un match \u00e0 jouer lors de la premi\u00e8re campagne de Conte et la FA Cup lors de sa deuxi\u00e8me, mais l&#39;ancien patron italien a \u00e9t\u00e9 limog\u00e9 apr\u00e8s une cinqui\u00e8me place en 2017\/18.<\/p>\n<p>Triple champion d&#39;Italie en tant qu&#39;entra\u00eeneur de la Juventus entre 2011 et 2014, il a \u00e9t\u00e9 nomm\u00e9 par l&#39;Inter en 2019 et a guid\u00e9 le club jusqu&#39;\u00e0 la finale de l&#39;UEFA Europa League lors de sa premi\u00e8re saison \u00e0 la t\u00eate.<\/p>\n<p>Apr\u00e8s ce triomphe du titre avec l&#39;Inter, Conte a pris le relais \u00e0 Tottenham et a valu aux Spurs une place en Ligue des champions pour la premi\u00e8re fois depuis 2019\/20, mais est parti \u00e0 la fin d&#39;une deuxi\u00e8me campagne de plus en plus mouvement\u00e9e, y compris des critiques publiques \u00e0 l&#39;\u00e9gard de ses joueurs.<\/p>\n<p>Le pr\u00e9sident de Naples, Aurelio De Laurentiis, s&#39;est d\u00e9clar\u00e9 \u00ab\u00a0tr\u00e8s fier\u00a0\u00bb de l&#39;arriv\u00e9e de Conte.  Champions en 2022\/23, les Bleus chutent \u00e0 la 10e place en 2023\/24.<\/p>\n<p>\u00ab\u00a0Antonio est un excellent entra\u00eeneur et un leader, donc je suis convaincu que nous serons capables de reconstruire les fondations comme nous le devons\u00a0\u00bb, a ajout\u00e9 De Laurentiis.  \u00ab\u00a0Un nouveau chapitre important dans l&#39;histoire de Naples s&#39;ouvre aujourd&#39;hui.\u00a0\u00bb<\/p>\n<p>De Laurentiis a d\u00e9clar\u00e9 que le \u00ab\u00a0cycle\u00a0\u00bb qui avait men\u00e9 Naples au titre \u00e9tait \u00ab\u00a0termin\u00e9\u00a0\u00bb, Conte devant relancer les triples champions.<\/p>\n<p>L&#39;\u00e9quipe de Naples comprend l&#39;attaquant vedette et footballeur africain en titre de l&#39;ann\u00e9e Victor Osimhen et l&#39;ailier g\u00e9orgien Khvicha Kvaratskhelia, qui a produit le plus de passes d\u00e9cisives et marqu\u00e9 le but de la saison en Italie en 2022\/23.<\/p>\n<\/p><\/div>\n<p><script async src=\"https:\/\/platform.twitter.com\/widgets.js\" charset=\"utf-8\"><\/script><\/p>\n","protected":false},"excerpt":{"rendered":"<p>L&#39;ancien patron de Tottenham et Chelsea, Antonio Conte, s&#39;est d\u00e9clar\u00e9 \u00ab\u00a0heureux et excit\u00e9\u00a0\u00bb apr\u00e8s avoir sign\u00e9 un contrat de trois ans avec Naples, mettant fin<\/p>\n","protected":false},"author":1,"featured_media":9562,"comment_status":"closed","ping_status":"","sticky":false,"template":"","format":"standard","meta":{"footnotes":""},"categories":[3],"tags":[171,5222,2364,4404,504,551,140,68],"yoast_head":"<!-- This site is optimized with the Yoast SEO plugin v21.0 - https:\/\/yoast.com\/wordpress\/plugins\/seo\/ -->\n<title>L&#039;ancien manager &quot;excit\u00e9&quot; de Tottenham et Chelsea d\u00e9croche un poste \u00e0 Naples<\/title>\n<meta name=\"robots\" content=\"index, follow, max-snippet:-1, max-image-preview:large, max-video-preview:-1\" \/>\n<link rel=\"canonical\" href=\"https:\/\/footdavant.fr\/actualites\/lancien-manager-excite-de-tottenham-et-chelsea-decroche-un-poste-a-naples\/\" \/>\n<meta property=\"og:locale\" content=\"fr_FR\" \/>\n<meta property=\"og:type\" content=\"article\" \/>\n<meta property=\"og:title\" content=\"L&#039;ancien manager &quot;excit\u00e9&quot; de Tottenham et Chelsea d\u00e9croche un poste \u00e0 Naples\" \/>\n<meta property=\"og:description\" content=\"L&#039;ancien patron de Tottenham et Chelsea, Antonio Conte, s&#039;est d\u00e9clar\u00e9 \u00ab\u00a0heureux et excit\u00e9\u00a0\u00bb apr\u00e8s avoir sign\u00e9 un contrat de trois ans avec Naples, mettant fin\" \/>\n<meta property=\"og:url\" content=\"https:\/\/footdavant.fr\/actualites\/lancien-manager-excite-de-tottenham-et-chelsea-decroche-un-poste-a-naples\/\" \/>\n<meta property=\"og:site_name\" content=\"Foot d&#039;avant\" \/>\n<meta property=\"article:publisher\" content=\"https:\/\/www.facebook.com\/Footdavant\/\" \/>\n<meta property=\"article:published_time\" content=\"2024-06-05T10:49:02+00:00\" \/>\n<meta property=\"article:modified_time\" content=\"2024-06-05T10:49:03+00:00\" \/>\n<meta property=\"og:image\" content=\"https:\/\/footdavant.fr\/actualites\/wp-content\/uploads\/2024\/06\/L39ancien-manager-excite-de-Tottenham-et-Chelsea-decroche-un-poste.jpg\" \/>\n\t<meta property=\"og:image:width\" content=\"1200\" \/>\n\t<meta property=\"og:image:height\" content=\"675\" \/>\n\t<meta property=\"og:image:type\" content=\"image\/jpeg\" \/>\n<meta name=\"author\" content=\"Cl\u00e9ment\" \/>\n<meta name=\"twitter:card\" content=\"summary_large_image\" \/>\n<meta name=\"twitter:creator\" content=\"@FootdavantFr\" \/>\n<meta name=\"twitter:site\" content=\"@FootdavantFr\" \/>\n<meta name=\"twitter:label1\" content=\"\u00c9crit par\" \/>\n\t<meta name=\"twitter:data1\" content=\"Cl\u00e9ment\" \/>\n\t<meta name=\"twitter:label2\" content=\"Dur\u00e9e de lecture estim\u00e9e\" \/>\n\t<meta name=\"twitter:data2\" content=\"2 minutes\" \/>\n<script type=\"application\/ld+json\" class=\"yoast-schema-graph\">{\"@context\":\"https:\/\/schema.org\",\"@graph\":[{\"@type\":\"Article\",\"@id\":\"https:\/\/footdavant.fr\/actualites\/lancien-manager-excite-de-tottenham-et-chelsea-decroche-un-poste-a-naples\/#article\",\"isPartOf\":{\"@id\":\"https:\/\/footdavant.fr\/actualites\/lancien-manager-excite-de-tottenham-et-chelsea-decroche-un-poste-a-naples\/\"},\"author\":{\"name\":\"Cl\u00e9ment\",\"@id\":\"https:\/\/footdavant.fr\/actualites\/#\/schema\/person\/bc222566d95871b37e597b3ed3ba5e1d\"},\"headline\":\"L&#39;ancien manager \u00ab\u00a0excit\u00e9\u00a0\u00bb de Tottenham et Chelsea d\u00e9croche un poste \u00e0 Naples\",\"datePublished\":\"2024-06-05T10:49:02+00:00\",\"dateModified\":\"2024-06-05T10:49:03+00:00\",\"mainEntityOfPage\":{\"@id\":\"https:\/\/footdavant.fr\/actualites\/lancien-manager-excite-de-tottenham-et-chelsea-decroche-un-poste-a-naples\/\"},\"wordCount\":498,\"publisher\":{\"@id\":\"https:\/\/footdavant.fr\/actualites\/#organization\"},\"keywords\":[\"Chelsea\",\"d\u00e9croche\",\"excit\u00e9\",\"l39ancien\",\"manager\",\"Naples\",\"poste\",\"Tottenham\"],\"articleSection\":[\"Football\"],\"inLanguage\":\"fr-FR\"},{\"@type\":\"WebPage\",\"@id\":\"https:\/\/footdavant.fr\/actualites\/lancien-manager-excite-de-tottenham-et-chelsea-decroche-un-poste-a-naples\/\",\"url\":\"https:\/\/footdavant.fr\/actualites\/lancien-manager-excite-de-tottenham-et-chelsea-decroche-un-poste-a-naples\/\",\"name\":\"L&#39;ancien manager \\\"excit\u00e9\\\" de Tottenham et Chelsea d\u00e9croche un poste \u00e0 Naples\",\"isPartOf\":{\"@id\":\"https:\/\/footdavant.fr\/actualites\/#website\"},\"datePublished\":\"2024-06-05T10:49:02+00:00\",\"dateModified\":\"2024-06-05T10:49:03+00:00\",\"breadcrumb\":{\"@id\":\"https:\/\/footdavant.fr\/actualites\/lancien-manager-excite-de-tottenham-et-chelsea-decroche-un-poste-a-naples\/#breadcrumb\"},\"inLanguage\":\"fr-FR\",\"potentialAction\":[{\"@type\":\"ReadAction\",\"target\":[\"https:\/\/footdavant.fr\/actualites\/lancien-manager-excite-de-tottenham-et-chelsea-decroche-un-poste-a-naples\/\"]}]},{\"@type\":\"BreadcrumbList\",\"@id\":\"https:\/\/footdavant.fr\/actualites\/lancien-manager-excite-de-tottenham-et-chelsea-decroche-un-poste-a-naples\/#breadcrumb\",\"itemListElement\":[{\"@type\":\"ListItem\",\"position\":1,\"name\":\"Accueil\",\"item\":\"https:\/\/footdavant.fr\/actualites\/\"},{\"@type\":\"ListItem\",\"position\":2,\"name\":\"L&#39;ancien manager \u00ab\u00a0excit\u00e9\u00a0\u00bb de Tottenham et Chelsea d\u00e9croche un poste \u00e0 Naples\"}]},{\"@type\":\"WebSite\",\"@id\":\"https:\/\/footdavant.fr\/actualites\/#website\",\"url\":\"https:\/\/footdavant.fr\/actualites\/\",\"name\":\"Foot d'avant\",\"description\":\"\",\"publisher\":{\"@id\":\"https:\/\/footdavant.fr\/actualites\/#organization\"},\"potentialAction\":[{\"@type\":\"SearchAction\",\"target\":{\"@type\":\"EntryPoint\",\"urlTemplate\":\"https:\/\/footdavant.fr\/actualites\/?s={search_term_string}\"},\"query-input\":\"required name=search_term_string\"}],\"inLanguage\":\"fr-FR\"},{\"@type\":\"Organization\",\"@id\":\"https:\/\/footdavant.fr\/actualites\/#organization\",\"name\":\"Foot d'avant\",\"url\":\"https:\/\/footdavant.fr\/actualites\/\",\"logo\":{\"@type\":\"ImageObject\",\"inLanguage\":\"fr-FR\",\"@id\":\"https:\/\/footdavant.fr\/actualites\/#\/schema\/logo\/image\/\",\"url\":\"https:\/\/footdavant.fr\/actualites\/wp-content\/uploads\/2023\/09\/Copy-of-FootDavant-Logo.png\",\"contentUrl\":\"https:\/\/footdavant.fr\/actualites\/wp-content\/uploads\/2023\/09\/Copy-of-FootDavant-Logo.png\",\"width\":936,\"height\":549,\"caption\":\"Foot d'avant\"},\"image\":{\"@id\":\"https:\/\/footdavant.fr\/actualites\/#\/schema\/logo\/image\/\"},\"sameAs\":[\"https:\/\/www.facebook.com\/Footdavant\/\",\"https:\/\/twitter.com\/FootdavantFr\",\"https:\/\/www.instagram.com\/footdavant.fr\/\"]},{\"@type\":\"Person\",\"@id\":\"https:\/\/footdavant.fr\/actualites\/#\/schema\/person\/bc222566d95871b37e597b3ed3ba5e1d\",\"name\":\"Cl\u00e9ment\",\"image\":{\"@type\":\"ImageObject\",\"inLanguage\":\"fr-FR\",\"@id\":\"https:\/\/footdavant.fr\/actualites\/#\/schema\/person\/image\/\",\"url\":\"https:\/\/secure.gravatar.com\/avatar\/7728b29aac2719421e1a9159b2254c44?s=96&d=mm&r=g\",\"contentUrl\":\"https:\/\/secure.gravatar.com\/avatar\/7728b29aac2719421e1a9159b2254c44?s=96&d=mm&r=g\",\"caption\":\"Cl\u00e9ment\"},\"sameAs\":[\"https:\/\/footdavant.fr\/\"]}]}<\/script>\n<!-- \/ Yoast SEO plugin. -->","yoast_head_json":{"title":"L&#39;ancien manager \"excit\u00e9\" de Tottenham et Chelsea d\u00e9croche un poste \u00e0 Naples","robots":{"index":"index","follow":"follow","max-snippet":"max-snippet:-1","max-image-preview":"max-image-preview:large","max-video-preview":"max-video-preview:-1"},"canonical":"https:\/\/footdavant.fr\/actualites\/lancien-manager-excite-de-tottenham-et-chelsea-decroche-un-poste-a-naples\/","og_locale":"fr_FR","og_type":"article","og_title":"L&#39;ancien manager \"excit\u00e9\" de Tottenham et Chelsea d\u00e9croche un poste \u00e0 Naples","og_description":"L&#39;ancien patron de Tottenham et Chelsea, Antonio Conte, s&#39;est d\u00e9clar\u00e9 \u00ab\u00a0heureux et excit\u00e9\u00a0\u00bb apr\u00e8s avoir sign\u00e9 un contrat de trois ans avec Naples, mettant fin","og_url":"https:\/\/footdavant.fr\/actualites\/lancien-manager-excite-de-tottenham-et-chelsea-decroche-un-poste-a-naples\/","og_site_name":"Foot d&#039;avant","article_publisher":"https:\/\/www.facebook.com\/Footdavant\/","article_published_time":"2024-06-05T10:49:02+00:00","article_modified_time":"2024-06-05T10:49:03+00:00","og_image":[{"width":1200,"height":675,"url":"https:\/\/footdavant.fr\/actualites\/wp-content\/uploads\/2024\/06\/L39ancien-manager-excite-de-Tottenham-et-Chelsea-decroche-un-poste.jpg","type":"image\/jpeg"}],"author":"Cl\u00e9ment","twitter_card":"summary_large_image","twitter_creator":"@FootdavantFr","twitter_site":"@FootdavantFr","twitter_misc":{"\u00c9crit par":"Cl\u00e9ment","Dur\u00e9e de lecture estim\u00e9e":"2 minutes"},"schema":{"@context":"https:\/\/schema.org","@graph":[{"@type":"Article","@id":"https:\/\/footdavant.fr\/actualites\/lancien-manager-excite-de-tottenham-et-chelsea-decroche-un-poste-a-naples\/#article","isPartOf":{"@id":"https:\/\/footdavant.fr\/actualites\/lancien-manager-excite-de-tottenham-et-chelsea-decroche-un-poste-a-naples\/"},"author":{"name":"Cl\u00e9ment","@id":"https:\/\/footdavant.fr\/actualites\/#\/schema\/person\/bc222566d95871b37e597b3ed3ba5e1d"},"headline":"L&#39;ancien manager \u00ab\u00a0excit\u00e9\u00a0\u00bb de Tottenham et Chelsea d\u00e9croche un poste \u00e0 Naples","datePublished":"2024-06-05T10:49:02+00:00","dateModified":"2024-06-05T10:49:03+00:00","mainEntityOfPage":{"@id":"https:\/\/footdavant.fr\/actualites\/lancien-manager-excite-de-tottenham-et-chelsea-decroche-un-poste-a-naples\/"},"wordCount":498,"publisher":{"@id":"https:\/\/footdavant.fr\/actualites\/#organization"},"keywords":["Chelsea","d\u00e9croche","excit\u00e9","l39ancien","manager","Naples","poste","Tottenham"],"articleSection":["Football"],"inLanguage":"fr-FR"},{"@type":"WebPage","@id":"https:\/\/footdavant.fr\/actualites\/lancien-manager-excite-de-tottenham-et-chelsea-decroche-un-poste-a-naples\/","url":"https:\/\/footdavant.fr\/actualites\/lancien-manager-excite-de-tottenham-et-chelsea-decroche-un-poste-a-naples\/","name":"L&#39;ancien manager \"excit\u00e9\" de Tottenham et Chelsea d\u00e9croche un poste \u00e0 Naples","isPartOf":{"@id":"https:\/\/footdavant.fr\/actualites\/#website"},"datePublished":"2024-06-05T10:49:02+00:00","dateModified":"2024-06-05T10:49:03+00:00","breadcrumb":{"@id":"https:\/\/footdavant.fr\/actualites\/lancien-manager-excite-de-tottenham-et-chelsea-decroche-un-poste-a-naples\/#breadcrumb"},"inLanguage":"fr-FR","potentialAction":[{"@type":"ReadAction","target":["https:\/\/footdavant.fr\/actualites\/lancien-manager-excite-de-tottenham-et-chelsea-decroche-un-poste-a-naples\/"]}]},{"@type":"BreadcrumbList","@id":"https:\/\/footdavant.fr\/actualites\/lancien-manager-excite-de-tottenham-et-chelsea-decroche-un-poste-a-naples\/#breadcrumb","itemListElement":[{"@type":"ListItem","position":1,"name":"Accueil","item":"https:\/\/footdavant.fr\/actualites\/"},{"@type":"ListItem","position":2,"name":"L&#39;ancien manager \u00ab\u00a0excit\u00e9\u00a0\u00bb de Tottenham et Chelsea d\u00e9croche un poste \u00e0 Naples"}]},{"@type":"WebSite","@id":"https:\/\/footdavant.fr\/actualites\/#website","url":"https:\/\/footdavant.fr\/actualites\/","name":"Foot d'avant","description":"","publisher":{"@id":"https:\/\/footdavant.fr\/actualites\/#organization"},"potentialAction":[{"@type":"SearchAction","target":{"@type":"EntryPoint","urlTemplate":"https:\/\/footdavant.fr\/actualites\/?s={search_term_string}"},"query-input":"required name=search_term_string"}],"inLanguage":"fr-FR"},{"@type":"Organization","@id":"https:\/\/footdavant.fr\/actualites\/#organization","name":"Foot d'avant","url":"https:\/\/footdavant.fr\/actualites\/","logo":{"@type":"ImageObject","inLanguage":"fr-FR","@id":"https:\/\/footdavant.fr\/actualites\/#\/schema\/logo\/image\/","url":"https:\/\/footdavant.fr\/actualites\/wp-content\/uploads\/2023\/09\/Copy-of-FootDavant-Logo.png","contentUrl":"https:\/\/footdavant.fr\/actualites\/wp-content\/uploads\/2023\/09\/Copy-of-FootDavant-Logo.png","width":936,"height":549,"caption":"Foot d'avant"},"image":{"@id":"https:\/\/footdavant.fr\/actualites\/#\/schema\/logo\/image\/"},"sameAs":["https:\/\/www.facebook.com\/Footdavant\/","https:\/\/twitter.com\/FootdavantFr","https:\/\/www.instagram.com\/footdavant.fr\/"]},{"@type":"Person","@id":"https:\/\/footdavant.fr\/actualites\/#\/schema\/person\/bc222566d95871b37e597b3ed3ba5e1d","name":"Cl\u00e9ment","image":{"@type":"ImageObject","inLanguage":"fr-FR","@id":"https:\/\/footdavant.fr\/actualites\/#\/schema\/person\/image\/","url":"https:\/\/secure.gravatar.com\/avatar\/7728b29aac2719421e1a9159b2254c44?s=96&d=mm&r=g","contentUrl":"https:\/\/secure.gravatar.com\/avatar\/7728b29aac2719421e1a9159b2254c44?s=96&d=mm&r=g","caption":"Cl\u00e9ment"},"sameAs":["https:\/\/footdavant.fr\/"]}]}},"_links":{"self":[{"href":"https:\/\/footdavant.fr\/actualites\/wp-json\/wp\/v2\/posts\/9561"}],"collection":[{"href":"https:\/\/footdavant.fr\/actualites\/wp-json\/wp\/v2\/posts"}],"about":[{"href":"https:\/\/footdavant.fr\/actualites\/wp-json\/wp\/v2\/types\/post"}],"author":[{"embeddable":true,"href":"https:\/\/footdavant.fr\/actualites\/wp-json\/wp\/v2\/users\/1"}],"replies":[{"embeddable":true,"href":"https:\/\/footdavant.fr\/actualites\/wp-json\/wp\/v2\/comments?post=9561"}],"version-history":[{"count":1,"href":"https:\/\/footdavant.fr\/actualites\/wp-json\/wp\/v2\/posts\/9561\/revisions"}],"predecessor-version":[{"id":9563,"href":"https:\/\/footdavant.fr\/actualites\/wp-json\/wp\/v2\/posts\/9561\/revisions\/9563"}],"wp:featuredmedia":[{"embeddable":true,"href":"https:\/\/footdavant.fr\/actualites\/wp-json\/wp\/v2\/media\/9562"}],"wp:attachment":[{"href":"https:\/\/footdavant.fr\/actualites\/wp-json\/wp\/v2\/media?parent=9561"}],"wp:term":[{"taxonomy":"category","embeddable":true,"href":"https:\/\/footdavant.fr\/actualites\/wp-json\/wp\/v2\/categories?post=9561"},{"taxonomy":"post_tag","embeddable":true,"href":"https:\/\/footdavant.fr\/actualites\/wp-json\/wp\/v2\/tags?post=9561"}],"curies":[{"name":"wp","href":"https:\/\/api.w.org\/{rel}","templated":true}]}}