{"id":9564,"date":"2024-06-05T14:50:27","date_gmt":"2024-06-05T12:50:27","guid":{"rendered":"https:\/\/footdavant.fr\/actualites\/les-wolverhampton-wanderers-detiennent-un-interet-pour-larriere-lateral-de-la-primeira-liga\/"},"modified":"2024-06-05T14:50:28","modified_gmt":"2024-06-05T12:50:28","slug":"les-wolverhampton-wanderers-detiennent-un-interet-pour-larriere-lateral-de-la-primeira-liga","status":"publish","type":"post","link":"https:\/\/footdavant.fr\/actualites\/les-wolverhampton-wanderers-detiennent-un-interet-pour-larriere-lateral-de-la-primeira-liga\/","title":{"rendered":"Les Wolverhampton Wanderers \u00ab\u00a0d\u00e9tiennent un int\u00e9r\u00eat pour l&#39;arri\u00e8re lat\u00e9ral de la Primeira Liga\u00a0\u00bb"},"content":{"rendered":"<p>Wolverhampton Wanderers serait int\u00e9ress\u00e9 \u00e0 recruter un arri\u00e8re lat\u00e9ral d\u2019un club de Primeira Liga pendant le mercato estival.<\/p>\n<div id=\"article_body\" itemprop=\"articleBody\">\n<h3 class=\"firstPara\">\n<strong class=\"autotag\">Wanderers de Wolverhampton<\/strong> seraient en train d&#39;\u00e9valuer s&#39;il convient de faire une d\u00e9marche pour un d\u00e9fenseur qui exerce actuellement son m\u00e9tier en Primeira Liga.<\/h3>\n<p>L&#39;\u00e9quipe des West Midlands se pr\u00e9pare actuellement \u00e0 un \u00e9t\u00e9 de transition apr\u00e8s avoir termin\u00e9 la saison en mauvaise forme, retombant finalement \u00e0 la 14e position du classement de la Premier League.<\/p>\n<p>Alors que <strong class=\"autotag\">Gary O&#39;Neil<\/strong> peuvent pr\u00e9tendre avoir connu une premi\u00e8re campagne respectueuse \u00e0 Molineux, les Wolves n&#39;ont r\u00e9colt\u00e9 que cinq points lors de leurs 10 derniers matches.<\/p>\n<p>Bien que les Wolves soient dans une meilleure position en ce qui concerne les r\u00e8gles de profit et de durabilit\u00e9 de la Premier League par rapport \u00e0 il y a 12 mois, il faudra peut-\u00eatre une vente importante pour fournir \u00e0 O&#39;Neil les fonds dont il a besoin pour apporter des modifications majeures.<\/p>\n<p>Plus t\u00f4t dans le week-end, on a affirm\u00e9 que <strong class=\"autotag\">Matheus Cunha<\/strong> pourrait \u00eatre la cible de Manchester United, tandis que l&#39;ailier <strong class=\"autotag\">Rayan A\u00eft-Nouri<\/strong> est connu pour avoir des admirateurs en Premier League et \u00e0 l\u2019\u00e9tranger.<\/p>\n<p class=\"imgI\">\n<h2 class=\"k3\">Les loups vont-ils cibler le remplacement d\u2019Ait-Nouri ?<\/h2>\n<p>Se s\u00e9parer d&#39;Ait-Nouri laisserait les Wolves dans le besoin d\u00e9sesp\u00e9r\u00e9 d&#39;un rempla\u00e7ant, en particulier s&#39;ils souhaitent jouer avec des arri\u00e8res lat\u00e9raux, avec <strong class=\"autotag\">Hugo Bueno<\/strong> le seul rempla\u00e7ant senior.<\/p>\n<p>Selon <em>Un Bola<\/em>les Wolves pourraient r\u00e9pondre \u00e0 toute sortie d&#39;Ait-Nouri en faisant une approche pour <strong class=\"autotag\">Famalic\u00e3o<\/strong>c&#39;est <strong class=\"autotag\">Francisco Moura<\/strong>.<\/p>\n<p>Le joueur de 24 ans a pass\u00e9 toute sa carri\u00e8re dans son pays natal, passant par le syst\u00e8me acad\u00e9mique de Braga pour faire 50 apparitions dans toutes les comp\u00e9titions, dont 10 en Ligue Europa 2021-22.<\/p>\n<p>Au cours des deux derni\u00e8res campagnes, cependant, Moura a jou\u00e9 avec Famalicao, o\u00f9 il a contribu\u00e9 quatre buts et neuf passes d\u00e9cisives en 73 apparitions toutes comp\u00e9titions confondues.<\/p>\n<p>Famalicao vient de conna\u00eetre une solide campagne dans l&#39;\u00e9lite portugaise, terminant \u00e0 la huiti\u00e8me position du classement mais avec la sixi\u00e8me meilleure d\u00e9fense, encaissant 41 fois en 34 matchs.<\/p>\n<p>Moura a d\u00e9but\u00e9 tous ces matches sauf un &#8211; une d\u00e9faite 1-0 contre le Sporting Lisbonne en avril &#8211; et a compl\u00e9t\u00e9 les 90 minutes lors de chacune de ses 33 sorties en championnat.<\/p>\n<p class=\"imgI\"><img decoding=\"async\" loading=\"lazy\" class=\"l\" src=\"https:\/\/footdavant.fr\/actualites\/wp-content\/uploads\/2024\/06\/Les-Wolverhampton-Wanderers-detiennent-un-interet-pour-l39arriere-lateral-de.jpg\" title=\"Gary O&#39;Neil, manager de Wolverhampton Wanderers, r\u00e9agit le 2 avril 2024\" alt=\"Gary O&#39;Neil, manager de Wolverhampton Wanderers, r\u00e9agit le 2 avril 2024\" width=\"640\" height=\"480\"><\/p>\n<h2 class=\"k3\">Moura deviendrait-elle le premier choix ?<\/h2>\n<p>Moura n&#39;ayant pas repr\u00e9sent\u00e9 le Portugal au-dessus du niveau des moins de 20 ans, il y aurait naturellement des doutes quant \u00e0 sa capacit\u00e9 \u00e0 conserver une place r\u00e9guli\u00e8re dans la formation de d\u00e9part d&#39;O&#39;Neil.<\/p>\n<p>N\u00e9anmoins, il s&#39;agit d&#39;un joueur qui est devenu l&#39;un des meilleurs arri\u00e8res gauches de la Primeira Liga et qui est d\u00e9sormais \u00e9valu\u00e9 \u00e0 10 millions d&#39;euros (8,5 millions de livres sterling).<\/p>\n<p>Famalicao n&#39;est peut-\u00eatre pas press\u00e9 de vendre l&#39;un de ses actifs les plus pr\u00e9cieux, alors qu&#39;il lui reste encore trois ans de contrat.<\/p>\n<\/div>\n","protected":false},"excerpt":{"rendered":"<p>Wolverhampton Wanderers serait int\u00e9ress\u00e9 \u00e0 recruter un arri\u00e8re lat\u00e9ral d\u2019un club de Primeira Liga pendant le mercato estival. Wanderers de Wolverhampton seraient en train d&#39;\u00e9valuer<\/p>\n","protected":false},"author":1,"featured_media":9565,"comment_status":"closed","ping_status":"","sticky":false,"template":"","format":"standard","meta":{"footnotes":""},"categories":[5],"tags":[3275,951,4702,3429,93,1704,51,5223,745,744],"yoast_head":"<!-- This site is optimized with the Yoast SEO plugin v21.0 - https:\/\/yoast.com\/wordpress\/plugins\/seo\/ -->\n<title>Les Wolverhampton Wanderers &quot;d\u00e9tiennent un int\u00e9r\u00eat pour l&#039;arri\u00e8re lat\u00e9ral de la Primeira Liga&quot;<\/title>\n<meta name=\"robots\" content=\"index, follow, max-snippet:-1, max-image-preview:large, max-video-preview:-1\" \/>\n<link rel=\"canonical\" href=\"https:\/\/footdavant.fr\/actualites\/les-wolverhampton-wanderers-detiennent-un-interet-pour-larriere-lateral-de-la-primeira-liga\/\" \/>\n<meta property=\"og:locale\" content=\"fr_FR\" \/>\n<meta property=\"og:type\" content=\"article\" \/>\n<meta property=\"og:title\" content=\"Les Wolverhampton Wanderers &quot;d\u00e9tiennent un int\u00e9r\u00eat pour l&#039;arri\u00e8re lat\u00e9ral de la Primeira Liga&quot;\" \/>\n<meta property=\"og:description\" content=\"Wolverhampton Wanderers serait int\u00e9ress\u00e9 \u00e0 recruter un arri\u00e8re lat\u00e9ral d\u2019un club de Primeira Liga pendant le mercato estival. Wanderers de Wolverhampton seraient en train d&#039;\u00e9valuer\" \/>\n<meta property=\"og:url\" content=\"https:\/\/footdavant.fr\/actualites\/les-wolverhampton-wanderers-detiennent-un-interet-pour-larriere-lateral-de-la-primeira-liga\/\" \/>\n<meta property=\"og:site_name\" content=\"Foot d&#039;avant\" \/>\n<meta property=\"article:publisher\" content=\"https:\/\/www.facebook.com\/Footdavant\/\" \/>\n<meta property=\"article:published_time\" content=\"2024-06-05T12:50:27+00:00\" \/>\n<meta property=\"article:modified_time\" content=\"2024-06-05T12:50:28+00:00\" \/>\n<meta property=\"og:image\" content=\"https:\/\/footdavant.fr\/actualites\/wp-content\/uploads\/2024\/06\/Les-Wolverhampton-Wanderers-detiennent-un-interet-pour-l39arriere-lateral-de.JPG\" \/>\n\t<meta property=\"og:image:width\" content=\"640\" \/>\n\t<meta property=\"og:image:height\" content=\"480\" \/>\n\t<meta property=\"og:image:type\" content=\"image\/jpeg\" \/>\n<meta name=\"author\" content=\"Cl\u00e9ment\" \/>\n<meta name=\"twitter:card\" content=\"summary_large_image\" \/>\n<meta name=\"twitter:creator\" content=\"@FootdavantFr\" \/>\n<meta name=\"twitter:site\" content=\"@FootdavantFr\" \/>\n<meta name=\"twitter:label1\" content=\"\u00c9crit par\" \/>\n\t<meta name=\"twitter:data1\" content=\"Cl\u00e9ment\" \/>\n\t<meta name=\"twitter:label2\" content=\"Dur\u00e9e de lecture estim\u00e9e\" \/>\n\t<meta name=\"twitter:data2\" content=\"3 minutes\" \/>\n<script type=\"application\/ld+json\" class=\"yoast-schema-graph\">{\"@context\":\"https:\/\/schema.org\",\"@graph\":[{\"@type\":\"Article\",\"@id\":\"https:\/\/footdavant.fr\/actualites\/les-wolverhampton-wanderers-detiennent-un-interet-pour-larriere-lateral-de-la-primeira-liga\/#article\",\"isPartOf\":{\"@id\":\"https:\/\/footdavant.fr\/actualites\/les-wolverhampton-wanderers-detiennent-un-interet-pour-larriere-lateral-de-la-primeira-liga\/\"},\"author\":{\"name\":\"Cl\u00e9ment\",\"@id\":\"https:\/\/footdavant.fr\/actualites\/#\/schema\/person\/bc222566d95871b37e597b3ed3ba5e1d\"},\"headline\":\"Les Wolverhampton Wanderers \u00ab\u00a0d\u00e9tiennent un int\u00e9r\u00eat pour l&#39;arri\u00e8re lat\u00e9ral de la Primeira Liga\u00a0\u00bb\",\"datePublished\":\"2024-06-05T12:50:27+00:00\",\"dateModified\":\"2024-06-05T12:50:28+00:00\",\"mainEntityOfPage\":{\"@id\":\"https:\/\/footdavant.fr\/actualites\/les-wolverhampton-wanderers-detiennent-un-interet-pour-larriere-lateral-de-la-primeira-liga\/\"},\"wordCount\":529,\"publisher\":{\"@id\":\"https:\/\/footdavant.fr\/actualites\/#organization\"},\"keywords\":[\"d\u00e9tiennent\",\"int\u00e9r\u00eat\",\"l39arri\u00e8re\",\"lat\u00e9ral\",\"les\",\"Liga\",\"pour\",\"Primeira\",\"Wanderers\",\"Wolverhampton\"],\"articleSection\":[\"Premier League\"],\"inLanguage\":\"fr-FR\"},{\"@type\":\"WebPage\",\"@id\":\"https:\/\/footdavant.fr\/actualites\/les-wolverhampton-wanderers-detiennent-un-interet-pour-larriere-lateral-de-la-primeira-liga\/\",\"url\":\"https:\/\/footdavant.fr\/actualites\/les-wolverhampton-wanderers-detiennent-un-interet-pour-larriere-lateral-de-la-primeira-liga\/\",\"name\":\"Les Wolverhampton Wanderers \\\"d\u00e9tiennent un int\u00e9r\u00eat pour l&#39;arri\u00e8re lat\u00e9ral de la Primeira Liga\\\"\",\"isPartOf\":{\"@id\":\"https:\/\/footdavant.fr\/actualites\/#website\"},\"datePublished\":\"2024-06-05T12:50:27+00:00\",\"dateModified\":\"2024-06-05T12:50:28+00:00\",\"breadcrumb\":{\"@id\":\"https:\/\/footdavant.fr\/actualites\/les-wolverhampton-wanderers-detiennent-un-interet-pour-larriere-lateral-de-la-primeira-liga\/#breadcrumb\"},\"inLanguage\":\"fr-FR\",\"potentialAction\":[{\"@type\":\"ReadAction\",\"target\":[\"https:\/\/footdavant.fr\/actualites\/les-wolverhampton-wanderers-detiennent-un-interet-pour-larriere-lateral-de-la-primeira-liga\/\"]}]},{\"@type\":\"BreadcrumbList\",\"@id\":\"https:\/\/footdavant.fr\/actualites\/les-wolverhampton-wanderers-detiennent-un-interet-pour-larriere-lateral-de-la-primeira-liga\/#breadcrumb\",\"itemListElement\":[{\"@type\":\"ListItem\",\"position\":1,\"name\":\"Accueil\",\"item\":\"https:\/\/footdavant.fr\/actualites\/\"},{\"@type\":\"ListItem\",\"position\":2,\"name\":\"Les Wolverhampton Wanderers \u00ab\u00a0d\u00e9tiennent un int\u00e9r\u00eat pour l&#39;arri\u00e8re lat\u00e9ral de la Primeira Liga\u00a0\u00bb\"}]},{\"@type\":\"WebSite\",\"@id\":\"https:\/\/footdavant.fr\/actualites\/#website\",\"url\":\"https:\/\/footdavant.fr\/actualites\/\",\"name\":\"Foot d'avant\",\"description\":\"\",\"publisher\":{\"@id\":\"https:\/\/footdavant.fr\/actualites\/#organization\"},\"potentialAction\":[{\"@type\":\"SearchAction\",\"target\":{\"@type\":\"EntryPoint\",\"urlTemplate\":\"https:\/\/footdavant.fr\/actualites\/?s={search_term_string}\"},\"query-input\":\"required name=search_term_string\"}],\"inLanguage\":\"fr-FR\"},{\"@type\":\"Organization\",\"@id\":\"https:\/\/footdavant.fr\/actualites\/#organization\",\"name\":\"Foot d'avant\",\"url\":\"https:\/\/footdavant.fr\/actualites\/\",\"logo\":{\"@type\":\"ImageObject\",\"inLanguage\":\"fr-FR\",\"@id\":\"https:\/\/footdavant.fr\/actualites\/#\/schema\/logo\/image\/\",\"url\":\"https:\/\/footdavant.fr\/actualites\/wp-content\/uploads\/2023\/09\/Copy-of-FootDavant-Logo.png\",\"contentUrl\":\"https:\/\/footdavant.fr\/actualites\/wp-content\/uploads\/2023\/09\/Copy-of-FootDavant-Logo.png\",\"width\":936,\"height\":549,\"caption\":\"Foot d'avant\"},\"image\":{\"@id\":\"https:\/\/footdavant.fr\/actualites\/#\/schema\/logo\/image\/\"},\"sameAs\":[\"https:\/\/www.facebook.com\/Footdavant\/\",\"https:\/\/twitter.com\/FootdavantFr\",\"https:\/\/www.instagram.com\/footdavant.fr\/\"]},{\"@type\":\"Person\",\"@id\":\"https:\/\/footdavant.fr\/actualites\/#\/schema\/person\/bc222566d95871b37e597b3ed3ba5e1d\",\"name\":\"Cl\u00e9ment\",\"image\":{\"@type\":\"ImageObject\",\"inLanguage\":\"fr-FR\",\"@id\":\"https:\/\/footdavant.fr\/actualites\/#\/schema\/person\/image\/\",\"url\":\"https:\/\/secure.gravatar.com\/avatar\/7728b29aac2719421e1a9159b2254c44?s=96&d=mm&r=g\",\"contentUrl\":\"https:\/\/secure.gravatar.com\/avatar\/7728b29aac2719421e1a9159b2254c44?s=96&d=mm&r=g\",\"caption\":\"Cl\u00e9ment\"},\"sameAs\":[\"https:\/\/footdavant.fr\/\"]}]}<\/script>\n<!-- \/ Yoast SEO plugin. -->","yoast_head_json":{"title":"Les Wolverhampton Wanderers \"d\u00e9tiennent un int\u00e9r\u00eat pour l&#39;arri\u00e8re lat\u00e9ral de la Primeira Liga\"","robots":{"index":"index","follow":"follow","max-snippet":"max-snippet:-1","max-image-preview":"max-image-preview:large","max-video-preview":"max-video-preview:-1"},"canonical":"https:\/\/footdavant.fr\/actualites\/les-wolverhampton-wanderers-detiennent-un-interet-pour-larriere-lateral-de-la-primeira-liga\/","og_locale":"fr_FR","og_type":"article","og_title":"Les Wolverhampton Wanderers \"d\u00e9tiennent un int\u00e9r\u00eat pour l&#39;arri\u00e8re lat\u00e9ral de la Primeira Liga\"","og_description":"Wolverhampton Wanderers serait int\u00e9ress\u00e9 \u00e0 recruter un arri\u00e8re lat\u00e9ral d\u2019un club de Primeira Liga pendant le mercato estival. Wanderers de Wolverhampton seraient en train d&#39;\u00e9valuer","og_url":"https:\/\/footdavant.fr\/actualites\/les-wolverhampton-wanderers-detiennent-un-interet-pour-larriere-lateral-de-la-primeira-liga\/","og_site_name":"Foot d&#039;avant","article_publisher":"https:\/\/www.facebook.com\/Footdavant\/","article_published_time":"2024-06-05T12:50:27+00:00","article_modified_time":"2024-06-05T12:50:28+00:00","og_image":[{"width":640,"height":480,"url":"https:\/\/footdavant.fr\/actualites\/wp-content\/uploads\/2024\/06\/Les-Wolverhampton-Wanderers-detiennent-un-interet-pour-l39arriere-lateral-de.JPG","type":"image\/jpeg"}],"author":"Cl\u00e9ment","twitter_card":"summary_large_image","twitter_creator":"@FootdavantFr","twitter_site":"@FootdavantFr","twitter_misc":{"\u00c9crit par":"Cl\u00e9ment","Dur\u00e9e de lecture estim\u00e9e":"3 minutes"},"schema":{"@context":"https:\/\/schema.org","@graph":[{"@type":"Article","@id":"https:\/\/footdavant.fr\/actualites\/les-wolverhampton-wanderers-detiennent-un-interet-pour-larriere-lateral-de-la-primeira-liga\/#article","isPartOf":{"@id":"https:\/\/footdavant.fr\/actualites\/les-wolverhampton-wanderers-detiennent-un-interet-pour-larriere-lateral-de-la-primeira-liga\/"},"author":{"name":"Cl\u00e9ment","@id":"https:\/\/footdavant.fr\/actualites\/#\/schema\/person\/bc222566d95871b37e597b3ed3ba5e1d"},"headline":"Les Wolverhampton Wanderers \u00ab\u00a0d\u00e9tiennent un int\u00e9r\u00eat pour l&#39;arri\u00e8re lat\u00e9ral de la Primeira Liga\u00a0\u00bb","datePublished":"2024-06-05T12:50:27+00:00","dateModified":"2024-06-05T12:50:28+00:00","mainEntityOfPage":{"@id":"https:\/\/footdavant.fr\/actualites\/les-wolverhampton-wanderers-detiennent-un-interet-pour-larriere-lateral-de-la-primeira-liga\/"},"wordCount":529,"publisher":{"@id":"https:\/\/footdavant.fr\/actualites\/#organization"},"keywords":["d\u00e9tiennent","int\u00e9r\u00eat","l39arri\u00e8re","lat\u00e9ral","les","Liga","pour","Primeira","Wanderers","Wolverhampton"],"articleSection":["Premier League"],"inLanguage":"fr-FR"},{"@type":"WebPage","@id":"https:\/\/footdavant.fr\/actualites\/les-wolverhampton-wanderers-detiennent-un-interet-pour-larriere-lateral-de-la-primeira-liga\/","url":"https:\/\/footdavant.fr\/actualites\/les-wolverhampton-wanderers-detiennent-un-interet-pour-larriere-lateral-de-la-primeira-liga\/","name":"Les Wolverhampton Wanderers \"d\u00e9tiennent un int\u00e9r\u00eat pour l&#39;arri\u00e8re lat\u00e9ral de la Primeira Liga\"","isPartOf":{"@id":"https:\/\/footdavant.fr\/actualites\/#website"},"datePublished":"2024-06-05T12:50:27+00:00","dateModified":"2024-06-05T12:50:28+00:00","breadcrumb":{"@id":"https:\/\/footdavant.fr\/actualites\/les-wolverhampton-wanderers-detiennent-un-interet-pour-larriere-lateral-de-la-primeira-liga\/#breadcrumb"},"inLanguage":"fr-FR","potentialAction":[{"@type":"ReadAction","target":["https:\/\/footdavant.fr\/actualites\/les-wolverhampton-wanderers-detiennent-un-interet-pour-larriere-lateral-de-la-primeira-liga\/"]}]},{"@type":"BreadcrumbList","@id":"https:\/\/footdavant.fr\/actualites\/les-wolverhampton-wanderers-detiennent-un-interet-pour-larriere-lateral-de-la-primeira-liga\/#breadcrumb","itemListElement":[{"@type":"ListItem","position":1,"name":"Accueil","item":"https:\/\/footdavant.fr\/actualites\/"},{"@type":"ListItem","position":2,"name":"Les Wolverhampton Wanderers \u00ab\u00a0d\u00e9tiennent un int\u00e9r\u00eat pour l&#39;arri\u00e8re lat\u00e9ral de la Primeira Liga\u00a0\u00bb"}]},{"@type":"WebSite","@id":"https:\/\/footdavant.fr\/actualites\/#website","url":"https:\/\/footdavant.fr\/actualites\/","name":"Foot d'avant","description":"","publisher":{"@id":"https:\/\/footdavant.fr\/actualites\/#organization"},"potentialAction":[{"@type":"SearchAction","target":{"@type":"EntryPoint","urlTemplate":"https:\/\/footdavant.fr\/actualites\/?s={search_term_string}"},"query-input":"required name=search_term_string"}],"inLanguage":"fr-FR"},{"@type":"Organization","@id":"https:\/\/footdavant.fr\/actualites\/#organization","name":"Foot d'avant","url":"https:\/\/footdavant.fr\/actualites\/","logo":{"@type":"ImageObject","inLanguage":"fr-FR","@id":"https:\/\/footdavant.fr\/actualites\/#\/schema\/logo\/image\/","url":"https:\/\/footdavant.fr\/actualites\/wp-content\/uploads\/2023\/09\/Copy-of-FootDavant-Logo.png","contentUrl":"https:\/\/footdavant.fr\/actualites\/wp-content\/uploads\/2023\/09\/Copy-of-FootDavant-Logo.png","width":936,"height":549,"caption":"Foot d'avant"},"image":{"@id":"https:\/\/footdavant.fr\/actualites\/#\/schema\/logo\/image\/"},"sameAs":["https:\/\/www.facebook.com\/Footdavant\/","https:\/\/twitter.com\/FootdavantFr","https:\/\/www.instagram.com\/footdavant.fr\/"]},{"@type":"Person","@id":"https:\/\/footdavant.fr\/actualites\/#\/schema\/person\/bc222566d95871b37e597b3ed3ba5e1d","name":"Cl\u00e9ment","image":{"@type":"ImageObject","inLanguage":"fr-FR","@id":"https:\/\/footdavant.fr\/actualites\/#\/schema\/person\/image\/","url":"https:\/\/secure.gravatar.com\/avatar\/7728b29aac2719421e1a9159b2254c44?s=96&d=mm&r=g","contentUrl":"https:\/\/secure.gravatar.com\/avatar\/7728b29aac2719421e1a9159b2254c44?s=96&d=mm&r=g","caption":"Cl\u00e9ment"},"sameAs":["https:\/\/footdavant.fr\/"]}]}},"_links":{"self":[{"href":"https:\/\/footdavant.fr\/actualites\/wp-json\/wp\/v2\/posts\/9564"}],"collection":[{"href":"https:\/\/footdavant.fr\/actualites\/wp-json\/wp\/v2\/posts"}],"about":[{"href":"https:\/\/footdavant.fr\/actualites\/wp-json\/wp\/v2\/types\/post"}],"author":[{"embeddable":true,"href":"https:\/\/footdavant.fr\/actualites\/wp-json\/wp\/v2\/users\/1"}],"replies":[{"embeddable":true,"href":"https:\/\/footdavant.fr\/actualites\/wp-json\/wp\/v2\/comments?post=9564"}],"version-history":[{"count":1,"href":"https:\/\/footdavant.fr\/actualites\/wp-json\/wp\/v2\/posts\/9564\/revisions"}],"predecessor-version":[{"id":9566,"href":"https:\/\/footdavant.fr\/actualites\/wp-json\/wp\/v2\/posts\/9564\/revisions\/9566"}],"wp:featuredmedia":[{"embeddable":true,"href":"https:\/\/footdavant.fr\/actualites\/wp-json\/wp\/v2\/media\/9565"}],"wp:attachment":[{"href":"https:\/\/footdavant.fr\/actualites\/wp-json\/wp\/v2\/media?parent=9564"}],"wp:term":[{"taxonomy":"category","embeddable":true,"href":"https:\/\/footdavant.fr\/actualites\/wp-json\/wp\/v2\/categories?post=9564"},{"taxonomy":"post_tag","embeddable":true,"href":"https:\/\/footdavant.fr\/actualites\/wp-json\/wp\/v2\/tags?post=9564"}],"curies":[{"name":"wp","href":"https:\/\/api.w.org\/{rel}","templated":true}]}}