{"id":9696,"date":"2024-06-09T08:49:13","date_gmt":"2024-06-09T06:49:13","guid":{"rendered":"https:\/\/footdavant.fr\/actualites\/manchester-united-est-pret-a-depenser-60-millions-deuros-pour-teun-koopmeiners\/"},"modified":"2024-06-09T08:49:14","modified_gmt":"2024-06-09T06:49:14","slug":"manchester-united-est-pret-a-depenser-60-millions-deuros-pour-teun-koopmeiners","status":"publish","type":"post","link":"https:\/\/footdavant.fr\/actualites\/manchester-united-est-pret-a-depenser-60-millions-deuros-pour-teun-koopmeiners\/","title":{"rendered":"Manchester United est pr\u00eat \u00e0 d\u00e9penser 60 millions d&#39;euros pour Teun Koopmeiners &#8211;"},"content":{"rendered":"<div id=\"penci-post-entry-inner\">\n<p>\t\t\t<i class=\"penci-post-countview-number-check\" style=\"display:none\">1<\/i><\/p>\n<p>Manchester United serait pr\u00eat \u00e0 d\u00e9penser gros pour recruter Teun Koopmeiners de l&#39;Atalanta cet \u00e9t\u00e9.<\/p>\n<p>Les Diables rouges pourraient perdre Sofyan Amrabat et Casemiro cet \u00e9t\u00e9, l&#39;avenir de Christian Eriksen et Scott McTominay \u00e9tant \u00e9galement en suspens.<\/p>\n<p>Cela signifie que le club sera tr\u00e8s probablement \u00e0 la recherche d&#39;un milieu de terrain avec des informations selon lesquelles l&#39;\u00e9quipe d&#39;Old Trafford tenterait de recruter le prodige de 19 ans Jo\u00e3o Neves de Benfica.<\/p>\n<p>Un autre nom qui a \u00e9t\u00e9 \u00e9voqu\u00e9 est celui de Koopmeiners, mais il semblait que la Juventus \u00e9tait dans la loge pour signer le vainqueur de la Ligue Europa.<\/p>\n<p>Cependant, eyefootball.com affirme que \u00ab Manchester United est pr\u00eat \u00e0 d\u00e9penser environ 60 millions d&#39;euros pour recruter le milieu de terrain de l&#39;Atalanta Teun Koopmeiners cet \u00e9t\u00e9 \u00bb.<\/p>\n<p>\u00ab\u00a0Il aurait r\u00e9v\u00e9l\u00e9 son d\u00e9sir de rejoindre la Juventus cet \u00e9t\u00e9, mais dans l&#39;\u00e9tat actuel des choses, les Bianconeri ne sont pas sur le point de le signer.\u00a0\u00bb<\/p>\n<p>\u00ab\u00a0Les g\u00e9ants de Turin ne peuvent pas se permettre le package de transfert propos\u00e9 et ils ne sont pr\u00eats \u00e0 payer que 40 millions d&#39;euros avec un joueur en \u00e9change.\u00a0\u00bb<\/p>\n<p>La capacit\u00e9 de United \u00e0 d\u00e9passer le prix maximum de la Juve leur donne clairement un avantage dans la recherche du joueur, mais le site Web affirme \u00e9galement que les Red Devils pourraient \u00e9galement avoir besoin de vendre pour g\u00e9n\u00e9rer des fonds et utiliser Mason Greenwood comme exemple de joueur qu&#39;ils pourraient sacrifier.<\/p>\n<p>Le site pr\u00e9vient que \u00ab Koopmeiners est \u00e9galement sur le radar de Liverpool et United doit \u00eatre proactif pour \u00e9viter de rater sa signature aupr\u00e8s de ses principaux rivaux \u00bb.<\/p>\n<p>Le N\u00e9erlandais est polyvalent et peut jouer dans tout le milieu de terrain.  Il a \u00e9t\u00e9 d\u00e9crit comme \u00e9tant \u00ab\u00a0exceptionnel dans les airs sur balles mortes\u00a0\u00bb.  Il propose \u00e9galement un bon m\u00e9lange de passes courtes et longues et peut \u00e9galement faire avancer le ballon lui-m\u00eame.<\/p>\n<p>Bien qu&#39;une d\u00e9cision pour Neves semble plus probable \u00e0 ce stade, si Benfica continue d&#39;exiger des frais aussi \u00e9lev\u00e9s, le prix plus bas de Koopmeiners pourrait \u00eatre une option attrayante pour les Diables Rouges.<\/p>\n<p>Dans une \u00e9quipe qui a eu du mal \u00e0 marquer tout au long de la saison, ajouter les 12 buts du joueur de 26 ans toutes comp\u00e9titions confondues ajouterait certainement quelque chose \u00e0 l&#39;\u00e9quipe d&#39;Erik ten Hag.<\/p>\n<hr>\n<p>\n<em>Vous voulez \u00eatre le premier \u00e0 \u00eatre inform\u00e9 des derni\u00e8res nouvelles de Man United ?  Pour des mises \u00e0 jour cruciales soigneusement s\u00e9lectionn\u00e9es, rejoignez notre cha\u00eene WhatsApp : https:\/\/bit.ly\/United-Breaking-News.<\/p>\n<p><!-- CONTENT END 3 --><\/p>\n<p>\t\t\t\t\t\t\t        <\/em><\/div>\n","protected":false},"excerpt":{"rendered":"<p>1 Manchester United serait pr\u00eat \u00e0 d\u00e9penser gros pour recruter Teun Koopmeiners de l&#39;Atalanta cet \u00e9t\u00e9. Les Diables rouges pourraient perdre Sofyan Amrabat et Casemiro<\/p>\n","protected":false},"author":1,"featured_media":9697,"comment_status":"closed","ping_status":"","sticky":false,"template":"","format":"standard","meta":{"footnotes":""},"categories":[3],"tags":[4596,5007,217,3242,11,114,51,165,5279,13],"yoast_head":"<!-- This site is optimized with the Yoast SEO plugin v21.0 - https:\/\/yoast.com\/wordpress\/plugins\/seo\/ -->\n<title>Manchester United est pr\u00eat \u00e0 d\u00e9penser 60 millions d&#039;euros pour Teun Koopmeiners -<\/title>\n<meta name=\"robots\" content=\"index, follow, max-snippet:-1, max-image-preview:large, max-video-preview:-1\" \/>\n<link rel=\"canonical\" href=\"https:\/\/footdavant.fr\/actualites\/manchester-united-est-pret-a-depenser-60-millions-deuros-pour-teun-koopmeiners\/\" \/>\n<meta property=\"og:locale\" content=\"fr_FR\" \/>\n<meta property=\"og:type\" content=\"article\" \/>\n<meta property=\"og:title\" content=\"Manchester United est pr\u00eat \u00e0 d\u00e9penser 60 millions d&#039;euros pour Teun Koopmeiners -\" \/>\n<meta property=\"og:description\" content=\"1 Manchester United serait pr\u00eat \u00e0 d\u00e9penser gros pour recruter Teun Koopmeiners de l&#039;Atalanta cet \u00e9t\u00e9. Les Diables rouges pourraient perdre Sofyan Amrabat et Casemiro\" \/>\n<meta property=\"og:url\" content=\"https:\/\/footdavant.fr\/actualites\/manchester-united-est-pret-a-depenser-60-millions-deuros-pour-teun-koopmeiners\/\" \/>\n<meta property=\"og:site_name\" content=\"Foot d&#039;avant\" \/>\n<meta property=\"article:publisher\" content=\"https:\/\/www.facebook.com\/Footdavant\/\" \/>\n<meta property=\"article:published_time\" content=\"2024-06-09T06:49:13+00:00\" \/>\n<meta property=\"article:modified_time\" content=\"2024-06-09T06:49:14+00:00\" \/>\n<meta property=\"og:image\" content=\"https:\/\/footdavant.fr\/actualites\/wp-content\/uploads\/2024\/06\/Manchester-United-est-pret-a-depenser-60-millions-d39euros-pour.jpg\" \/>\n\t<meta property=\"og:image:width\" content=\"1600\" \/>\n\t<meta property=\"og:image:height\" content=\"702\" \/>\n\t<meta property=\"og:image:type\" content=\"image\/jpeg\" \/>\n<meta name=\"author\" content=\"Cl\u00e9ment\" \/>\n<meta name=\"twitter:card\" content=\"summary_large_image\" \/>\n<meta name=\"twitter:creator\" content=\"@FootdavantFr\" \/>\n<meta name=\"twitter:site\" content=\"@FootdavantFr\" \/>\n<meta name=\"twitter:label1\" content=\"\u00c9crit par\" \/>\n\t<meta name=\"twitter:data1\" content=\"Cl\u00e9ment\" \/>\n\t<meta name=\"twitter:label2\" content=\"Dur\u00e9e de lecture estim\u00e9e\" \/>\n\t<meta name=\"twitter:data2\" content=\"2 minutes\" \/>\n<script type=\"application\/ld+json\" class=\"yoast-schema-graph\">{\"@context\":\"https:\/\/schema.org\",\"@graph\":[{\"@type\":\"Article\",\"@id\":\"https:\/\/footdavant.fr\/actualites\/manchester-united-est-pret-a-depenser-60-millions-deuros-pour-teun-koopmeiners\/#article\",\"isPartOf\":{\"@id\":\"https:\/\/footdavant.fr\/actualites\/manchester-united-est-pret-a-depenser-60-millions-deuros-pour-teun-koopmeiners\/\"},\"author\":{\"name\":\"Cl\u00e9ment\",\"@id\":\"https:\/\/footdavant.fr\/actualites\/#\/schema\/person\/bc222566d95871b37e597b3ed3ba5e1d\"},\"headline\":\"Manchester United est pr\u00eat \u00e0 d\u00e9penser 60 millions d&#39;euros pour Teun Koopmeiners &#8211;\",\"datePublished\":\"2024-06-09T06:49:13+00:00\",\"dateModified\":\"2024-06-09T06:49:14+00:00\",\"mainEntityOfPage\":{\"@id\":\"https:\/\/footdavant.fr\/actualites\/manchester-united-est-pret-a-depenser-60-millions-deuros-pour-teun-koopmeiners\/\"},\"wordCount\":453,\"publisher\":{\"@id\":\"https:\/\/footdavant.fr\/actualites\/#organization\"},\"keywords\":[\"d39euros\",\"d\u00e9penser\",\"est\",\"Koopmeiners\",\"Manchester\",\"millions\",\"pour\",\"pr\u00eat\",\"Teun\",\"United\"],\"articleSection\":[\"Football\"],\"inLanguage\":\"fr-FR\"},{\"@type\":\"WebPage\",\"@id\":\"https:\/\/footdavant.fr\/actualites\/manchester-united-est-pret-a-depenser-60-millions-deuros-pour-teun-koopmeiners\/\",\"url\":\"https:\/\/footdavant.fr\/actualites\/manchester-united-est-pret-a-depenser-60-millions-deuros-pour-teun-koopmeiners\/\",\"name\":\"Manchester United est pr\u00eat \u00e0 d\u00e9penser 60 millions d&#39;euros pour Teun Koopmeiners -\",\"isPartOf\":{\"@id\":\"https:\/\/footdavant.fr\/actualites\/#website\"},\"datePublished\":\"2024-06-09T06:49:13+00:00\",\"dateModified\":\"2024-06-09T06:49:14+00:00\",\"breadcrumb\":{\"@id\":\"https:\/\/footdavant.fr\/actualites\/manchester-united-est-pret-a-depenser-60-millions-deuros-pour-teun-koopmeiners\/#breadcrumb\"},\"inLanguage\":\"fr-FR\",\"potentialAction\":[{\"@type\":\"ReadAction\",\"target\":[\"https:\/\/footdavant.fr\/actualites\/manchester-united-est-pret-a-depenser-60-millions-deuros-pour-teun-koopmeiners\/\"]}]},{\"@type\":\"BreadcrumbList\",\"@id\":\"https:\/\/footdavant.fr\/actualites\/manchester-united-est-pret-a-depenser-60-millions-deuros-pour-teun-koopmeiners\/#breadcrumb\",\"itemListElement\":[{\"@type\":\"ListItem\",\"position\":1,\"name\":\"Accueil\",\"item\":\"https:\/\/footdavant.fr\/actualites\/\"},{\"@type\":\"ListItem\",\"position\":2,\"name\":\"Manchester United est pr\u00eat \u00e0 d\u00e9penser 60 millions d&#39;euros pour Teun Koopmeiners &#8211;\"}]},{\"@type\":\"WebSite\",\"@id\":\"https:\/\/footdavant.fr\/actualites\/#website\",\"url\":\"https:\/\/footdavant.fr\/actualites\/\",\"name\":\"Foot d'avant\",\"description\":\"\",\"publisher\":{\"@id\":\"https:\/\/footdavant.fr\/actualites\/#organization\"},\"potentialAction\":[{\"@type\":\"SearchAction\",\"target\":{\"@type\":\"EntryPoint\",\"urlTemplate\":\"https:\/\/footdavant.fr\/actualites\/?s={search_term_string}\"},\"query-input\":\"required name=search_term_string\"}],\"inLanguage\":\"fr-FR\"},{\"@type\":\"Organization\",\"@id\":\"https:\/\/footdavant.fr\/actualites\/#organization\",\"name\":\"Foot d'avant\",\"url\":\"https:\/\/footdavant.fr\/actualites\/\",\"logo\":{\"@type\":\"ImageObject\",\"inLanguage\":\"fr-FR\",\"@id\":\"https:\/\/footdavant.fr\/actualites\/#\/schema\/logo\/image\/\",\"url\":\"https:\/\/footdavant.fr\/actualites\/wp-content\/uploads\/2023\/09\/Copy-of-FootDavant-Logo.png\",\"contentUrl\":\"https:\/\/footdavant.fr\/actualites\/wp-content\/uploads\/2023\/09\/Copy-of-FootDavant-Logo.png\",\"width\":936,\"height\":549,\"caption\":\"Foot d'avant\"},\"image\":{\"@id\":\"https:\/\/footdavant.fr\/actualites\/#\/schema\/logo\/image\/\"},\"sameAs\":[\"https:\/\/www.facebook.com\/Footdavant\/\",\"https:\/\/twitter.com\/FootdavantFr\",\"https:\/\/www.instagram.com\/footdavant.fr\/\"]},{\"@type\":\"Person\",\"@id\":\"https:\/\/footdavant.fr\/actualites\/#\/schema\/person\/bc222566d95871b37e597b3ed3ba5e1d\",\"name\":\"Cl\u00e9ment\",\"image\":{\"@type\":\"ImageObject\",\"inLanguage\":\"fr-FR\",\"@id\":\"https:\/\/footdavant.fr\/actualites\/#\/schema\/person\/image\/\",\"url\":\"https:\/\/secure.gravatar.com\/avatar\/7728b29aac2719421e1a9159b2254c44?s=96&d=mm&r=g\",\"contentUrl\":\"https:\/\/secure.gravatar.com\/avatar\/7728b29aac2719421e1a9159b2254c44?s=96&d=mm&r=g\",\"caption\":\"Cl\u00e9ment\"},\"sameAs\":[\"https:\/\/footdavant.fr\/\"]}]}<\/script>\n<!-- \/ Yoast SEO plugin. -->","yoast_head_json":{"title":"Manchester United est pr\u00eat \u00e0 d\u00e9penser 60 millions d&#39;euros pour Teun Koopmeiners -","robots":{"index":"index","follow":"follow","max-snippet":"max-snippet:-1","max-image-preview":"max-image-preview:large","max-video-preview":"max-video-preview:-1"},"canonical":"https:\/\/footdavant.fr\/actualites\/manchester-united-est-pret-a-depenser-60-millions-deuros-pour-teun-koopmeiners\/","og_locale":"fr_FR","og_type":"article","og_title":"Manchester United est pr\u00eat \u00e0 d\u00e9penser 60 millions d&#39;euros pour Teun Koopmeiners -","og_description":"1 Manchester United serait pr\u00eat \u00e0 d\u00e9penser gros pour recruter Teun Koopmeiners de l&#39;Atalanta cet \u00e9t\u00e9. Les Diables rouges pourraient perdre Sofyan Amrabat et Casemiro","og_url":"https:\/\/footdavant.fr\/actualites\/manchester-united-est-pret-a-depenser-60-millions-deuros-pour-teun-koopmeiners\/","og_site_name":"Foot d&#039;avant","article_publisher":"https:\/\/www.facebook.com\/Footdavant\/","article_published_time":"2024-06-09T06:49:13+00:00","article_modified_time":"2024-06-09T06:49:14+00:00","og_image":[{"width":1600,"height":702,"url":"https:\/\/footdavant.fr\/actualites\/wp-content\/uploads\/2024\/06\/Manchester-United-est-pret-a-depenser-60-millions-d39euros-pour.jpg","type":"image\/jpeg"}],"author":"Cl\u00e9ment","twitter_card":"summary_large_image","twitter_creator":"@FootdavantFr","twitter_site":"@FootdavantFr","twitter_misc":{"\u00c9crit par":"Cl\u00e9ment","Dur\u00e9e de lecture estim\u00e9e":"2 minutes"},"schema":{"@context":"https:\/\/schema.org","@graph":[{"@type":"Article","@id":"https:\/\/footdavant.fr\/actualites\/manchester-united-est-pret-a-depenser-60-millions-deuros-pour-teun-koopmeiners\/#article","isPartOf":{"@id":"https:\/\/footdavant.fr\/actualites\/manchester-united-est-pret-a-depenser-60-millions-deuros-pour-teun-koopmeiners\/"},"author":{"name":"Cl\u00e9ment","@id":"https:\/\/footdavant.fr\/actualites\/#\/schema\/person\/bc222566d95871b37e597b3ed3ba5e1d"},"headline":"Manchester United est pr\u00eat \u00e0 d\u00e9penser 60 millions d&#39;euros pour Teun Koopmeiners &#8211;","datePublished":"2024-06-09T06:49:13+00:00","dateModified":"2024-06-09T06:49:14+00:00","mainEntityOfPage":{"@id":"https:\/\/footdavant.fr\/actualites\/manchester-united-est-pret-a-depenser-60-millions-deuros-pour-teun-koopmeiners\/"},"wordCount":453,"publisher":{"@id":"https:\/\/footdavant.fr\/actualites\/#organization"},"keywords":["d39euros","d\u00e9penser","est","Koopmeiners","Manchester","millions","pour","pr\u00eat","Teun","United"],"articleSection":["Football"],"inLanguage":"fr-FR"},{"@type":"WebPage","@id":"https:\/\/footdavant.fr\/actualites\/manchester-united-est-pret-a-depenser-60-millions-deuros-pour-teun-koopmeiners\/","url":"https:\/\/footdavant.fr\/actualites\/manchester-united-est-pret-a-depenser-60-millions-deuros-pour-teun-koopmeiners\/","name":"Manchester United est pr\u00eat \u00e0 d\u00e9penser 60 millions d&#39;euros pour Teun Koopmeiners -","isPartOf":{"@id":"https:\/\/footdavant.fr\/actualites\/#website"},"datePublished":"2024-06-09T06:49:13+00:00","dateModified":"2024-06-09T06:49:14+00:00","breadcrumb":{"@id":"https:\/\/footdavant.fr\/actualites\/manchester-united-est-pret-a-depenser-60-millions-deuros-pour-teun-koopmeiners\/#breadcrumb"},"inLanguage":"fr-FR","potentialAction":[{"@type":"ReadAction","target":["https:\/\/footdavant.fr\/actualites\/manchester-united-est-pret-a-depenser-60-millions-deuros-pour-teun-koopmeiners\/"]}]},{"@type":"BreadcrumbList","@id":"https:\/\/footdavant.fr\/actualites\/manchester-united-est-pret-a-depenser-60-millions-deuros-pour-teun-koopmeiners\/#breadcrumb","itemListElement":[{"@type":"ListItem","position":1,"name":"Accueil","item":"https:\/\/footdavant.fr\/actualites\/"},{"@type":"ListItem","position":2,"name":"Manchester United est pr\u00eat \u00e0 d\u00e9penser 60 millions d&#39;euros pour Teun Koopmeiners &#8211;"}]},{"@type":"WebSite","@id":"https:\/\/footdavant.fr\/actualites\/#website","url":"https:\/\/footdavant.fr\/actualites\/","name":"Foot d'avant","description":"","publisher":{"@id":"https:\/\/footdavant.fr\/actualites\/#organization"},"potentialAction":[{"@type":"SearchAction","target":{"@type":"EntryPoint","urlTemplate":"https:\/\/footdavant.fr\/actualites\/?s={search_term_string}"},"query-input":"required name=search_term_string"}],"inLanguage":"fr-FR"},{"@type":"Organization","@id":"https:\/\/footdavant.fr\/actualites\/#organization","name":"Foot d'avant","url":"https:\/\/footdavant.fr\/actualites\/","logo":{"@type":"ImageObject","inLanguage":"fr-FR","@id":"https:\/\/footdavant.fr\/actualites\/#\/schema\/logo\/image\/","url":"https:\/\/footdavant.fr\/actualites\/wp-content\/uploads\/2023\/09\/Copy-of-FootDavant-Logo.png","contentUrl":"https:\/\/footdavant.fr\/actualites\/wp-content\/uploads\/2023\/09\/Copy-of-FootDavant-Logo.png","width":936,"height":549,"caption":"Foot d'avant"},"image":{"@id":"https:\/\/footdavant.fr\/actualites\/#\/schema\/logo\/image\/"},"sameAs":["https:\/\/www.facebook.com\/Footdavant\/","https:\/\/twitter.com\/FootdavantFr","https:\/\/www.instagram.com\/footdavant.fr\/"]},{"@type":"Person","@id":"https:\/\/footdavant.fr\/actualites\/#\/schema\/person\/bc222566d95871b37e597b3ed3ba5e1d","name":"Cl\u00e9ment","image":{"@type":"ImageObject","inLanguage":"fr-FR","@id":"https:\/\/footdavant.fr\/actualites\/#\/schema\/person\/image\/","url":"https:\/\/secure.gravatar.com\/avatar\/7728b29aac2719421e1a9159b2254c44?s=96&d=mm&r=g","contentUrl":"https:\/\/secure.gravatar.com\/avatar\/7728b29aac2719421e1a9159b2254c44?s=96&d=mm&r=g","caption":"Cl\u00e9ment"},"sameAs":["https:\/\/footdavant.fr\/"]}]}},"_links":{"self":[{"href":"https:\/\/footdavant.fr\/actualites\/wp-json\/wp\/v2\/posts\/9696"}],"collection":[{"href":"https:\/\/footdavant.fr\/actualites\/wp-json\/wp\/v2\/posts"}],"about":[{"href":"https:\/\/footdavant.fr\/actualites\/wp-json\/wp\/v2\/types\/post"}],"author":[{"embeddable":true,"href":"https:\/\/footdavant.fr\/actualites\/wp-json\/wp\/v2\/users\/1"}],"replies":[{"embeddable":true,"href":"https:\/\/footdavant.fr\/actualites\/wp-json\/wp\/v2\/comments?post=9696"}],"version-history":[{"count":1,"href":"https:\/\/footdavant.fr\/actualites\/wp-json\/wp\/v2\/posts\/9696\/revisions"}],"predecessor-version":[{"id":9698,"href":"https:\/\/footdavant.fr\/actualites\/wp-json\/wp\/v2\/posts\/9696\/revisions\/9698"}],"wp:featuredmedia":[{"embeddable":true,"href":"https:\/\/footdavant.fr\/actualites\/wp-json\/wp\/v2\/media\/9697"}],"wp:attachment":[{"href":"https:\/\/footdavant.fr\/actualites\/wp-json\/wp\/v2\/media?parent=9696"}],"wp:term":[{"taxonomy":"category","embeddable":true,"href":"https:\/\/footdavant.fr\/actualites\/wp-json\/wp\/v2\/categories?post=9696"},{"taxonomy":"post_tag","embeddable":true,"href":"https:\/\/footdavant.fr\/actualites\/wp-json\/wp\/v2\/tags?post=9696"}],"curies":[{"name":"wp","href":"https:\/\/api.w.org\/{rel}","templated":true}]}}