{"id":9699,"date":"2024-06-09T12:48:33","date_gmt":"2024-06-09T10:48:33","guid":{"rendered":"https:\/\/footdavant.fr\/actualites\/bilan-de-dimanche-martinelli-marque-douglas-luiz-lie\/"},"modified":"2024-06-09T12:48:35","modified_gmt":"2024-06-09T10:48:35","slug":"bilan-de-dimanche-martinelli-marque-douglas-luiz-lie","status":"publish","type":"post","link":"https:\/\/footdavant.fr\/actualites\/bilan-de-dimanche-martinelli-marque-douglas-luiz-lie\/","title":{"rendered":"Bilan de dimanche : Martinelli marque, Douglas Luiz li\u00e9"},"content":{"rendered":"<div>\n<p>Bonjour.  Quelques petits morceaux rapides du dimanche.<\/p>\n<p>Tout d&#39;abord, un but pour le Br\u00e9sil pour Gabriel Martinelli alors qu&#39;ils se pr\u00e9paraient pour la Copa America avec un match contre le Mexique \u2013 regardez-le ici.  Notre homme les a mis 2-0.  Le score est pass\u00e9 \u00e0 2-2, avant qu&#39;un but tardif d&#39;Endrick ne provoque une certaine euphorie alors qu&#39;il porte le score \u00e0 3-2.<\/p>\n<p>Il est juste de dire que Martinelli a connu une saison d\u00e9cevante, compte tenu de ce que la plupart d&#39;entre nous attendaient de lui.  Mais je ne suis pas trop inquiet, ce genre de chose peut arriver \u00e0 un jeune joueur.  Ils ont une saison o\u00f9 les choses stagnent pendant un petit moment, avant de reprendre.  Il est sur le point d\u2019avoir 23 ans, il a donc beaucoup de temps libre.  Si, \u00e0 cette \u00e9poque de l&#39;ann\u00e9e prochaine, nous discutons d&#39;une autre saison o\u00f9 il n&#39;a pas marqu\u00e9 de buts et de passes d\u00e9cisives, alors je serai un peu plus inquiet, mais je pense qu&#39;il reste un joueur avec un r\u00e9el potentiel pour nous.<\/p>\n<p>Un m\u00e9dia br\u00e9silien affirme qu&#39;Aston Villa envisage de vendre Douglas Luiz car ils subissent une certaine pression pour g\u00e9n\u00e9rer des revenus afin de compenser les r\u00e8gles PSR.  Arsenal, comme nous le savons, \u00e9tait tr\u00e8s d\u00e9sireux de le faire venir il y a deux \u00e9t\u00e9s, mais Villa a refus\u00e9 de bouger.  \u00c0 l\u2019\u00e9poque, j\u2019\u00e9tais un peu incertain \u00e0 son sujet en tant que joueur, mais il s\u2019en sort tr\u00e8s bien l\u00e0-bas, et je pense que cela montre que le jugement de Mikel Arteta et d\u2019Edu \u00e9tait solide.<\/p>\n<p>Il a termin\u00e9 la saison derni\u00e8re avec 10 buts et 10 passes d\u00e9cisives, de jolis chiffres pour un milieu de terrain central, mais il ne jouait pas n\u00e9cessairement comme un v\u00e9ritable DM.  Tant de choses cet \u00e9t\u00e9 d\u00e9pendent de ce qu&#39;Arteta envisage pour Declan Rice la saison prochaine, et n&#39;oublions pas qu&#39;\u00e0 Jorginho et Thomas Partey, il y a deux options pour le 6 tel qu&#39;il est.  L&#39;international italien a sign\u00e9 un nouvel accord et, d&#39;apr\u00e8s ce que j&#39;ai entendu, Partey est plus enclin \u00e0 terminer la derni\u00e8re ann\u00e9e de son contrat qu&#39;\u00e0 aller ailleurs \u2013 quelle que soit l&#39;ouverture d&#39;Arsenal \u00e0 le faire avancer.  Si une offre lui parvient \u2013 \u200b\u200bet pour l\u2019instant il n\u2019y a aucun int\u00e9r\u00eat public r\u00e9el \u2013 c\u2019est peut-\u00eatre l\u2019une de celles o\u00f9 il devra \u00eatre incit\u00e9 \u00e0 l\u2019accepter.<\/p>\n<p>La situation au milieu de terrain est donc un peu incertaine en ce moment.  Il se peut que nous recherchions quelqu&#39;un pour remplir le r\u00f4le d&#39;Emile Smith Rowe ou de Fabio Vieira plut\u00f4t que toute autre chose.  Douglas Luiz ferait-il l&#39;affaire en ce sens ?  Peut-\u00eatre, avec la polyvalence n\u00e9cessaire pour jouer plus profond\u00e9ment \u00e9galement, alors c&#39;est peut-\u00eatre un jeu \u00e0 surveiller.<\/p>\n<p>Le Club de Bruges serait int\u00e9ress\u00e9 par le jeune attaquant Mika Biereth.  C\u2019est une d\u00e9cision tout \u00e0 fait logique.  Et au-del\u00e0 de cela, il ne se passe pas grand-chose d\u2019autre, alors permettez-moi de laisser le dernier mot aujourd\u2019hui \u00e0 Ian Wright.<\/p>\n<blockquote class=\"twitter-tweet\">\n<p dir=\"ltr\" lang=\"en\">Aujourd\u2019hui plus que jamais, soutenons et soutenons ces jeunes.  Nous pouvons tous voir ce qui se passe et qui est en train d\u2019\u00eatre le visage de la d\u00e9faite.  Nous allons \u00eatre \u00e9clair\u00e9s par des explications et des justifications, mais ceux qui d\u00e9cident qui va sur les derni\u00e8res pages savent ce qu&#39;ils font.\u2026 https:\/\/t.co\/zBZX4vPdIc<\/p>\n<p>\u2013 Ian Wright (@IanWright0) <a rel=\"nofollow\" href=\"https:\/\/twitter.com\/IanWright0\/status\/1799452454032982113?ref_src=twsrc%5Etfw\">8 juin 2024<\/a><\/p>\n<\/blockquote>\n<\/div>\n<p><script async src=\"https:\/\/platform.twitter.com\/widgets.js\" charset=\"utf-8\"><\/script><\/p>\n","protected":false},"excerpt":{"rendered":"<p>Bonjour. Quelques petits morceaux rapides du dimanche. Tout d&#39;abord, un but pour le Br\u00e9sil pour Gabriel Martinelli alors qu&#39;ils se pr\u00e9paraient pour la Copa America<\/p>\n","protected":false},"author":1,"featured_media":9700,"comment_status":"closed","ping_status":"","sticky":false,"template":"","format":"standard","meta":{"footnotes":""},"categories":[3],"tags":[251,506,1022,301,1023,274,894],"yoast_head":"<!-- This site is optimized with the Yoast SEO plugin v21.0 - https:\/\/yoast.com\/wordpress\/plugins\/seo\/ -->\n<title>Bilan de dimanche : Martinelli marque, Douglas Luiz li\u00e9<\/title>\n<meta name=\"robots\" content=\"index, follow, max-snippet:-1, max-image-preview:large, max-video-preview:-1\" \/>\n<link rel=\"canonical\" href=\"https:\/\/footdavant.fr\/actualites\/bilan-de-dimanche-martinelli-marque-douglas-luiz-lie\/\" \/>\n<meta property=\"og:locale\" content=\"fr_FR\" \/>\n<meta property=\"og:type\" content=\"article\" \/>\n<meta property=\"og:title\" content=\"Bilan de dimanche : Martinelli marque, Douglas Luiz li\u00e9\" \/>\n<meta property=\"og:description\" content=\"Bonjour. Quelques petits morceaux rapides du dimanche. Tout d&#039;abord, un but pour le Br\u00e9sil pour Gabriel Martinelli alors qu&#039;ils se pr\u00e9paraient pour la Copa America\" \/>\n<meta property=\"og:url\" content=\"https:\/\/footdavant.fr\/actualites\/bilan-de-dimanche-martinelli-marque-douglas-luiz-lie\/\" \/>\n<meta property=\"og:site_name\" content=\"Foot d&#039;avant\" \/>\n<meta property=\"article:publisher\" content=\"https:\/\/www.facebook.com\/Footdavant\/\" \/>\n<meta property=\"article:published_time\" content=\"2024-06-09T10:48:33+00:00\" \/>\n<meta property=\"article:modified_time\" content=\"2024-06-09T10:48:35+00:00\" \/>\n<meta property=\"og:image\" content=\"https:\/\/footdavant.fr\/actualites\/wp-content\/uploads\/2024\/06\/Bilan-de-dimanche-Martinelli-marque-Douglas-Luiz-lie.jpg\" \/>\n\t<meta property=\"og:image:width\" content=\"1500\" \/>\n\t<meta property=\"og:image:height\" content=\"750\" \/>\n\t<meta property=\"og:image:type\" content=\"image\/jpeg\" \/>\n<meta name=\"author\" content=\"Cl\u00e9ment\" \/>\n<meta name=\"twitter:card\" content=\"summary_large_image\" \/>\n<meta name=\"twitter:creator\" content=\"@FootdavantFr\" \/>\n<meta name=\"twitter:site\" content=\"@FootdavantFr\" \/>\n<meta name=\"twitter:label1\" content=\"\u00c9crit par\" \/>\n\t<meta name=\"twitter:data1\" content=\"Cl\u00e9ment\" \/>\n\t<meta name=\"twitter:label2\" content=\"Dur\u00e9e de lecture estim\u00e9e\" \/>\n\t<meta name=\"twitter:data2\" content=\"3 minutes\" \/>\n<script type=\"application\/ld+json\" class=\"yoast-schema-graph\">{\"@context\":\"https:\/\/schema.org\",\"@graph\":[{\"@type\":\"Article\",\"@id\":\"https:\/\/footdavant.fr\/actualites\/bilan-de-dimanche-martinelli-marque-douglas-luiz-lie\/#article\",\"isPartOf\":{\"@id\":\"https:\/\/footdavant.fr\/actualites\/bilan-de-dimanche-martinelli-marque-douglas-luiz-lie\/\"},\"author\":{\"name\":\"Cl\u00e9ment\",\"@id\":\"https:\/\/footdavant.fr\/actualites\/#\/schema\/person\/bc222566d95871b37e597b3ed3ba5e1d\"},\"headline\":\"Bilan de dimanche : Martinelli marque, Douglas Luiz li\u00e9\",\"datePublished\":\"2024-06-09T10:48:33+00:00\",\"dateModified\":\"2024-06-09T10:48:35+00:00\",\"mainEntityOfPage\":{\"@id\":\"https:\/\/footdavant.fr\/actualites\/bilan-de-dimanche-martinelli-marque-douglas-luiz-lie\/\"},\"wordCount\":627,\"publisher\":{\"@id\":\"https:\/\/footdavant.fr\/actualites\/#organization\"},\"keywords\":[\"bilan\",\"dimanche\",\"Douglas\",\"li\u00e9\",\"Luiz\",\"marqu\u00e9\",\"Martinelli\"],\"articleSection\":[\"Football\"],\"inLanguage\":\"fr-FR\"},{\"@type\":\"WebPage\",\"@id\":\"https:\/\/footdavant.fr\/actualites\/bilan-de-dimanche-martinelli-marque-douglas-luiz-lie\/\",\"url\":\"https:\/\/footdavant.fr\/actualites\/bilan-de-dimanche-martinelli-marque-douglas-luiz-lie\/\",\"name\":\"Bilan de dimanche : Martinelli marque, Douglas Luiz li\u00e9\",\"isPartOf\":{\"@id\":\"https:\/\/footdavant.fr\/actualites\/#website\"},\"datePublished\":\"2024-06-09T10:48:33+00:00\",\"dateModified\":\"2024-06-09T10:48:35+00:00\",\"breadcrumb\":{\"@id\":\"https:\/\/footdavant.fr\/actualites\/bilan-de-dimanche-martinelli-marque-douglas-luiz-lie\/#breadcrumb\"},\"inLanguage\":\"fr-FR\",\"potentialAction\":[{\"@type\":\"ReadAction\",\"target\":[\"https:\/\/footdavant.fr\/actualites\/bilan-de-dimanche-martinelli-marque-douglas-luiz-lie\/\"]}]},{\"@type\":\"BreadcrumbList\",\"@id\":\"https:\/\/footdavant.fr\/actualites\/bilan-de-dimanche-martinelli-marque-douglas-luiz-lie\/#breadcrumb\",\"itemListElement\":[{\"@type\":\"ListItem\",\"position\":1,\"name\":\"Accueil\",\"item\":\"https:\/\/footdavant.fr\/actualites\/\"},{\"@type\":\"ListItem\",\"position\":2,\"name\":\"Bilan de dimanche : Martinelli marque, Douglas Luiz li\u00e9\"}]},{\"@type\":\"WebSite\",\"@id\":\"https:\/\/footdavant.fr\/actualites\/#website\",\"url\":\"https:\/\/footdavant.fr\/actualites\/\",\"name\":\"Foot d'avant\",\"description\":\"\",\"publisher\":{\"@id\":\"https:\/\/footdavant.fr\/actualites\/#organization\"},\"potentialAction\":[{\"@type\":\"SearchAction\",\"target\":{\"@type\":\"EntryPoint\",\"urlTemplate\":\"https:\/\/footdavant.fr\/actualites\/?s={search_term_string}\"},\"query-input\":\"required name=search_term_string\"}],\"inLanguage\":\"fr-FR\"},{\"@type\":\"Organization\",\"@id\":\"https:\/\/footdavant.fr\/actualites\/#organization\",\"name\":\"Foot d'avant\",\"url\":\"https:\/\/footdavant.fr\/actualites\/\",\"logo\":{\"@type\":\"ImageObject\",\"inLanguage\":\"fr-FR\",\"@id\":\"https:\/\/footdavant.fr\/actualites\/#\/schema\/logo\/image\/\",\"url\":\"https:\/\/footdavant.fr\/actualites\/wp-content\/uploads\/2023\/09\/Copy-of-FootDavant-Logo.png\",\"contentUrl\":\"https:\/\/footdavant.fr\/actualites\/wp-content\/uploads\/2023\/09\/Copy-of-FootDavant-Logo.png\",\"width\":936,\"height\":549,\"caption\":\"Foot d'avant\"},\"image\":{\"@id\":\"https:\/\/footdavant.fr\/actualites\/#\/schema\/logo\/image\/\"},\"sameAs\":[\"https:\/\/www.facebook.com\/Footdavant\/\",\"https:\/\/twitter.com\/FootdavantFr\",\"https:\/\/www.instagram.com\/footdavant.fr\/\"]},{\"@type\":\"Person\",\"@id\":\"https:\/\/footdavant.fr\/actualites\/#\/schema\/person\/bc222566d95871b37e597b3ed3ba5e1d\",\"name\":\"Cl\u00e9ment\",\"image\":{\"@type\":\"ImageObject\",\"inLanguage\":\"fr-FR\",\"@id\":\"https:\/\/footdavant.fr\/actualites\/#\/schema\/person\/image\/\",\"url\":\"https:\/\/secure.gravatar.com\/avatar\/7728b29aac2719421e1a9159b2254c44?s=96&d=mm&r=g\",\"contentUrl\":\"https:\/\/secure.gravatar.com\/avatar\/7728b29aac2719421e1a9159b2254c44?s=96&d=mm&r=g\",\"caption\":\"Cl\u00e9ment\"},\"sameAs\":[\"https:\/\/footdavant.fr\/\"]}]}<\/script>\n<!-- \/ Yoast SEO plugin. -->","yoast_head_json":{"title":"Bilan de dimanche : Martinelli marque, Douglas Luiz li\u00e9","robots":{"index":"index","follow":"follow","max-snippet":"max-snippet:-1","max-image-preview":"max-image-preview:large","max-video-preview":"max-video-preview:-1"},"canonical":"https:\/\/footdavant.fr\/actualites\/bilan-de-dimanche-martinelli-marque-douglas-luiz-lie\/","og_locale":"fr_FR","og_type":"article","og_title":"Bilan de dimanche : Martinelli marque, Douglas Luiz li\u00e9","og_description":"Bonjour. Quelques petits morceaux rapides du dimanche. Tout d&#39;abord, un but pour le Br\u00e9sil pour Gabriel Martinelli alors qu&#39;ils se pr\u00e9paraient pour la Copa America","og_url":"https:\/\/footdavant.fr\/actualites\/bilan-de-dimanche-martinelli-marque-douglas-luiz-lie\/","og_site_name":"Foot d&#039;avant","article_publisher":"https:\/\/www.facebook.com\/Footdavant\/","article_published_time":"2024-06-09T10:48:33+00:00","article_modified_time":"2024-06-09T10:48:35+00:00","og_image":[{"width":1500,"height":750,"url":"https:\/\/footdavant.fr\/actualites\/wp-content\/uploads\/2024\/06\/Bilan-de-dimanche-Martinelli-marque-Douglas-Luiz-lie.jpg","type":"image\/jpeg"}],"author":"Cl\u00e9ment","twitter_card":"summary_large_image","twitter_creator":"@FootdavantFr","twitter_site":"@FootdavantFr","twitter_misc":{"\u00c9crit par":"Cl\u00e9ment","Dur\u00e9e de lecture estim\u00e9e":"3 minutes"},"schema":{"@context":"https:\/\/schema.org","@graph":[{"@type":"Article","@id":"https:\/\/footdavant.fr\/actualites\/bilan-de-dimanche-martinelli-marque-douglas-luiz-lie\/#article","isPartOf":{"@id":"https:\/\/footdavant.fr\/actualites\/bilan-de-dimanche-martinelli-marque-douglas-luiz-lie\/"},"author":{"name":"Cl\u00e9ment","@id":"https:\/\/footdavant.fr\/actualites\/#\/schema\/person\/bc222566d95871b37e597b3ed3ba5e1d"},"headline":"Bilan de dimanche : Martinelli marque, Douglas Luiz li\u00e9","datePublished":"2024-06-09T10:48:33+00:00","dateModified":"2024-06-09T10:48:35+00:00","mainEntityOfPage":{"@id":"https:\/\/footdavant.fr\/actualites\/bilan-de-dimanche-martinelli-marque-douglas-luiz-lie\/"},"wordCount":627,"publisher":{"@id":"https:\/\/footdavant.fr\/actualites\/#organization"},"keywords":["bilan","dimanche","Douglas","li\u00e9","Luiz","marqu\u00e9","Martinelli"],"articleSection":["Football"],"inLanguage":"fr-FR"},{"@type":"WebPage","@id":"https:\/\/footdavant.fr\/actualites\/bilan-de-dimanche-martinelli-marque-douglas-luiz-lie\/","url":"https:\/\/footdavant.fr\/actualites\/bilan-de-dimanche-martinelli-marque-douglas-luiz-lie\/","name":"Bilan de dimanche : Martinelli marque, Douglas Luiz li\u00e9","isPartOf":{"@id":"https:\/\/footdavant.fr\/actualites\/#website"},"datePublished":"2024-06-09T10:48:33+00:00","dateModified":"2024-06-09T10:48:35+00:00","breadcrumb":{"@id":"https:\/\/footdavant.fr\/actualites\/bilan-de-dimanche-martinelli-marque-douglas-luiz-lie\/#breadcrumb"},"inLanguage":"fr-FR","potentialAction":[{"@type":"ReadAction","target":["https:\/\/footdavant.fr\/actualites\/bilan-de-dimanche-martinelli-marque-douglas-luiz-lie\/"]}]},{"@type":"BreadcrumbList","@id":"https:\/\/footdavant.fr\/actualites\/bilan-de-dimanche-martinelli-marque-douglas-luiz-lie\/#breadcrumb","itemListElement":[{"@type":"ListItem","position":1,"name":"Accueil","item":"https:\/\/footdavant.fr\/actualites\/"},{"@type":"ListItem","position":2,"name":"Bilan de dimanche : Martinelli marque, Douglas Luiz li\u00e9"}]},{"@type":"WebSite","@id":"https:\/\/footdavant.fr\/actualites\/#website","url":"https:\/\/footdavant.fr\/actualites\/","name":"Foot d'avant","description":"","publisher":{"@id":"https:\/\/footdavant.fr\/actualites\/#organization"},"potentialAction":[{"@type":"SearchAction","target":{"@type":"EntryPoint","urlTemplate":"https:\/\/footdavant.fr\/actualites\/?s={search_term_string}"},"query-input":"required name=search_term_string"}],"inLanguage":"fr-FR"},{"@type":"Organization","@id":"https:\/\/footdavant.fr\/actualites\/#organization","name":"Foot d'avant","url":"https:\/\/footdavant.fr\/actualites\/","logo":{"@type":"ImageObject","inLanguage":"fr-FR","@id":"https:\/\/footdavant.fr\/actualites\/#\/schema\/logo\/image\/","url":"https:\/\/footdavant.fr\/actualites\/wp-content\/uploads\/2023\/09\/Copy-of-FootDavant-Logo.png","contentUrl":"https:\/\/footdavant.fr\/actualites\/wp-content\/uploads\/2023\/09\/Copy-of-FootDavant-Logo.png","width":936,"height":549,"caption":"Foot d'avant"},"image":{"@id":"https:\/\/footdavant.fr\/actualites\/#\/schema\/logo\/image\/"},"sameAs":["https:\/\/www.facebook.com\/Footdavant\/","https:\/\/twitter.com\/FootdavantFr","https:\/\/www.instagram.com\/footdavant.fr\/"]},{"@type":"Person","@id":"https:\/\/footdavant.fr\/actualites\/#\/schema\/person\/bc222566d95871b37e597b3ed3ba5e1d","name":"Cl\u00e9ment","image":{"@type":"ImageObject","inLanguage":"fr-FR","@id":"https:\/\/footdavant.fr\/actualites\/#\/schema\/person\/image\/","url":"https:\/\/secure.gravatar.com\/avatar\/7728b29aac2719421e1a9159b2254c44?s=96&d=mm&r=g","contentUrl":"https:\/\/secure.gravatar.com\/avatar\/7728b29aac2719421e1a9159b2254c44?s=96&d=mm&r=g","caption":"Cl\u00e9ment"},"sameAs":["https:\/\/footdavant.fr\/"]}]}},"_links":{"self":[{"href":"https:\/\/footdavant.fr\/actualites\/wp-json\/wp\/v2\/posts\/9699"}],"collection":[{"href":"https:\/\/footdavant.fr\/actualites\/wp-json\/wp\/v2\/posts"}],"about":[{"href":"https:\/\/footdavant.fr\/actualites\/wp-json\/wp\/v2\/types\/post"}],"author":[{"embeddable":true,"href":"https:\/\/footdavant.fr\/actualites\/wp-json\/wp\/v2\/users\/1"}],"replies":[{"embeddable":true,"href":"https:\/\/footdavant.fr\/actualites\/wp-json\/wp\/v2\/comments?post=9699"}],"version-history":[{"count":1,"href":"https:\/\/footdavant.fr\/actualites\/wp-json\/wp\/v2\/posts\/9699\/revisions"}],"predecessor-version":[{"id":9701,"href":"https:\/\/footdavant.fr\/actualites\/wp-json\/wp\/v2\/posts\/9699\/revisions\/9701"}],"wp:featuredmedia":[{"embeddable":true,"href":"https:\/\/footdavant.fr\/actualites\/wp-json\/wp\/v2\/media\/9700"}],"wp:attachment":[{"href":"https:\/\/footdavant.fr\/actualites\/wp-json\/wp\/v2\/media?parent=9699"}],"wp:term":[{"taxonomy":"category","embeddable":true,"href":"https:\/\/footdavant.fr\/actualites\/wp-json\/wp\/v2\/categories?post=9699"},{"taxonomy":"post_tag","embeddable":true,"href":"https:\/\/footdavant.fr\/actualites\/wp-json\/wp\/v2\/tags?post=9699"}],"curies":[{"name":"wp","href":"https:\/\/api.w.org\/{rel}","templated":true}]}}