{"id":9702,"date":"2024-06-09T14:48:04","date_gmt":"2024-06-09T12:48:04","guid":{"rendered":"https:\/\/footdavant.fr\/actualites\/trois-stars-portugaises-que-manchester-united-pourrait-signer-cet-ete\/"},"modified":"2024-06-09T14:48:05","modified_gmt":"2024-06-09T12:48:05","slug":"trois-stars-portugaises-que-manchester-united-pourrait-signer-cet-ete","status":"publish","type":"post","link":"https:\/\/footdavant.fr\/actualites\/trois-stars-portugaises-que-manchester-united-pourrait-signer-cet-ete\/","title":{"rendered":"Trois stars portugaises que Manchester United pourrait signer cet \u00e9t\u00e9"},"content":{"rendered":"<p>Sports Mole examine trois stars portugaises que Manchester United pourrait envisager d\u2019amener \u00e0 Old Trafford cet \u00e9t\u00e9.<\/p>\n<div id=\"article_body\" itemprop=\"articleBody\">\n<p class=\"firstPara\"><strong class=\"autotag\">Cristiano Ronaldo<\/strong> restes <strong class=\"autotag\">Manchester United<\/strong>Le joueur portugais le plus c\u00e9l\u00e8bre de l&#39;Espagne, l&#39;attaquant ayant repr\u00e9sent\u00e9 346 fois les 20 fois champions d&#39;Angleterre au cours de sa carri\u00e8re exceptionnelle.<\/p>\n<p><strong class=\"autotag\">Nani<\/strong> est un autre joueur de <strong class=\"autotag\">le Portugal<\/strong> avoir connu un \u00e9norme succ\u00e8s \u00e0 Old Trafford, tandis que <strong class=\"autotag\">Bruno Fernandes<\/strong> et <strong class=\"autotag\">Diogo Dalot<\/strong> repr\u00e9sentent actuellement les 20 fois champions d&#39;Angleterre.<\/p>\n<p>Les Diables Rouges pourraient recruter une autre star portugaise cet \u00e9t\u00e9, avec trois joueurs originaires du pays. <strong class=\"autotag\">Euro 2024<\/strong> \u00e9quipe consid\u00e9r\u00e9e comme une cible pour les g\u00e9ants anglais, et ici <strong>Taupe de sport<\/strong> examine de plus pr\u00e8s le trio avant l\u2019ouverture du march\u00e9 des transferts.<\/p>\n<hr>\n<p class=\"imgI\">\n<p>Neves est consid\u00e9r\u00e9 comme la principale cible de Man United au milieu de terrain cet \u00e9t\u00e9, le joueur de 19 ans ayant connu une campagne 2023-24 exceptionnelle pour Benfica, faisant 55 apparitions toutes comp\u00e9titions confondues.<\/p>\n<p>Le patron du Portugal <strong class=\"autotag\">Roberto Martinez<\/strong> a insist\u00e9 sur le fait que l&#39;adolescent avait les qualit\u00e9s n\u00e9cessaires pour repr\u00e9senter une \u00e9quipe du niveau de Man United, tandis que <strong class=\"autotag\">Manchester City<\/strong> on dit \u00e9galement qu&#39;ils sont friands de sa signature.<\/p>\n<p>Un accord cet \u00e9t\u00e9 sera cependant compliqu\u00e9, car Benfica a sign\u00e9 un contrat avec Neves jusqu&#39;en juin 2028, l&#39;accord comprenant une clause lib\u00e9ratoire de 120 millions d&#39;euros (101,9 millions de livres sterling).<\/p>\n<p>Man United sera confiant de n\u00e9gocier ce prix \u00e0 la baisse, mais il devra peut-\u00eatre battre son record de transfert pour signer l&#39;international portugais cet \u00e9t\u00e9.<\/p>\n<p>Neves sera \u00e0 surveiller au Championnat d&#39;Europe, et il sera fascinant de voir si le jeune est en mouvement avant la campagne 2024-25.<\/p>\n<hr>\n<p class=\"imgI\"><img decoding=\"async\" loading=\"lazy\" class=\"l\" src=\"https:\/\/footdavant.fr\/actualites\/wp-content\/uploads\/2024\/06\/1717937284_797_Trois-stars-portugaises-que-Manchester-United-pourrait-signer-cet-ete.JPG\" title=\"Le d\u00e9fenseur central de Benfica, Antonio Silva, le 21 mai 2023\" alt=\"Le d\u00e9fenseur central de Benfica, Antonio Silva, le 21 mai 2023\" width=\"640\" height=\"480\"><\/p>\n<p>Man United recrutera au moins un d\u00e9fenseur central cet \u00e9t\u00e9, comme <strong class=\"autotag\">Rapha\u00ebl Varane<\/strong>la sortie de a d\u00e9j\u00e0 \u00e9t\u00e9 confirm\u00e9e, tandis que <strong class=\"autotag\">Victor Lindelof<\/strong> pourrait \u00e9galement partir avant la saison prochaine.<\/p>\n<p>Silva est consid\u00e9r\u00e9 comme l&#39;un des meilleurs jeunes d\u00e9fenseurs du football mondial et les Diables Rouges auraient un int\u00e9r\u00eat \u00e0 long terme pour ses services.<\/p>\n<p>Benfica est \u00e9galement dans une position de force en ce qui concerne l&#39;avenir du joueur de 20 ans, puisque sa clause lib\u00e9ratoire s&#39;\u00e9l\u00e8ve \u00e0 100 millions d&#39;euros (85 millions de livres sterling).<\/p>\n<p>Le d\u00e9fenseur a fait 50 apparitions pour son club portugais au cours de la campagne 2023-24, et il a d\u00e9sormais repr\u00e9sent\u00e9 les Eagles \u00e0 94 reprises, marquant sept buts au passage.<\/p>\n<p>On pense que Benfica ne serait m\u00eame pas dispos\u00e9 \u00e0 discuter d&#39;un transfert \u00e0 moins que ses frais de rachat ne soient respect\u00e9s, ce qui rend un accord compliqu\u00e9 cet \u00e9t\u00e9, mais ce n&#39;est certainement pas impossible.<\/p>\n<hr>\n<p class=\"imgI\"><img decoding=\"async\" loading=\"lazy\" class=\"l\" src=\"https:\/\/footdavant.fr\/actualites\/wp-content\/uploads\/2024\/06\/Trois-stars-portugaises-que-Manchester-United-pourrait-signer-cet-ete.jpg\" title=\"Le Portugais Goncalo Inacio c\u00e9l\u00e8bre son premier but le 11 septembre 2023\" alt=\"Le Portugais Goncalo Inacio c\u00e9l\u00e8bre son premier but le 11 septembre 2023\" width=\"640\" height=\"480\"><\/p>\n<p>Inacio serait \u00e9galement admir\u00e9 par Man United, et il serait une option plus abordable que Silva, avec sa clause lib\u00e9ratoire s&#39;\u00e9levant \u00e0 60 millions d&#39;euros (51 millions de livres sterling).<\/p>\n<p>Le joueur de 22 ans a fait 49 apparitions pour le Sporting au cours de la campagne 2023-24, et il a d\u00e9sormais repr\u00e9sent\u00e9 son \u00e9quipe actuelle \u00e0 171 reprises depuis son entr\u00e9e dans l&#39;\u00e9quipe premi\u00e8re.<\/p>\n<p>Le d\u00e9fenseur central compte huit s\u00e9lections portugaises \u00e0 son actif et il devrait jouer un r\u00f4le \u00e0 l&#39;Euro 2024, o\u00f9 de solides performances pourraient voir l&#39;int\u00e9r\u00eat pour ses services augmenter.<\/p>\n<p>Inacio est un joueur avec une exp\u00e9rience en Ligue des Champions, ayant repr\u00e9sent\u00e9 son \u00e9quipe actuelle \u00e0 13 reprises dans la comp\u00e9tition, alors qu&#39;il a marqu\u00e9 de mani\u00e8re impressionnante 15 buts et enregistr\u00e9 neuf passes d\u00e9cisives en d\u00e9fense centrale.<\/p>\n<p><strong class=\"autotag\">Liverpool<\/strong> On pense \u00e9galement qu&#39;ils aiment le d\u00e9fenseur, tandis que son co\u00e9quipier du club <strong class=\"autotag\">Ousmane Diomand\u00e9<\/strong> en est un autre \u00e0 associer \u00e0 un passage en Premier League cet \u00e9t\u00e9.<\/p>\n<hr>\n<\/div>\n","protected":false},"excerpt":{"rendered":"<p>Sports Mole examine trois stars portugaises que Manchester United pourrait envisager d\u2019amener \u00e0 Old Trafford cet \u00e9t\u00e9. Cristiano Ronaldo restes Manchester UnitedLe joueur portugais le<\/p>\n","protected":false},"author":1,"featured_media":9703,"comment_status":"closed","ping_status":"","sticky":false,"template":"","format":"standard","meta":{"footnotes":""},"categories":[5],"tags":[775,776,11,5280,269,774,2067,947,13],"yoast_head":"<!-- This site is optimized with the Yoast SEO plugin v21.0 - https:\/\/yoast.com\/wordpress\/plugins\/seo\/ -->\n<title>Trois stars portugaises que Manchester United pourrait signer cet \u00e9t\u00e9<\/title>\n<meta name=\"robots\" content=\"index, follow, max-snippet:-1, max-image-preview:large, max-video-preview:-1\" \/>\n<link rel=\"canonical\" href=\"https:\/\/footdavant.fr\/actualites\/trois-stars-portugaises-que-manchester-united-pourrait-signer-cet-ete\/\" \/>\n<meta property=\"og:locale\" content=\"fr_FR\" \/>\n<meta property=\"og:type\" content=\"article\" \/>\n<meta property=\"og:title\" content=\"Trois stars portugaises que Manchester United pourrait signer cet \u00e9t\u00e9\" \/>\n<meta property=\"og:description\" content=\"Sports Mole examine trois stars portugaises que Manchester United pourrait envisager d\u2019amener \u00e0 Old Trafford cet \u00e9t\u00e9. Cristiano Ronaldo restes Manchester UnitedLe joueur portugais le\" \/>\n<meta property=\"og:url\" content=\"https:\/\/footdavant.fr\/actualites\/trois-stars-portugaises-que-manchester-united-pourrait-signer-cet-ete\/\" \/>\n<meta property=\"og:site_name\" content=\"Foot d&#039;avant\" \/>\n<meta property=\"article:publisher\" content=\"https:\/\/www.facebook.com\/Footdavant\/\" \/>\n<meta property=\"article:published_time\" content=\"2024-06-09T12:48:04+00:00\" \/>\n<meta property=\"article:modified_time\" content=\"2024-06-09T12:48:05+00:00\" \/>\n<meta property=\"og:image\" content=\"https:\/\/footdavant.fr\/actualites\/wp-content\/uploads\/2024\/06\/Trois-stars-portugaises-que-Manchester-United-pourrait-signer-cet-ete.JPG\" \/>\n\t<meta property=\"og:image:width\" content=\"640\" \/>\n\t<meta property=\"og:image:height\" content=\"480\" \/>\n\t<meta property=\"og:image:type\" content=\"image\/jpeg\" \/>\n<meta name=\"author\" content=\"Cl\u00e9ment\" \/>\n<meta name=\"twitter:card\" content=\"summary_large_image\" \/>\n<meta name=\"twitter:creator\" content=\"@FootdavantFr\" \/>\n<meta name=\"twitter:site\" content=\"@FootdavantFr\" \/>\n<meta name=\"twitter:label1\" content=\"\u00c9crit par\" \/>\n\t<meta name=\"twitter:data1\" content=\"Cl\u00e9ment\" \/>\n\t<meta name=\"twitter:label2\" content=\"Dur\u00e9e de lecture estim\u00e9e\" \/>\n\t<meta name=\"twitter:data2\" content=\"3 minutes\" \/>\n<script type=\"application\/ld+json\" class=\"yoast-schema-graph\">{\"@context\":\"https:\/\/schema.org\",\"@graph\":[{\"@type\":\"Article\",\"@id\":\"https:\/\/footdavant.fr\/actualites\/trois-stars-portugaises-que-manchester-united-pourrait-signer-cet-ete\/#article\",\"isPartOf\":{\"@id\":\"https:\/\/footdavant.fr\/actualites\/trois-stars-portugaises-que-manchester-united-pourrait-signer-cet-ete\/\"},\"author\":{\"name\":\"Cl\u00e9ment\",\"@id\":\"https:\/\/footdavant.fr\/actualites\/#\/schema\/person\/bc222566d95871b37e597b3ed3ba5e1d\"},\"headline\":\"Trois stars portugaises que Manchester United pourrait signer cet \u00e9t\u00e9\",\"datePublished\":\"2024-06-09T12:48:04+00:00\",\"dateModified\":\"2024-06-09T12:48:05+00:00\",\"mainEntityOfPage\":{\"@id\":\"https:\/\/footdavant.fr\/actualites\/trois-stars-portugaises-que-manchester-united-pourrait-signer-cet-ete\/\"},\"wordCount\":643,\"publisher\":{\"@id\":\"https:\/\/footdavant.fr\/actualites\/#organization\"},\"keywords\":[\"cet\",\"\u00e9t\u00e9\",\"Manchester\",\"portugaises\",\"pourrait\",\"signer\",\"stars\",\"trois\",\"United\"],\"articleSection\":[\"Premier League\"],\"inLanguage\":\"fr-FR\"},{\"@type\":\"WebPage\",\"@id\":\"https:\/\/footdavant.fr\/actualites\/trois-stars-portugaises-que-manchester-united-pourrait-signer-cet-ete\/\",\"url\":\"https:\/\/footdavant.fr\/actualites\/trois-stars-portugaises-que-manchester-united-pourrait-signer-cet-ete\/\",\"name\":\"Trois stars portugaises que Manchester United pourrait signer cet \u00e9t\u00e9\",\"isPartOf\":{\"@id\":\"https:\/\/footdavant.fr\/actualites\/#website\"},\"datePublished\":\"2024-06-09T12:48:04+00:00\",\"dateModified\":\"2024-06-09T12:48:05+00:00\",\"breadcrumb\":{\"@id\":\"https:\/\/footdavant.fr\/actualites\/trois-stars-portugaises-que-manchester-united-pourrait-signer-cet-ete\/#breadcrumb\"},\"inLanguage\":\"fr-FR\",\"potentialAction\":[{\"@type\":\"ReadAction\",\"target\":[\"https:\/\/footdavant.fr\/actualites\/trois-stars-portugaises-que-manchester-united-pourrait-signer-cet-ete\/\"]}]},{\"@type\":\"BreadcrumbList\",\"@id\":\"https:\/\/footdavant.fr\/actualites\/trois-stars-portugaises-que-manchester-united-pourrait-signer-cet-ete\/#breadcrumb\",\"itemListElement\":[{\"@type\":\"ListItem\",\"position\":1,\"name\":\"Accueil\",\"item\":\"https:\/\/footdavant.fr\/actualites\/\"},{\"@type\":\"ListItem\",\"position\":2,\"name\":\"Trois stars portugaises que Manchester United pourrait signer cet \u00e9t\u00e9\"}]},{\"@type\":\"WebSite\",\"@id\":\"https:\/\/footdavant.fr\/actualites\/#website\",\"url\":\"https:\/\/footdavant.fr\/actualites\/\",\"name\":\"Foot d'avant\",\"description\":\"\",\"publisher\":{\"@id\":\"https:\/\/footdavant.fr\/actualites\/#organization\"},\"potentialAction\":[{\"@type\":\"SearchAction\",\"target\":{\"@type\":\"EntryPoint\",\"urlTemplate\":\"https:\/\/footdavant.fr\/actualites\/?s={search_term_string}\"},\"query-input\":\"required name=search_term_string\"}],\"inLanguage\":\"fr-FR\"},{\"@type\":\"Organization\",\"@id\":\"https:\/\/footdavant.fr\/actualites\/#organization\",\"name\":\"Foot d'avant\",\"url\":\"https:\/\/footdavant.fr\/actualites\/\",\"logo\":{\"@type\":\"ImageObject\",\"inLanguage\":\"fr-FR\",\"@id\":\"https:\/\/footdavant.fr\/actualites\/#\/schema\/logo\/image\/\",\"url\":\"https:\/\/footdavant.fr\/actualites\/wp-content\/uploads\/2023\/09\/Copy-of-FootDavant-Logo.png\",\"contentUrl\":\"https:\/\/footdavant.fr\/actualites\/wp-content\/uploads\/2023\/09\/Copy-of-FootDavant-Logo.png\",\"width\":936,\"height\":549,\"caption\":\"Foot d'avant\"},\"image\":{\"@id\":\"https:\/\/footdavant.fr\/actualites\/#\/schema\/logo\/image\/\"},\"sameAs\":[\"https:\/\/www.facebook.com\/Footdavant\/\",\"https:\/\/twitter.com\/FootdavantFr\",\"https:\/\/www.instagram.com\/footdavant.fr\/\"]},{\"@type\":\"Person\",\"@id\":\"https:\/\/footdavant.fr\/actualites\/#\/schema\/person\/bc222566d95871b37e597b3ed3ba5e1d\",\"name\":\"Cl\u00e9ment\",\"image\":{\"@type\":\"ImageObject\",\"inLanguage\":\"fr-FR\",\"@id\":\"https:\/\/footdavant.fr\/actualites\/#\/schema\/person\/image\/\",\"url\":\"https:\/\/secure.gravatar.com\/avatar\/7728b29aac2719421e1a9159b2254c44?s=96&d=mm&r=g\",\"contentUrl\":\"https:\/\/secure.gravatar.com\/avatar\/7728b29aac2719421e1a9159b2254c44?s=96&d=mm&r=g\",\"caption\":\"Cl\u00e9ment\"},\"sameAs\":[\"https:\/\/footdavant.fr\/\"]}]}<\/script>\n<!-- \/ Yoast SEO plugin. -->","yoast_head_json":{"title":"Trois stars portugaises que Manchester United pourrait signer cet \u00e9t\u00e9","robots":{"index":"index","follow":"follow","max-snippet":"max-snippet:-1","max-image-preview":"max-image-preview:large","max-video-preview":"max-video-preview:-1"},"canonical":"https:\/\/footdavant.fr\/actualites\/trois-stars-portugaises-que-manchester-united-pourrait-signer-cet-ete\/","og_locale":"fr_FR","og_type":"article","og_title":"Trois stars portugaises que Manchester United pourrait signer cet \u00e9t\u00e9","og_description":"Sports Mole examine trois stars portugaises que Manchester United pourrait envisager d\u2019amener \u00e0 Old Trafford cet \u00e9t\u00e9. Cristiano Ronaldo restes Manchester UnitedLe joueur portugais le","og_url":"https:\/\/footdavant.fr\/actualites\/trois-stars-portugaises-que-manchester-united-pourrait-signer-cet-ete\/","og_site_name":"Foot d&#039;avant","article_publisher":"https:\/\/www.facebook.com\/Footdavant\/","article_published_time":"2024-06-09T12:48:04+00:00","article_modified_time":"2024-06-09T12:48:05+00:00","og_image":[{"width":640,"height":480,"url":"https:\/\/footdavant.fr\/actualites\/wp-content\/uploads\/2024\/06\/Trois-stars-portugaises-que-Manchester-United-pourrait-signer-cet-ete.JPG","type":"image\/jpeg"}],"author":"Cl\u00e9ment","twitter_card":"summary_large_image","twitter_creator":"@FootdavantFr","twitter_site":"@FootdavantFr","twitter_misc":{"\u00c9crit par":"Cl\u00e9ment","Dur\u00e9e de lecture estim\u00e9e":"3 minutes"},"schema":{"@context":"https:\/\/schema.org","@graph":[{"@type":"Article","@id":"https:\/\/footdavant.fr\/actualites\/trois-stars-portugaises-que-manchester-united-pourrait-signer-cet-ete\/#article","isPartOf":{"@id":"https:\/\/footdavant.fr\/actualites\/trois-stars-portugaises-que-manchester-united-pourrait-signer-cet-ete\/"},"author":{"name":"Cl\u00e9ment","@id":"https:\/\/footdavant.fr\/actualites\/#\/schema\/person\/bc222566d95871b37e597b3ed3ba5e1d"},"headline":"Trois stars portugaises que Manchester United pourrait signer cet \u00e9t\u00e9","datePublished":"2024-06-09T12:48:04+00:00","dateModified":"2024-06-09T12:48:05+00:00","mainEntityOfPage":{"@id":"https:\/\/footdavant.fr\/actualites\/trois-stars-portugaises-que-manchester-united-pourrait-signer-cet-ete\/"},"wordCount":643,"publisher":{"@id":"https:\/\/footdavant.fr\/actualites\/#organization"},"keywords":["cet","\u00e9t\u00e9","Manchester","portugaises","pourrait","signer","stars","trois","United"],"articleSection":["Premier League"],"inLanguage":"fr-FR"},{"@type":"WebPage","@id":"https:\/\/footdavant.fr\/actualites\/trois-stars-portugaises-que-manchester-united-pourrait-signer-cet-ete\/","url":"https:\/\/footdavant.fr\/actualites\/trois-stars-portugaises-que-manchester-united-pourrait-signer-cet-ete\/","name":"Trois stars portugaises que Manchester United pourrait signer cet \u00e9t\u00e9","isPartOf":{"@id":"https:\/\/footdavant.fr\/actualites\/#website"},"datePublished":"2024-06-09T12:48:04+00:00","dateModified":"2024-06-09T12:48:05+00:00","breadcrumb":{"@id":"https:\/\/footdavant.fr\/actualites\/trois-stars-portugaises-que-manchester-united-pourrait-signer-cet-ete\/#breadcrumb"},"inLanguage":"fr-FR","potentialAction":[{"@type":"ReadAction","target":["https:\/\/footdavant.fr\/actualites\/trois-stars-portugaises-que-manchester-united-pourrait-signer-cet-ete\/"]}]},{"@type":"BreadcrumbList","@id":"https:\/\/footdavant.fr\/actualites\/trois-stars-portugaises-que-manchester-united-pourrait-signer-cet-ete\/#breadcrumb","itemListElement":[{"@type":"ListItem","position":1,"name":"Accueil","item":"https:\/\/footdavant.fr\/actualites\/"},{"@type":"ListItem","position":2,"name":"Trois stars portugaises que Manchester United pourrait signer cet \u00e9t\u00e9"}]},{"@type":"WebSite","@id":"https:\/\/footdavant.fr\/actualites\/#website","url":"https:\/\/footdavant.fr\/actualites\/","name":"Foot d'avant","description":"","publisher":{"@id":"https:\/\/footdavant.fr\/actualites\/#organization"},"potentialAction":[{"@type":"SearchAction","target":{"@type":"EntryPoint","urlTemplate":"https:\/\/footdavant.fr\/actualites\/?s={search_term_string}"},"query-input":"required name=search_term_string"}],"inLanguage":"fr-FR"},{"@type":"Organization","@id":"https:\/\/footdavant.fr\/actualites\/#organization","name":"Foot d'avant","url":"https:\/\/footdavant.fr\/actualites\/","logo":{"@type":"ImageObject","inLanguage":"fr-FR","@id":"https:\/\/footdavant.fr\/actualites\/#\/schema\/logo\/image\/","url":"https:\/\/footdavant.fr\/actualites\/wp-content\/uploads\/2023\/09\/Copy-of-FootDavant-Logo.png","contentUrl":"https:\/\/footdavant.fr\/actualites\/wp-content\/uploads\/2023\/09\/Copy-of-FootDavant-Logo.png","width":936,"height":549,"caption":"Foot d'avant"},"image":{"@id":"https:\/\/footdavant.fr\/actualites\/#\/schema\/logo\/image\/"},"sameAs":["https:\/\/www.facebook.com\/Footdavant\/","https:\/\/twitter.com\/FootdavantFr","https:\/\/www.instagram.com\/footdavant.fr\/"]},{"@type":"Person","@id":"https:\/\/footdavant.fr\/actualites\/#\/schema\/person\/bc222566d95871b37e597b3ed3ba5e1d","name":"Cl\u00e9ment","image":{"@type":"ImageObject","inLanguage":"fr-FR","@id":"https:\/\/footdavant.fr\/actualites\/#\/schema\/person\/image\/","url":"https:\/\/secure.gravatar.com\/avatar\/7728b29aac2719421e1a9159b2254c44?s=96&d=mm&r=g","contentUrl":"https:\/\/secure.gravatar.com\/avatar\/7728b29aac2719421e1a9159b2254c44?s=96&d=mm&r=g","caption":"Cl\u00e9ment"},"sameAs":["https:\/\/footdavant.fr\/"]}]}},"_links":{"self":[{"href":"https:\/\/footdavant.fr\/actualites\/wp-json\/wp\/v2\/posts\/9702"}],"collection":[{"href":"https:\/\/footdavant.fr\/actualites\/wp-json\/wp\/v2\/posts"}],"about":[{"href":"https:\/\/footdavant.fr\/actualites\/wp-json\/wp\/v2\/types\/post"}],"author":[{"embeddable":true,"href":"https:\/\/footdavant.fr\/actualites\/wp-json\/wp\/v2\/users\/1"}],"replies":[{"embeddable":true,"href":"https:\/\/footdavant.fr\/actualites\/wp-json\/wp\/v2\/comments?post=9702"}],"version-history":[{"count":1,"href":"https:\/\/footdavant.fr\/actualites\/wp-json\/wp\/v2\/posts\/9702\/revisions"}],"predecessor-version":[{"id":9704,"href":"https:\/\/footdavant.fr\/actualites\/wp-json\/wp\/v2\/posts\/9702\/revisions\/9704"}],"wp:featuredmedia":[{"embeddable":true,"href":"https:\/\/footdavant.fr\/actualites\/wp-json\/wp\/v2\/media\/9703"}],"wp:attachment":[{"href":"https:\/\/footdavant.fr\/actualites\/wp-json\/wp\/v2\/media?parent=9702"}],"wp:term":[{"taxonomy":"category","embeddable":true,"href":"https:\/\/footdavant.fr\/actualites\/wp-json\/wp\/v2\/categories?post=9702"},{"taxonomy":"post_tag","embeddable":true,"href":"https:\/\/footdavant.fr\/actualites\/wp-json\/wp\/v2\/tags?post=9702"}],"curies":[{"name":"wp","href":"https:\/\/api.w.org\/{rel}","templated":true}]}}