{"id":9705,"date":"2024-06-09T16:48:55","date_gmt":"2024-06-09T14:48:55","guid":{"rendered":"https:\/\/footdavant.fr\/actualites\/liverpool-a-initie-deux-ailiers-qui-intriguent-vraiment-les-reds-tous-deux-ont-marque-32-buts\/"},"modified":"2024-06-09T16:48:55","modified_gmt":"2024-06-09T14:48:55","slug":"liverpool-a-initie-deux-ailiers-qui-intriguent-vraiment-les-reds-tous-deux-ont-marque-32-buts","status":"publish","type":"post","link":"https:\/\/footdavant.fr\/actualites\/liverpool-a-initie-deux-ailiers-qui-intriguent-vraiment-les-reds-tous-deux-ont-marque-32-buts\/","title":{"rendered":"Liverpool a initi\u00e9 deux ailiers qui intriguent vraiment les Reds ;  tous deux ont marqu\u00e9 32 buts"},"content":{"rendered":"<div id=\"article-body\">\n<!-- Article Start --><\/p>\n<p>Deux noms consid\u00e9r\u00e9s comme \u00ab offrant la plus grande intrigue \u00bb sont Johan Bakayoko du PSV et Mohammed Kudus de West Ham United.<\/p>\n<p>Ian Doyle a rapport\u00e9 pour le Liverpool Echo.<\/p>\n<\/p>\n<p>La paire d\u2019hommes larges a inscrit collectivement 32 buts toutes comp\u00e9titions confondues en 2023\/24.  Les mandats actuels du Belge devraient expirer \u00e0 l&#39;\u00e9t\u00e9 2026, tandis que le Ghan\u00e9en est dans les livres des Hammers jusqu&#39;en 2028.<\/p>\n<\/p>\n<p>Les hommes de Julen Lopetegui pourraient \u00eatre incit\u00e9s \u00e0 se s\u00e9parer de Kudus pour satisfaire aux exigences financi\u00e8res.  Cela fait suite \u00e0 un autre d\u00e9veloppement au sein du club, avec Lucas Pacqueta \u2013 une cible signal\u00e9e de Manchester City \u2013 d\u00e9sormais accus\u00e9 d&#39;avoir enfreint les r\u00e8gles de paris de la FA.<\/p>\n<\/p>\n<h2>Kudus ou Bakayoko conviendraient-ils davantage \u00e0 Liverpool ?<\/h2>\n<figure class=\"wp-caption alignnone\"><picture><source type=\"image\/webp\" data- data-><\/source><\/picture><figcaption class=\"wp-caption-text\">Mohammed Kudus en action contre Manchester City \u2013 (Photo par OLI SCARFF\/AFP via Getty Images)<\/figcaption><\/figure>\n<p>Il y a une certaine attirance \u00e0 poursuivre le footballeur de West Ham, \u00e2g\u00e9 de 23 ans.  Liverpool saura exactement ce qu\u2019il va obtenir \u00e9tant donn\u00e9 qu\u2019il a d\u00e9j\u00e0 jou\u00e9 un an de football en Premier League.  Il a \u00e9galement excell\u00e9 en Angleterre.<\/p>\n<p>Bakayoko, en revanche, repr\u00e9sente un certain risque.  Les chiffres sous-jacents de ce que vous attendez d\u2019une \u00e9ventuelle signature de Liverpool sont toujours l\u00e0.<\/p>\n<p>L&#39;international belge inscrit 6,35 touches dans la surface adverse en moyenne (365 derniers jours) et se classe dans le 86e percentile en xG sans penalty (hors cinq grands championnats europ\u00e9ens), selon FBref.<\/p>\n<p>C&#39;est une diff\u00e9rence marqu\u00e9e par rapport aux chiffres de Luis Diaz (7,22) et de Mo Salah (8,74), m\u00eame si on s&#39;attendrait \u00e0 ce que cela s&#39;am\u00e9liore potentiellement dans une meilleure \u00e9quipe.<\/p>\n<p>Allons-nous prendre le risque probablement le moins cher ?  Ou la quantit\u00e9 connue ?<\/p>\n<\/p>\n<p><span class=\"embed-youtube\" style=\"text-align:center; display: block;\"><\/span><\/p>\n<p><!-- Article End -->\t\t\t\t<\/div>\n<p><script async src=\"\/\/www.instagram.com\/embed.js\"><\/script><\/p>\n","protected":false},"excerpt":{"rendered":"<p>Deux noms consid\u00e9r\u00e9s comme \u00ab offrant la plus grande intrigue \u00bb sont Johan Bakayoko du PSV et Mohammed Kudus de West Ham United. Ian Doyle<\/p>\n","protected":false},"author":1,"featured_media":4801,"comment_status":"closed","ping_status":"","sticky":false,"template":"","format":"standard","meta":{"footnotes":""},"categories":[3],"tags":[3111,200,857,2795,5281,93,53,274,244,243,722,1338,499],"yoast_head":"<!-- This site is optimized with the Yoast SEO plugin v21.0 - https:\/\/yoast.com\/wordpress\/plugins\/seo\/ -->\n<title>Liverpool a initi\u00e9 deux ailiers qui intriguent vraiment les Reds ; tous deux ont marqu\u00e9 32 buts<\/title>\n<meta name=\"robots\" content=\"index, follow, max-snippet:-1, max-image-preview:large, max-video-preview:-1\" \/>\n<link rel=\"canonical\" href=\"https:\/\/footdavant.fr\/actualites\/liverpool-a-initie-deux-ailiers-qui-intriguent-vraiment-les-reds-tous-deux-ont-marque-32-buts\/\" \/>\n<meta property=\"og:locale\" content=\"fr_FR\" \/>\n<meta property=\"og:type\" content=\"article\" \/>\n<meta property=\"og:title\" content=\"Liverpool a initi\u00e9 deux ailiers qui intriguent vraiment les Reds ; tous deux ont marqu\u00e9 32 buts\" \/>\n<meta property=\"og:description\" content=\"Deux noms consid\u00e9r\u00e9s comme \u00ab offrant la plus grande intrigue \u00bb sont Johan Bakayoko du PSV et Mohammed Kudus de West Ham United. Ian Doyle\" \/>\n<meta property=\"og:url\" content=\"https:\/\/footdavant.fr\/actualites\/liverpool-a-initie-deux-ailiers-qui-intriguent-vraiment-les-reds-tous-deux-ont-marque-32-buts\/\" \/>\n<meta property=\"og:site_name\" content=\"Foot d&#039;avant\" \/>\n<meta property=\"article:publisher\" content=\"https:\/\/www.facebook.com\/Footdavant\/\" \/>\n<meta property=\"article:published_time\" content=\"2024-06-09T14:48:55+00:00\" \/>\n<meta property=\"og:image\" content=\"https:\/\/footdavant.fr\/actualites\/wp-content\/uploads\/2023\/12\/Manchester-United-fait-face-a-une-crise-des-absents-avant-scaled.jpg\" \/>\n\t<meta property=\"og:image:width\" content=\"2560\" \/>\n\t<meta property=\"og:image:height\" content=\"1707\" \/>\n\t<meta property=\"og:image:type\" content=\"image\/jpeg\" \/>\n<meta name=\"author\" content=\"Cl\u00e9ment\" \/>\n<meta name=\"twitter:card\" content=\"summary_large_image\" \/>\n<meta name=\"twitter:creator\" content=\"@FootdavantFr\" \/>\n<meta name=\"twitter:site\" content=\"@FootdavantFr\" \/>\n<meta name=\"twitter:label1\" content=\"\u00c9crit par\" \/>\n\t<meta name=\"twitter:data1\" content=\"Cl\u00e9ment\" \/>\n\t<meta name=\"twitter:label2\" content=\"Dur\u00e9e de lecture estim\u00e9e\" \/>\n\t<meta name=\"twitter:data2\" content=\"1 minute\" \/>\n<script type=\"application\/ld+json\" class=\"yoast-schema-graph\">{\"@context\":\"https:\/\/schema.org\",\"@graph\":[{\"@type\":\"Article\",\"@id\":\"https:\/\/footdavant.fr\/actualites\/liverpool-a-initie-deux-ailiers-qui-intriguent-vraiment-les-reds-tous-deux-ont-marque-32-buts\/#article\",\"isPartOf\":{\"@id\":\"https:\/\/footdavant.fr\/actualites\/liverpool-a-initie-deux-ailiers-qui-intriguent-vraiment-les-reds-tous-deux-ont-marque-32-buts\/\"},\"author\":{\"name\":\"Cl\u00e9ment\",\"@id\":\"https:\/\/footdavant.fr\/actualites\/#\/schema\/person\/bc222566d95871b37e597b3ed3ba5e1d\"},\"headline\":\"Liverpool a initi\u00e9 deux ailiers qui intriguent vraiment les Reds ; tous deux ont marqu\u00e9 32 buts\",\"datePublished\":\"2024-06-09T14:48:55+00:00\",\"dateModified\":\"2024-06-09T14:48:55+00:00\",\"mainEntityOfPage\":{\"@id\":\"https:\/\/footdavant.fr\/actualites\/liverpool-a-initie-deux-ailiers-qui-intriguent-vraiment-les-reds-tous-deux-ont-marque-32-buts\/\"},\"wordCount\":306,\"publisher\":{\"@id\":\"https:\/\/footdavant.fr\/actualites\/#organization\"},\"keywords\":[\"ailiers\",\"buts\",\"deux\",\"initi\u00e9\",\"intriguent\",\"les\",\"Liverpool\",\"marqu\u00e9\",\"ont\",\"qui\",\"Reds\",\"Tous\",\"vraiment\"],\"articleSection\":[\"Football\"],\"inLanguage\":\"fr-FR\"},{\"@type\":\"WebPage\",\"@id\":\"https:\/\/footdavant.fr\/actualites\/liverpool-a-initie-deux-ailiers-qui-intriguent-vraiment-les-reds-tous-deux-ont-marque-32-buts\/\",\"url\":\"https:\/\/footdavant.fr\/actualites\/liverpool-a-initie-deux-ailiers-qui-intriguent-vraiment-les-reds-tous-deux-ont-marque-32-buts\/\",\"name\":\"Liverpool a initi\u00e9 deux ailiers qui intriguent vraiment les Reds ; tous deux ont marqu\u00e9 32 buts\",\"isPartOf\":{\"@id\":\"https:\/\/footdavant.fr\/actualites\/#website\"},\"datePublished\":\"2024-06-09T14:48:55+00:00\",\"dateModified\":\"2024-06-09T14:48:55+00:00\",\"breadcrumb\":{\"@id\":\"https:\/\/footdavant.fr\/actualites\/liverpool-a-initie-deux-ailiers-qui-intriguent-vraiment-les-reds-tous-deux-ont-marque-32-buts\/#breadcrumb\"},\"inLanguage\":\"fr-FR\",\"potentialAction\":[{\"@type\":\"ReadAction\",\"target\":[\"https:\/\/footdavant.fr\/actualites\/liverpool-a-initie-deux-ailiers-qui-intriguent-vraiment-les-reds-tous-deux-ont-marque-32-buts\/\"]}]},{\"@type\":\"BreadcrumbList\",\"@id\":\"https:\/\/footdavant.fr\/actualites\/liverpool-a-initie-deux-ailiers-qui-intriguent-vraiment-les-reds-tous-deux-ont-marque-32-buts\/#breadcrumb\",\"itemListElement\":[{\"@type\":\"ListItem\",\"position\":1,\"name\":\"Accueil\",\"item\":\"https:\/\/footdavant.fr\/actualites\/\"},{\"@type\":\"ListItem\",\"position\":2,\"name\":\"Liverpool a initi\u00e9 deux ailiers qui intriguent vraiment les Reds ; tous deux ont marqu\u00e9 32 buts\"}]},{\"@type\":\"WebSite\",\"@id\":\"https:\/\/footdavant.fr\/actualites\/#website\",\"url\":\"https:\/\/footdavant.fr\/actualites\/\",\"name\":\"Foot d'avant\",\"description\":\"\",\"publisher\":{\"@id\":\"https:\/\/footdavant.fr\/actualites\/#organization\"},\"potentialAction\":[{\"@type\":\"SearchAction\",\"target\":{\"@type\":\"EntryPoint\",\"urlTemplate\":\"https:\/\/footdavant.fr\/actualites\/?s={search_term_string}\"},\"query-input\":\"required name=search_term_string\"}],\"inLanguage\":\"fr-FR\"},{\"@type\":\"Organization\",\"@id\":\"https:\/\/footdavant.fr\/actualites\/#organization\",\"name\":\"Foot d'avant\",\"url\":\"https:\/\/footdavant.fr\/actualites\/\",\"logo\":{\"@type\":\"ImageObject\",\"inLanguage\":\"fr-FR\",\"@id\":\"https:\/\/footdavant.fr\/actualites\/#\/schema\/logo\/image\/\",\"url\":\"https:\/\/footdavant.fr\/actualites\/wp-content\/uploads\/2023\/09\/Copy-of-FootDavant-Logo.png\",\"contentUrl\":\"https:\/\/footdavant.fr\/actualites\/wp-content\/uploads\/2023\/09\/Copy-of-FootDavant-Logo.png\",\"width\":936,\"height\":549,\"caption\":\"Foot d'avant\"},\"image\":{\"@id\":\"https:\/\/footdavant.fr\/actualites\/#\/schema\/logo\/image\/\"},\"sameAs\":[\"https:\/\/www.facebook.com\/Footdavant\/\",\"https:\/\/twitter.com\/FootdavantFr\",\"https:\/\/www.instagram.com\/footdavant.fr\/\"]},{\"@type\":\"Person\",\"@id\":\"https:\/\/footdavant.fr\/actualites\/#\/schema\/person\/bc222566d95871b37e597b3ed3ba5e1d\",\"name\":\"Cl\u00e9ment\",\"image\":{\"@type\":\"ImageObject\",\"inLanguage\":\"fr-FR\",\"@id\":\"https:\/\/footdavant.fr\/actualites\/#\/schema\/person\/image\/\",\"url\":\"https:\/\/secure.gravatar.com\/avatar\/7728b29aac2719421e1a9159b2254c44?s=96&d=mm&r=g\",\"contentUrl\":\"https:\/\/secure.gravatar.com\/avatar\/7728b29aac2719421e1a9159b2254c44?s=96&d=mm&r=g\",\"caption\":\"Cl\u00e9ment\"},\"sameAs\":[\"https:\/\/footdavant.fr\/\"]}]}<\/script>\n<!-- \/ Yoast SEO plugin. -->","yoast_head_json":{"title":"Liverpool a initi\u00e9 deux ailiers qui intriguent vraiment les Reds ; tous deux ont marqu\u00e9 32 buts","robots":{"index":"index","follow":"follow","max-snippet":"max-snippet:-1","max-image-preview":"max-image-preview:large","max-video-preview":"max-video-preview:-1"},"canonical":"https:\/\/footdavant.fr\/actualites\/liverpool-a-initie-deux-ailiers-qui-intriguent-vraiment-les-reds-tous-deux-ont-marque-32-buts\/","og_locale":"fr_FR","og_type":"article","og_title":"Liverpool a initi\u00e9 deux ailiers qui intriguent vraiment les Reds ; tous deux ont marqu\u00e9 32 buts","og_description":"Deux noms consid\u00e9r\u00e9s comme \u00ab offrant la plus grande intrigue \u00bb sont Johan Bakayoko du PSV et Mohammed Kudus de West Ham United. Ian Doyle","og_url":"https:\/\/footdavant.fr\/actualites\/liverpool-a-initie-deux-ailiers-qui-intriguent-vraiment-les-reds-tous-deux-ont-marque-32-buts\/","og_site_name":"Foot d&#039;avant","article_publisher":"https:\/\/www.facebook.com\/Footdavant\/","article_published_time":"2024-06-09T14:48:55+00:00","og_image":[{"width":2560,"height":1707,"url":"https:\/\/footdavant.fr\/actualites\/wp-content\/uploads\/2023\/12\/Manchester-United-fait-face-a-une-crise-des-absents-avant-scaled.jpg","type":"image\/jpeg"}],"author":"Cl\u00e9ment","twitter_card":"summary_large_image","twitter_creator":"@FootdavantFr","twitter_site":"@FootdavantFr","twitter_misc":{"\u00c9crit par":"Cl\u00e9ment","Dur\u00e9e de lecture estim\u00e9e":"1 minute"},"schema":{"@context":"https:\/\/schema.org","@graph":[{"@type":"Article","@id":"https:\/\/footdavant.fr\/actualites\/liverpool-a-initie-deux-ailiers-qui-intriguent-vraiment-les-reds-tous-deux-ont-marque-32-buts\/#article","isPartOf":{"@id":"https:\/\/footdavant.fr\/actualites\/liverpool-a-initie-deux-ailiers-qui-intriguent-vraiment-les-reds-tous-deux-ont-marque-32-buts\/"},"author":{"name":"Cl\u00e9ment","@id":"https:\/\/footdavant.fr\/actualites\/#\/schema\/person\/bc222566d95871b37e597b3ed3ba5e1d"},"headline":"Liverpool a initi\u00e9 deux ailiers qui intriguent vraiment les Reds ; tous deux ont marqu\u00e9 32 buts","datePublished":"2024-06-09T14:48:55+00:00","dateModified":"2024-06-09T14:48:55+00:00","mainEntityOfPage":{"@id":"https:\/\/footdavant.fr\/actualites\/liverpool-a-initie-deux-ailiers-qui-intriguent-vraiment-les-reds-tous-deux-ont-marque-32-buts\/"},"wordCount":306,"publisher":{"@id":"https:\/\/footdavant.fr\/actualites\/#organization"},"keywords":["ailiers","buts","deux","initi\u00e9","intriguent","les","Liverpool","marqu\u00e9","ont","qui","Reds","Tous","vraiment"],"articleSection":["Football"],"inLanguage":"fr-FR"},{"@type":"WebPage","@id":"https:\/\/footdavant.fr\/actualites\/liverpool-a-initie-deux-ailiers-qui-intriguent-vraiment-les-reds-tous-deux-ont-marque-32-buts\/","url":"https:\/\/footdavant.fr\/actualites\/liverpool-a-initie-deux-ailiers-qui-intriguent-vraiment-les-reds-tous-deux-ont-marque-32-buts\/","name":"Liverpool a initi\u00e9 deux ailiers qui intriguent vraiment les Reds ; tous deux ont marqu\u00e9 32 buts","isPartOf":{"@id":"https:\/\/footdavant.fr\/actualites\/#website"},"datePublished":"2024-06-09T14:48:55+00:00","dateModified":"2024-06-09T14:48:55+00:00","breadcrumb":{"@id":"https:\/\/footdavant.fr\/actualites\/liverpool-a-initie-deux-ailiers-qui-intriguent-vraiment-les-reds-tous-deux-ont-marque-32-buts\/#breadcrumb"},"inLanguage":"fr-FR","potentialAction":[{"@type":"ReadAction","target":["https:\/\/footdavant.fr\/actualites\/liverpool-a-initie-deux-ailiers-qui-intriguent-vraiment-les-reds-tous-deux-ont-marque-32-buts\/"]}]},{"@type":"BreadcrumbList","@id":"https:\/\/footdavant.fr\/actualites\/liverpool-a-initie-deux-ailiers-qui-intriguent-vraiment-les-reds-tous-deux-ont-marque-32-buts\/#breadcrumb","itemListElement":[{"@type":"ListItem","position":1,"name":"Accueil","item":"https:\/\/footdavant.fr\/actualites\/"},{"@type":"ListItem","position":2,"name":"Liverpool a initi\u00e9 deux ailiers qui intriguent vraiment les Reds ; tous deux ont marqu\u00e9 32 buts"}]},{"@type":"WebSite","@id":"https:\/\/footdavant.fr\/actualites\/#website","url":"https:\/\/footdavant.fr\/actualites\/","name":"Foot d'avant","description":"","publisher":{"@id":"https:\/\/footdavant.fr\/actualites\/#organization"},"potentialAction":[{"@type":"SearchAction","target":{"@type":"EntryPoint","urlTemplate":"https:\/\/footdavant.fr\/actualites\/?s={search_term_string}"},"query-input":"required name=search_term_string"}],"inLanguage":"fr-FR"},{"@type":"Organization","@id":"https:\/\/footdavant.fr\/actualites\/#organization","name":"Foot d'avant","url":"https:\/\/footdavant.fr\/actualites\/","logo":{"@type":"ImageObject","inLanguage":"fr-FR","@id":"https:\/\/footdavant.fr\/actualites\/#\/schema\/logo\/image\/","url":"https:\/\/footdavant.fr\/actualites\/wp-content\/uploads\/2023\/09\/Copy-of-FootDavant-Logo.png","contentUrl":"https:\/\/footdavant.fr\/actualites\/wp-content\/uploads\/2023\/09\/Copy-of-FootDavant-Logo.png","width":936,"height":549,"caption":"Foot d'avant"},"image":{"@id":"https:\/\/footdavant.fr\/actualites\/#\/schema\/logo\/image\/"},"sameAs":["https:\/\/www.facebook.com\/Footdavant\/","https:\/\/twitter.com\/FootdavantFr","https:\/\/www.instagram.com\/footdavant.fr\/"]},{"@type":"Person","@id":"https:\/\/footdavant.fr\/actualites\/#\/schema\/person\/bc222566d95871b37e597b3ed3ba5e1d","name":"Cl\u00e9ment","image":{"@type":"ImageObject","inLanguage":"fr-FR","@id":"https:\/\/footdavant.fr\/actualites\/#\/schema\/person\/image\/","url":"https:\/\/secure.gravatar.com\/avatar\/7728b29aac2719421e1a9159b2254c44?s=96&d=mm&r=g","contentUrl":"https:\/\/secure.gravatar.com\/avatar\/7728b29aac2719421e1a9159b2254c44?s=96&d=mm&r=g","caption":"Cl\u00e9ment"},"sameAs":["https:\/\/footdavant.fr\/"]}]}},"_links":{"self":[{"href":"https:\/\/footdavant.fr\/actualites\/wp-json\/wp\/v2\/posts\/9705"}],"collection":[{"href":"https:\/\/footdavant.fr\/actualites\/wp-json\/wp\/v2\/posts"}],"about":[{"href":"https:\/\/footdavant.fr\/actualites\/wp-json\/wp\/v2\/types\/post"}],"author":[{"embeddable":true,"href":"https:\/\/footdavant.fr\/actualites\/wp-json\/wp\/v2\/users\/1"}],"replies":[{"embeddable":true,"href":"https:\/\/footdavant.fr\/actualites\/wp-json\/wp\/v2\/comments?post=9705"}],"version-history":[{"count":1,"href":"https:\/\/footdavant.fr\/actualites\/wp-json\/wp\/v2\/posts\/9705\/revisions"}],"predecessor-version":[{"id":9706,"href":"https:\/\/footdavant.fr\/actualites\/wp-json\/wp\/v2\/posts\/9705\/revisions\/9706"}],"wp:featuredmedia":[{"embeddable":true,"href":"https:\/\/footdavant.fr\/actualites\/wp-json\/wp\/v2\/media\/4801"}],"wp:attachment":[{"href":"https:\/\/footdavant.fr\/actualites\/wp-json\/wp\/v2\/media?parent=9705"}],"wp:term":[{"taxonomy":"category","embeddable":true,"href":"https:\/\/footdavant.fr\/actualites\/wp-json\/wp\/v2\/categories?post=9705"},{"taxonomy":"post_tag","embeddable":true,"href":"https:\/\/footdavant.fr\/actualites\/wp-json\/wp\/v2\/tags?post=9705"}],"curies":[{"name":"wp","href":"https:\/\/api.w.org\/{rel}","templated":true}]}}