{"id":976,"date":"2023-11-15T20:59:45","date_gmt":"2023-11-15T19:59:45","guid":{"rendered":"https:\/\/footdavant.fr\/actualites\/regarde-la-bas-un-blog-darsenal\/"},"modified":"2023-11-15T20:59:46","modified_gmt":"2023-11-15T19:59:46","slug":"regarde-la-bas-un-blog-darsenal","status":"publish","type":"post","link":"https:\/\/footdavant.fr\/actualites\/regarde-la-bas-un-blog-darsenal\/","title":{"rendered":"Regarde l\u00e0-bas!  |   &#8230;un blog d&rsquo;Arsenal"},"content":{"rendered":"<div>\n<p>Matin.<\/p>\n<p>M\u00eame si j&rsquo;aurais aim\u00e9 tirer un trait sur toute l&rsquo;affaire de l&rsquo;arbitrage de Newcastle \u00e0 ce stade, nous avons eu gracieusement acc\u00e8s \u00e0 l&rsquo;audio du but d&rsquo;Anthony Gordon dans l&rsquo;ex\u00e9crable \u00e9mission t\u00e9l\u00e9vis\u00e9e de Howard Webb\/Michael Owen hier soir.  Pour \u00eatre clair, je n&rsquo;ai pas regard\u00e9 l&rsquo;\u00e9mission, juste le clip qui circulait, et dix jours apr\u00e8s l&rsquo;incident \u2013 \u200b\u200bsuffisamment de temps pour que chacun puisse mettre son histoire au clair \u2013 nous avons entendu le processus par lequel ils sont parvenus \u00e0 la d\u00e9cision qu&rsquo;ils ont prise. .<\/p>\n<p>Je n&rsquo;insulterai pas votre intelligence en entrant dans les d\u00e9tails.  D\u00e8s le d\u00e9part, il semblait qu&rsquo;ils n&rsquo;\u00e9taient pas int\u00e9ress\u00e9s par l&rsquo;id\u00e9e de la faute, et lorsqu&rsquo;un arbitre qualifi\u00e9 dit \u00ab\u00a0Je vois deux mains sur son dos&#8230;\u00a0\u00bb alors que Gabriel essayait de se baisser pour d\u00e9gager une t\u00eate, il passe compl\u00e8tement sous silence cela, tu sais que tout cela n&rsquo;a aucun sens.  Surtout apr\u00e8s un week-end o\u00f9 le moindre coup de coude de Bukayo Saka est donn\u00e9 comme une faute et personne ne conteste cela \u2013 car nous reconnaissons tous une faute quand nous en voyons une.  Sauf ces clowns.<\/p>\n<p>Ce qui est insultant dans tout cela, c&rsquo;est que le but n&rsquo;\u00e9tait m\u00eame pas la plus grosse erreur des officiels de la soir\u00e9e.  Je sais ce que je pense de la faute, mais pour les besoins de l&rsquo;argumentation, faisons comme si c&rsquo;\u00e9tait vaguement subjectif (m\u00eame si ce n&rsquo;est pas le cas).  C&rsquo;est l&rsquo;avant-bras de Bruno Guimaraes \u00e0 l&rsquo;arri\u00e8re de la t\u00eate de Jorginho qui constitue la grosse erreur.<\/p>\n<p>\u00c9coutons l&rsquo;audio de cela.<\/p>\n<p>Non.<\/p>\n<p>Ok, alors entrez quelques d\u00e9tails sur la fa\u00e7on dont cette d\u00e9cision a \u00e9t\u00e9 prise\u00a0?<\/p>\n<p>Non.<\/p>\n<p>Ce qui se passe, c&rsquo;est qu&rsquo;Owen mentionne d&rsquo;autres incidents impliquant Kai Havertz et Guimaraes, et Howard Webb, pensant qu&rsquo;il est si intelligent, dit au cours des 12 secondes : \u00ab Ouais, c&rsquo;\u00e9tait un match assez charg\u00e9, n&rsquo;est-ce pas ?  Il se passe beaucoup de choses dans ce match important.  Et oui, quelques situations o\u00f9\u2026 vous savez\u2026 \u00e0 la lumi\u00e8re froide de l\u2019analyse du jour que nous traversons, \u00e0 l\u2019avenir, nous nous attendrions \u00e0 des cartons rouges dans ces deux situations.<\/p>\n<p>C&rsquo;est \u00e7a.  Ils doivent penser que nous sommes des idiots.  \u00ab\u00a0Regarde l\u00e0-bas!\u00a0\u00bb<\/p>\n<p>Comme je l&rsquo;ai dit pr\u00e9c\u00e9demment, j&rsquo;aurais pu vivre avec un Havertz rouge s&rsquo;il m&rsquo;avait \u00e9t\u00e9 donn\u00e9.  Je ne peux pas comprendre \u00e0 quel point une conduite violente comme celle-ci a \u00e9t\u00e9 n\u00e9glig\u00e9e et \u00e9voqu\u00e9e du bout des l\u00e8vres par Webb, l&rsquo;homme qui est litt\u00e9ralement en charge des normes d&rsquo;arbitrage.  Dire qu&rsquo;il s&rsquo;attendrait \u00e0 un carton rouge \u00e0 l&rsquo;avenir n&rsquo;excuse pas ses responsables pour ce qui \u00e9tait un manquement \u00e0 leur devoir ce soir-l\u00e0.  Frapper quelqu\u2019un \u00e0 la t\u00eate volontairement, quelle que soit la partie du bras, est un carton rouge \u2013 il n\u2019y a aucune excuse pour manquer quelque chose d\u2019aussi \u00e9vident que cela.  Et que le patron de PGMOL paye, c&rsquo;est une telle \u00e9pargne que c&rsquo;est inacceptable.  Il s\u2019agit d\u2019un exercice d\u2019autoprotection, sans v\u00e9ritable reconnaissance du fait qu\u2019il ignore sa mission principale \u00e0 ce poste.<\/p>\n<p>J&rsquo;imagine quand m\u00eame l&rsquo;audio.<\/p>\n<p>: \u00ab\u00a0Mec, il l&rsquo;a frapp\u00e9 \u00e0 la t\u00eate l\u00e0 ?\u00a0\u00bb<\/p>\n<p>: \u00ab\u00a0Ouais, Madser, il l&rsquo;a d\u00e9finitivement frapp\u00e9.\u00a0\u00bb<\/p>\n<p>: \u00ab\u00a0Merci Tugger.  Devrions-nous dire \u00e0 Stu-pot d\u2019arr\u00eater le jeu ?<\/p>\n<p>: \u00ab Nan mon pote, la foule est d\u00e9j\u00e0 tr\u00e8s en col\u00e8re.  Ils pourraient \u00eatre encore plus en col\u00e8re contre lui.<\/p>\n<p>: \u00ab\u00a0Il se passe quelque chose l\u00e0-bas, mes effront\u00e9s ?\u00a0\u00bb<\/p>\n<p>: \u00ab\u00a0Ne vous inqui\u00e9tez pas Attser, nous l&rsquo;avons.\u00a0\u00bb<\/p>\n<p>: \u00ab\u00a0Disons que c&rsquo;\u00e9tait son avant-bras et pas un coude !\u00a0\u00bb<\/p>\n<p>: \u00ab\u00a0C&rsquo;est dans le r\u00e8glement ?\u00a0\u00bb<\/p>\n<p>: <em>*jette le livret de r\u00e8gles \u00e0 la poubelle*<\/em> \u2013 \u00ab Je ne vois rien l\u00e0, cocker !<\/p>\n<p>: \u00ab\u00a0MDR\u00a0\u00bb<\/p>\n<p>: \u00ab LMFAO \u00bb<\/p>\n<p>: \u00ab\u00a0ROFL\u00a0\u00bb<\/p>\n<p>: \u00ab Bon sang ?!  WASSSUUUPPPPPPP ?<\/p>\n<p>: \u00ab\u00a0Jouer sur.  Il n\u2019y a rien \u00e0 craindre.<\/p>\n<p>: \u00ab\u00a0Le boulot, c&rsquo;est Oxo, S-Dog !\u00a0\u00bb<\/p>\n<p>: \u00ab\u00a0Swish.  Nous pourrons en discuter davantage plus tard lorsque les Trois Amigos arriveront en ville !<\/p>\n<p> [together]: \u00ab\u00a0Un pour tous et tous pour un!\u00a0\u00bb<\/p>\n<p>*pause*<\/p>\n<p> [barely audible]: \u00ab\u00a0C&rsquo;est les trois mousquetaires, esp\u00e8ce d&rsquo;imb\u00e9ciles.\u00a0\u00bb<\/p>\n<p>Cette fausse transparence de PGMOL ne devrait tromper personne.  Le processus semble chaotique et loin d\u2019\u00eatre assez professionnel pour un sport d\u2019\u00e9lite, et l\u2019\u00e9mission t\u00e9l\u00e9vis\u00e9e elle-m\u00eame n\u2019est que du fluff.  M\u00eame sur les pires r\u00e9seaux sociaux, des trucs comme celui-ci sont accompagn\u00e9s du mot \u00ab\u00a0AD\u00a0\u00bb en haut, car c&rsquo;est tout.  Des conneries floues qui pourraient en tromper certains mais qui ne font que soulever davantage de questions pour ceux qui peuvent si facilement voir derri\u00e8re le rideau.<\/p>\n<p>Ils peuvent aller \u00e0 la poubelle.  Ou la mer.  Ou une poubelle qui se trouve \u00e0 la mer.  Sous la mer, en fait.<\/p>\n<p>Jusqu&rsquo;\u00e0 demain.<\/p>\n<\/div>\n","protected":false},"excerpt":{"rendered":"<p>Matin. M\u00eame si j&rsquo;aurais aim\u00e9 tirer un trait sur toute l&rsquo;affaire de l&rsquo;arbitrage de Newcastle \u00e0 ce stade, nous avons eu gracieusement acc\u00e8s \u00e0 l&rsquo;audio<\/p>\n","protected":false},"author":1,"featured_media":977,"comment_status":"closed","ping_status":"","sticky":false,"template":"","format":"standard","meta":{"footnotes":""},"categories":[3],"tags":[57,58,59,1066,1131],"yoast_head":"<!-- This site is optimized with the Yoast SEO plugin v21.0 - https:\/\/yoast.com\/wordpress\/plugins\/seo\/ -->\n<title>Regarde l\u00e0-bas! |  ...un blog d&#039;Arsenal<\/title>\n<meta name=\"robots\" content=\"index, follow, max-snippet:-1, max-image-preview:large, max-video-preview:-1\" \/>\n<link rel=\"canonical\" href=\"https:\/\/footdavant.fr\/actualites\/regarde-la-bas-un-blog-darsenal\/\" \/>\n<meta property=\"og:locale\" content=\"fr_FR\" \/>\n<meta property=\"og:type\" content=\"article\" \/>\n<meta property=\"og:title\" content=\"Regarde l\u00e0-bas! |  ...un blog d&#039;Arsenal\" \/>\n<meta property=\"og:description\" content=\"Matin. M\u00eame si j&rsquo;aurais aim\u00e9 tirer un trait sur toute l&rsquo;affaire de l&rsquo;arbitrage de Newcastle \u00e0 ce stade, nous avons eu gracieusement acc\u00e8s \u00e0 l&rsquo;audio\" \/>\n<meta property=\"og:url\" content=\"https:\/\/footdavant.fr\/actualites\/regarde-la-bas-un-blog-darsenal\/\" \/>\n<meta property=\"og:site_name\" content=\"Foot d&#039;avant\" \/>\n<meta property=\"article:publisher\" content=\"https:\/\/www.facebook.com\/Footdavant\/\" \/>\n<meta property=\"article:published_time\" content=\"2023-11-15T19:59:45+00:00\" \/>\n<meta property=\"article:modified_time\" content=\"2023-11-15T19:59:46+00:00\" \/>\n<meta property=\"og:image\" content=\"https:\/\/footdavant.fr\/actualites\/wp-content\/uploads\/2023\/11\/Regarde-la-bas-un-blog-dArsenal.jpg\" \/>\n\t<meta property=\"og:image:width\" content=\"1500\" \/>\n\t<meta property=\"og:image:height\" content=\"750\" \/>\n\t<meta property=\"og:image:type\" content=\"image\/jpeg\" \/>\n<meta name=\"author\" content=\"Cl\u00e9ment\" \/>\n<meta name=\"twitter:card\" content=\"summary_large_image\" \/>\n<meta name=\"twitter:creator\" content=\"@FootdavantFr\" \/>\n<meta name=\"twitter:site\" content=\"@FootdavantFr\" \/>\n<meta name=\"twitter:label1\" content=\"\u00c9crit par\" \/>\n\t<meta name=\"twitter:data1\" content=\"Cl\u00e9ment\" \/>\n\t<meta name=\"twitter:label2\" content=\"Dur\u00e9e de lecture estim\u00e9e\" \/>\n\t<meta name=\"twitter:data2\" content=\"4 minutes\" \/>\n<script type=\"application\/ld+json\" class=\"yoast-schema-graph\">{\"@context\":\"https:\/\/schema.org\",\"@graph\":[{\"@type\":\"Article\",\"@id\":\"https:\/\/footdavant.fr\/actualites\/regarde-la-bas-un-blog-darsenal\/#article\",\"isPartOf\":{\"@id\":\"https:\/\/footdavant.fr\/actualites\/regarde-la-bas-un-blog-darsenal\/\"},\"author\":{\"name\":\"Cl\u00e9ment\",\"@id\":\"https:\/\/footdavant.fr\/actualites\/#\/schema\/person\/bc222566d95871b37e597b3ed3ba5e1d\"},\"headline\":\"Regarde l\u00e0-bas! | &#8230;un blog d&rsquo;Arsenal\",\"datePublished\":\"2023-11-15T19:59:45+00:00\",\"dateModified\":\"2023-11-15T19:59:46+00:00\",\"mainEntityOfPage\":{\"@id\":\"https:\/\/footdavant.fr\/actualites\/regarde-la-bas-un-blog-darsenal\/\"},\"wordCount\":804,\"publisher\":{\"@id\":\"https:\/\/footdavant.fr\/actualites\/#organization\"},\"keywords\":[\"...un\",\"blog\",\"dArsenal\",\"l\u00e0bas\",\"Regarde\"],\"articleSection\":[\"Football\"],\"inLanguage\":\"fr-FR\"},{\"@type\":\"WebPage\",\"@id\":\"https:\/\/footdavant.fr\/actualites\/regarde-la-bas-un-blog-darsenal\/\",\"url\":\"https:\/\/footdavant.fr\/actualites\/regarde-la-bas-un-blog-darsenal\/\",\"name\":\"Regarde l\u00e0-bas! | ...un blog d'Arsenal\",\"isPartOf\":{\"@id\":\"https:\/\/footdavant.fr\/actualites\/#website\"},\"datePublished\":\"2023-11-15T19:59:45+00:00\",\"dateModified\":\"2023-11-15T19:59:46+00:00\",\"breadcrumb\":{\"@id\":\"https:\/\/footdavant.fr\/actualites\/regarde-la-bas-un-blog-darsenal\/#breadcrumb\"},\"inLanguage\":\"fr-FR\",\"potentialAction\":[{\"@type\":\"ReadAction\",\"target\":[\"https:\/\/footdavant.fr\/actualites\/regarde-la-bas-un-blog-darsenal\/\"]}]},{\"@type\":\"BreadcrumbList\",\"@id\":\"https:\/\/footdavant.fr\/actualites\/regarde-la-bas-un-blog-darsenal\/#breadcrumb\",\"itemListElement\":[{\"@type\":\"ListItem\",\"position\":1,\"name\":\"Accueil\",\"item\":\"https:\/\/footdavant.fr\/actualites\/\"},{\"@type\":\"ListItem\",\"position\":2,\"name\":\"Regarde l\u00e0-bas! | &#8230;un blog d&rsquo;Arsenal\"}]},{\"@type\":\"WebSite\",\"@id\":\"https:\/\/footdavant.fr\/actualites\/#website\",\"url\":\"https:\/\/footdavant.fr\/actualites\/\",\"name\":\"Foot d'avant\",\"description\":\"\",\"publisher\":{\"@id\":\"https:\/\/footdavant.fr\/actualites\/#organization\"},\"potentialAction\":[{\"@type\":\"SearchAction\",\"target\":{\"@type\":\"EntryPoint\",\"urlTemplate\":\"https:\/\/footdavant.fr\/actualites\/?s={search_term_string}\"},\"query-input\":\"required name=search_term_string\"}],\"inLanguage\":\"fr-FR\"},{\"@type\":\"Organization\",\"@id\":\"https:\/\/footdavant.fr\/actualites\/#organization\",\"name\":\"Foot d'avant\",\"url\":\"https:\/\/footdavant.fr\/actualites\/\",\"logo\":{\"@type\":\"ImageObject\",\"inLanguage\":\"fr-FR\",\"@id\":\"https:\/\/footdavant.fr\/actualites\/#\/schema\/logo\/image\/\",\"url\":\"https:\/\/footdavant.fr\/actualites\/wp-content\/uploads\/2023\/09\/Copy-of-FootDavant-Logo.png\",\"contentUrl\":\"https:\/\/footdavant.fr\/actualites\/wp-content\/uploads\/2023\/09\/Copy-of-FootDavant-Logo.png\",\"width\":936,\"height\":549,\"caption\":\"Foot d'avant\"},\"image\":{\"@id\":\"https:\/\/footdavant.fr\/actualites\/#\/schema\/logo\/image\/\"},\"sameAs\":[\"https:\/\/www.facebook.com\/Footdavant\/\",\"https:\/\/twitter.com\/FootdavantFr\",\"https:\/\/www.instagram.com\/footdavant.fr\/\"]},{\"@type\":\"Person\",\"@id\":\"https:\/\/footdavant.fr\/actualites\/#\/schema\/person\/bc222566d95871b37e597b3ed3ba5e1d\",\"name\":\"Cl\u00e9ment\",\"image\":{\"@type\":\"ImageObject\",\"inLanguage\":\"fr-FR\",\"@id\":\"https:\/\/footdavant.fr\/actualites\/#\/schema\/person\/image\/\",\"url\":\"https:\/\/secure.gravatar.com\/avatar\/7728b29aac2719421e1a9159b2254c44?s=96&d=mm&r=g\",\"contentUrl\":\"https:\/\/secure.gravatar.com\/avatar\/7728b29aac2719421e1a9159b2254c44?s=96&d=mm&r=g\",\"caption\":\"Cl\u00e9ment\"},\"sameAs\":[\"https:\/\/footdavant.fr\/\"]}]}<\/script>\n<!-- \/ Yoast SEO plugin. -->","yoast_head_json":{"title":"Regarde l\u00e0-bas! |  ...un blog d'Arsenal","robots":{"index":"index","follow":"follow","max-snippet":"max-snippet:-1","max-image-preview":"max-image-preview:large","max-video-preview":"max-video-preview:-1"},"canonical":"https:\/\/footdavant.fr\/actualites\/regarde-la-bas-un-blog-darsenal\/","og_locale":"fr_FR","og_type":"article","og_title":"Regarde l\u00e0-bas! |  ...un blog d'Arsenal","og_description":"Matin. M\u00eame si j&rsquo;aurais aim\u00e9 tirer un trait sur toute l&rsquo;affaire de l&rsquo;arbitrage de Newcastle \u00e0 ce stade, nous avons eu gracieusement acc\u00e8s \u00e0 l&rsquo;audio","og_url":"https:\/\/footdavant.fr\/actualites\/regarde-la-bas-un-blog-darsenal\/","og_site_name":"Foot d&#039;avant","article_publisher":"https:\/\/www.facebook.com\/Footdavant\/","article_published_time":"2023-11-15T19:59:45+00:00","article_modified_time":"2023-11-15T19:59:46+00:00","og_image":[{"width":1500,"height":750,"url":"https:\/\/footdavant.fr\/actualites\/wp-content\/uploads\/2023\/11\/Regarde-la-bas-un-blog-dArsenal.jpg","type":"image\/jpeg"}],"author":"Cl\u00e9ment","twitter_card":"summary_large_image","twitter_creator":"@FootdavantFr","twitter_site":"@FootdavantFr","twitter_misc":{"\u00c9crit par":"Cl\u00e9ment","Dur\u00e9e de lecture estim\u00e9e":"4 minutes"},"schema":{"@context":"https:\/\/schema.org","@graph":[{"@type":"Article","@id":"https:\/\/footdavant.fr\/actualites\/regarde-la-bas-un-blog-darsenal\/#article","isPartOf":{"@id":"https:\/\/footdavant.fr\/actualites\/regarde-la-bas-un-blog-darsenal\/"},"author":{"name":"Cl\u00e9ment","@id":"https:\/\/footdavant.fr\/actualites\/#\/schema\/person\/bc222566d95871b37e597b3ed3ba5e1d"},"headline":"Regarde l\u00e0-bas! | &#8230;un blog d&rsquo;Arsenal","datePublished":"2023-11-15T19:59:45+00:00","dateModified":"2023-11-15T19:59:46+00:00","mainEntityOfPage":{"@id":"https:\/\/footdavant.fr\/actualites\/regarde-la-bas-un-blog-darsenal\/"},"wordCount":804,"publisher":{"@id":"https:\/\/footdavant.fr\/actualites\/#organization"},"keywords":["...un","blog","dArsenal","l\u00e0bas","Regarde"],"articleSection":["Football"],"inLanguage":"fr-FR"},{"@type":"WebPage","@id":"https:\/\/footdavant.fr\/actualites\/regarde-la-bas-un-blog-darsenal\/","url":"https:\/\/footdavant.fr\/actualites\/regarde-la-bas-un-blog-darsenal\/","name":"Regarde l\u00e0-bas! | ...un blog d'Arsenal","isPartOf":{"@id":"https:\/\/footdavant.fr\/actualites\/#website"},"datePublished":"2023-11-15T19:59:45+00:00","dateModified":"2023-11-15T19:59:46+00:00","breadcrumb":{"@id":"https:\/\/footdavant.fr\/actualites\/regarde-la-bas-un-blog-darsenal\/#breadcrumb"},"inLanguage":"fr-FR","potentialAction":[{"@type":"ReadAction","target":["https:\/\/footdavant.fr\/actualites\/regarde-la-bas-un-blog-darsenal\/"]}]},{"@type":"BreadcrumbList","@id":"https:\/\/footdavant.fr\/actualites\/regarde-la-bas-un-blog-darsenal\/#breadcrumb","itemListElement":[{"@type":"ListItem","position":1,"name":"Accueil","item":"https:\/\/footdavant.fr\/actualites\/"},{"@type":"ListItem","position":2,"name":"Regarde l\u00e0-bas! | &#8230;un blog d&rsquo;Arsenal"}]},{"@type":"WebSite","@id":"https:\/\/footdavant.fr\/actualites\/#website","url":"https:\/\/footdavant.fr\/actualites\/","name":"Foot d'avant","description":"","publisher":{"@id":"https:\/\/footdavant.fr\/actualites\/#organization"},"potentialAction":[{"@type":"SearchAction","target":{"@type":"EntryPoint","urlTemplate":"https:\/\/footdavant.fr\/actualites\/?s={search_term_string}"},"query-input":"required name=search_term_string"}],"inLanguage":"fr-FR"},{"@type":"Organization","@id":"https:\/\/footdavant.fr\/actualites\/#organization","name":"Foot d'avant","url":"https:\/\/footdavant.fr\/actualites\/","logo":{"@type":"ImageObject","inLanguage":"fr-FR","@id":"https:\/\/footdavant.fr\/actualites\/#\/schema\/logo\/image\/","url":"https:\/\/footdavant.fr\/actualites\/wp-content\/uploads\/2023\/09\/Copy-of-FootDavant-Logo.png","contentUrl":"https:\/\/footdavant.fr\/actualites\/wp-content\/uploads\/2023\/09\/Copy-of-FootDavant-Logo.png","width":936,"height":549,"caption":"Foot d'avant"},"image":{"@id":"https:\/\/footdavant.fr\/actualites\/#\/schema\/logo\/image\/"},"sameAs":["https:\/\/www.facebook.com\/Footdavant\/","https:\/\/twitter.com\/FootdavantFr","https:\/\/www.instagram.com\/footdavant.fr\/"]},{"@type":"Person","@id":"https:\/\/footdavant.fr\/actualites\/#\/schema\/person\/bc222566d95871b37e597b3ed3ba5e1d","name":"Cl\u00e9ment","image":{"@type":"ImageObject","inLanguage":"fr-FR","@id":"https:\/\/footdavant.fr\/actualites\/#\/schema\/person\/image\/","url":"https:\/\/secure.gravatar.com\/avatar\/7728b29aac2719421e1a9159b2254c44?s=96&d=mm&r=g","contentUrl":"https:\/\/secure.gravatar.com\/avatar\/7728b29aac2719421e1a9159b2254c44?s=96&d=mm&r=g","caption":"Cl\u00e9ment"},"sameAs":["https:\/\/footdavant.fr\/"]}]}},"_links":{"self":[{"href":"https:\/\/footdavant.fr\/actualites\/wp-json\/wp\/v2\/posts\/976"}],"collection":[{"href":"https:\/\/footdavant.fr\/actualites\/wp-json\/wp\/v2\/posts"}],"about":[{"href":"https:\/\/footdavant.fr\/actualites\/wp-json\/wp\/v2\/types\/post"}],"author":[{"embeddable":true,"href":"https:\/\/footdavant.fr\/actualites\/wp-json\/wp\/v2\/users\/1"}],"replies":[{"embeddable":true,"href":"https:\/\/footdavant.fr\/actualites\/wp-json\/wp\/v2\/comments?post=976"}],"version-history":[{"count":1,"href":"https:\/\/footdavant.fr\/actualites\/wp-json\/wp\/v2\/posts\/976\/revisions"}],"predecessor-version":[{"id":978,"href":"https:\/\/footdavant.fr\/actualites\/wp-json\/wp\/v2\/posts\/976\/revisions\/978"}],"wp:featuredmedia":[{"embeddable":true,"href":"https:\/\/footdavant.fr\/actualites\/wp-json\/wp\/v2\/media\/977"}],"wp:attachment":[{"href":"https:\/\/footdavant.fr\/actualites\/wp-json\/wp\/v2\/media?parent=976"}],"wp:term":[{"taxonomy":"category","embeddable":true,"href":"https:\/\/footdavant.fr\/actualites\/wp-json\/wp\/v2\/categories?post=976"},{"taxonomy":"post_tag","embeddable":true,"href":"https:\/\/footdavant.fr\/actualites\/wp-json\/wp\/v2\/tags?post=976"}],"curies":[{"name":"wp","href":"https:\/\/api.w.org\/{rel}","templated":true}]}}