{"id":9890,"date":"2024-06-14T22:48:09","date_gmt":"2024-06-14T20:48:09","guid":{"rendered":"https:\/\/footdavant.fr\/actualites\/rumeurs-de-transfert-palhinha-au-bayern-obrien-a-everton-marcondes-a-norwich\/"},"modified":"2024-06-14T22:48:09","modified_gmt":"2024-06-14T20:48:09","slug":"rumeurs-de-transfert-palhinha-au-bayern-obrien-a-everton-marcondes-a-norwich","status":"publish","type":"post","link":"https:\/\/footdavant.fr\/actualites\/rumeurs-de-transfert-palhinha-au-bayern-obrien-a-everton-marcondes-a-norwich\/","title":{"rendered":"Rumeurs de transfert : Palhinha au Bayern, O&#39;Brien \u00e0 Everton, Marcondes \u00e0 Norwich"},"content":{"rendered":"<p>Sports Mole rassemble les derni\u00e8res rumeurs de transfert, notamment Joao Palhinha au Bayern Munich, Jake O&#39;Brien \u00e0 Everton, Emiliano Marcondes \u00e0 Norwich City.<\/p>\n<div id=\"article_body\" itemprop=\"articleBody\">\n<h3 class=\"firstPara\">\n<strong class=\"autotag\">Bayern Munich<\/strong> auraient raviv\u00e9 leur int\u00e9r\u00eat pour <strong class=\"autotag\">Fulham<\/strong> milieu de terrain <strong class=\"autotag\">Jo\u00e3o Palhinha<\/strong>.<\/h3>\n<p>Les g\u00e9ants de la Bundesliga ont failli signer l&#39;international portugais lors du mercato de l&#39;\u00e9t\u00e9 dernier, mais le projet de transfert \u00e0 l&#39;Allianz Arena a \u00e9chou\u00e9 au dernier moment.<\/p>\n<p>Palhinha a de nouveau \u00e9t\u00e9 un joueur essentiel pour Fulham lors de la campagne 2023-24, faisant 39 apparitions toutes comp\u00e9titions confondues, et il fait d\u00e9sormais partie de l&#39;\u00e9quipe du Portugal se pr\u00e9parant pour l&#39;Euro 2024.<\/p>\n<p>Selon le journaliste <strong class=\"autotag\">Florian Plettenberg<\/strong>le Bayern a raviv\u00e9 son int\u00e9r\u00eat, les g\u00e9ants munichois \u00e9tant confiants d&#39;obtenir sa signature cet \u00e9t\u00e9.<\/p>\n<p>Plettenberg affirme qu&#39;un accord verbal est d\u00e9j\u00e0 en place en termes de conditions personnelles, avec un contrat sur la table jusqu&#39;en juin 2028, tandis que Fulham devrait accepter une offre comprise entre 40 millions d&#39;euros (34 millions de livres sterling) et 45 millions d&#39;euros (38 millions de livres sterling).<\/p>\n<p class=\"imgI\">\n<p>Pendant ce temps, selon le <em>Ind\u00e9pendant irlandais<\/em>, <strong class=\"autotag\">Everton<\/strong> envisagent de d\u00e9m\u00e9nager pour <strong class=\"autotag\">Lyon<\/strong> d\u00e9fenseur <strong class=\"autotag\">Jake O&#39;Brien<\/strong> lors du mercato de cet \u00e9t\u00e9.<\/p>\n<p>Le joueur de 23 ans a suivi le syst\u00e8me des jeunes de Cork City avant de rejoindre Crystal Palace en 2021, mais il n&#39;a pas r\u00e9ussi \u00e0 faire une apparition en \u00e9quipe premi\u00e8re pour les Eagles avant de passer \u00e0 Lyon en ao\u00fbt 2023.<\/p>\n<p>O&#39;Brien a jou\u00e9 \u00e0 32 reprises pour son club fran\u00e7ais la saison derni\u00e8re, marquant cinq fois au passage, et plusieurs clubs seraient int\u00e9ress\u00e9s par sa signature.<\/p>\n<p>Everton envisagerait un changement pour le d\u00e9fenseur, mais <strong class=\"autotag\">Borussia Dortmund<\/strong> sont \u00e9galement d\u00e9sireux d\u2019explorer un accord cet \u00e9t\u00e9.<\/p>\n<p><strong class=\"autotag\">AC Milan<\/strong> sont un autre club qui garderait un \u0153il sur la situation, Lyon \u00e9tant confront\u00e9 \u00e0 une \u00e9norme bataille pour conserver le d\u00e9fenseur central.<\/p>\n<p class=\"imgI\"><img decoding=\"async\" loading=\"lazy\" class=\"l\" src=\"https:\/\/footdavant.fr\/actualites\/wp-content\/uploads\/2024\/06\/1718398089_751_Rumeurs-de-transfert-Palhinha-au-Bayern-O39Brien-a-Everton.jpg\" title=\"Johannes Hoff Thorup, entra\u00eeneur du FC Nordsjaelland, avant le match du 21 septembre 2023\" alt=\"Johannes Hoff Thorup, entra\u00eeneur du FC Nordsjaelland, avant le match du 21 septembre 2023\" width=\"640\" height=\"480\"><\/p>\n<p>Autre part, <strong class=\"autotag\">Ville de Norwich<\/strong> seraient int\u00e9ress\u00e9s \u00e0 signer <strong class=\"autotag\">Bournemouth<\/strong> attaquant <strong class=\"autotag\">Emiliano Marcondes<\/strong> sur un transfert gratuit \u00e0 la fin du mois.<\/p>\n<p>Le contrat du joueur de 29 ans avec les Cherries expirera le 30 juin et il devrait quitter le Vitality Stadium \u00e0 la recherche de nouveaux p\u00e2turages.<\/p>\n<p>Selon <em>Initi\u00e9 au football<\/em>Norwich souhaite recruter Marcondes, mais les Canaries seront confront\u00e9s \u00e0 la concurrence d&#39;un certain nombre d&#39;autres clubs de championnat.<\/p>\n<p>Le Danois a pass\u00e9 la seconde moiti\u00e9 de la saison derni\u00e8re en pr\u00eat \u00e0 Hibernian, marquant trois buts en 17 apparitions pour l&#39;\u00e9quipe \u00e9cossaise.<\/p>\n<p>Pendant ce temps, il a repr\u00e9sent\u00e9 Bournemouth \u00e0 24 reprises depuis son arriv\u00e9e de Brentford en 2021, marquant sept fois et enregistrant une passe d\u00e9cisive.<\/p>\n<p>On pense \u00e9galement que les Danois susciteront un int\u00e9r\u00eat significatif pour Marcondes cet \u00e9t\u00e9.<\/p>\n<\/div>\n","protected":false},"excerpt":{"rendered":"<p>Sports Mole rassemble les derni\u00e8res rumeurs de transfert, notamment Joao Palhinha au Bayern Munich, Jake O&#39;Brien \u00e0 Everton, Emiliano Marcondes \u00e0 Norwich City. Bayern Munich<\/p>\n","protected":false},"author":1,"featured_media":9891,"comment_status":"closed","ping_status":"","sticky":false,"template":"","format":"standard","meta":{"footnotes":""},"categories":[5],"tags":[340,310,5348,3156,5347,345,976,700],"yoast_head":"<!-- This site is optimized with the Yoast SEO plugin v21.0 - https:\/\/yoast.com\/wordpress\/plugins\/seo\/ -->\n<title>Rumeurs de transfert : Palhinha au Bayern, O&#039;Brien \u00e0 Everton, Marcondes \u00e0 Norwich<\/title>\n<meta name=\"robots\" content=\"index, follow, max-snippet:-1, max-image-preview:large, max-video-preview:-1\" \/>\n<link rel=\"canonical\" href=\"https:\/\/footdavant.fr\/actualites\/rumeurs-de-transfert-palhinha-au-bayern-obrien-a-everton-marcondes-a-norwich\/\" \/>\n<meta property=\"og:locale\" content=\"fr_FR\" \/>\n<meta property=\"og:type\" content=\"article\" \/>\n<meta property=\"og:title\" content=\"Rumeurs de transfert : Palhinha au Bayern, O&#039;Brien \u00e0 Everton, Marcondes \u00e0 Norwich\" \/>\n<meta property=\"og:description\" content=\"Sports Mole rassemble les derni\u00e8res rumeurs de transfert, notamment Joao Palhinha au Bayern Munich, Jake O&#039;Brien \u00e0 Everton, Emiliano Marcondes \u00e0 Norwich City. Bayern Munich\" \/>\n<meta property=\"og:url\" content=\"https:\/\/footdavant.fr\/actualites\/rumeurs-de-transfert-palhinha-au-bayern-obrien-a-everton-marcondes-a-norwich\/\" \/>\n<meta property=\"og:site_name\" content=\"Foot d&#039;avant\" \/>\n<meta property=\"article:publisher\" content=\"https:\/\/www.facebook.com\/Footdavant\/\" \/>\n<meta property=\"article:published_time\" content=\"2024-06-14T20:48:09+00:00\" \/>\n<meta property=\"og:image\" content=\"https:\/\/footdavant.fr\/actualites\/wp-content\/uploads\/2024\/06\/Rumeurs-de-transfert-Palhinha-au-Bayern-O39Brien-a-Everton.jpg\" \/>\n\t<meta property=\"og:image:width\" content=\"640\" \/>\n\t<meta property=\"og:image:height\" content=\"480\" \/>\n\t<meta property=\"og:image:type\" content=\"image\/jpeg\" \/>\n<meta name=\"author\" content=\"Cl\u00e9ment\" \/>\n<meta name=\"twitter:card\" content=\"summary_large_image\" \/>\n<meta name=\"twitter:creator\" content=\"@FootdavantFr\" \/>\n<meta name=\"twitter:site\" content=\"@FootdavantFr\" \/>\n<meta name=\"twitter:label1\" content=\"\u00c9crit par\" \/>\n\t<meta name=\"twitter:data1\" content=\"Cl\u00e9ment\" \/>\n\t<meta name=\"twitter:label2\" content=\"Dur\u00e9e de lecture estim\u00e9e\" \/>\n\t<meta name=\"twitter:data2\" content=\"2 minutes\" \/>\n<script type=\"application\/ld+json\" class=\"yoast-schema-graph\">{\"@context\":\"https:\/\/schema.org\",\"@graph\":[{\"@type\":\"Article\",\"@id\":\"https:\/\/footdavant.fr\/actualites\/rumeurs-de-transfert-palhinha-au-bayern-obrien-a-everton-marcondes-a-norwich\/#article\",\"isPartOf\":{\"@id\":\"https:\/\/footdavant.fr\/actualites\/rumeurs-de-transfert-palhinha-au-bayern-obrien-a-everton-marcondes-a-norwich\/\"},\"author\":{\"name\":\"Cl\u00e9ment\",\"@id\":\"https:\/\/footdavant.fr\/actualites\/#\/schema\/person\/bc222566d95871b37e597b3ed3ba5e1d\"},\"headline\":\"Rumeurs de transfert : Palhinha au Bayern, O&#39;Brien \u00e0 Everton, Marcondes \u00e0 Norwich\",\"datePublished\":\"2024-06-14T20:48:09+00:00\",\"dateModified\":\"2024-06-14T20:48:09+00:00\",\"mainEntityOfPage\":{\"@id\":\"https:\/\/footdavant.fr\/actualites\/rumeurs-de-transfert-palhinha-au-bayern-obrien-a-everton-marcondes-a-norwich\/\"},\"wordCount\":476,\"publisher\":{\"@id\":\"https:\/\/footdavant.fr\/actualites\/#organization\"},\"keywords\":[\"Bayern\",\"Everton\",\"Marcondes\",\"Norwich\",\"O39Brien\",\"Palhinha\",\"rumeurs\",\"transfert\"],\"articleSection\":[\"Premier League\"],\"inLanguage\":\"fr-FR\"},{\"@type\":\"WebPage\",\"@id\":\"https:\/\/footdavant.fr\/actualites\/rumeurs-de-transfert-palhinha-au-bayern-obrien-a-everton-marcondes-a-norwich\/\",\"url\":\"https:\/\/footdavant.fr\/actualites\/rumeurs-de-transfert-palhinha-au-bayern-obrien-a-everton-marcondes-a-norwich\/\",\"name\":\"Rumeurs de transfert : Palhinha au Bayern, O&#39;Brien \u00e0 Everton, Marcondes \u00e0 Norwich\",\"isPartOf\":{\"@id\":\"https:\/\/footdavant.fr\/actualites\/#website\"},\"datePublished\":\"2024-06-14T20:48:09+00:00\",\"dateModified\":\"2024-06-14T20:48:09+00:00\",\"breadcrumb\":{\"@id\":\"https:\/\/footdavant.fr\/actualites\/rumeurs-de-transfert-palhinha-au-bayern-obrien-a-everton-marcondes-a-norwich\/#breadcrumb\"},\"inLanguage\":\"fr-FR\",\"potentialAction\":[{\"@type\":\"ReadAction\",\"target\":[\"https:\/\/footdavant.fr\/actualites\/rumeurs-de-transfert-palhinha-au-bayern-obrien-a-everton-marcondes-a-norwich\/\"]}]},{\"@type\":\"BreadcrumbList\",\"@id\":\"https:\/\/footdavant.fr\/actualites\/rumeurs-de-transfert-palhinha-au-bayern-obrien-a-everton-marcondes-a-norwich\/#breadcrumb\",\"itemListElement\":[{\"@type\":\"ListItem\",\"position\":1,\"name\":\"Accueil\",\"item\":\"https:\/\/footdavant.fr\/actualites\/\"},{\"@type\":\"ListItem\",\"position\":2,\"name\":\"Rumeurs de transfert : Palhinha au Bayern, O&#39;Brien \u00e0 Everton, Marcondes \u00e0 Norwich\"}]},{\"@type\":\"WebSite\",\"@id\":\"https:\/\/footdavant.fr\/actualites\/#website\",\"url\":\"https:\/\/footdavant.fr\/actualites\/\",\"name\":\"Foot d'avant\",\"description\":\"\",\"publisher\":{\"@id\":\"https:\/\/footdavant.fr\/actualites\/#organization\"},\"potentialAction\":[{\"@type\":\"SearchAction\",\"target\":{\"@type\":\"EntryPoint\",\"urlTemplate\":\"https:\/\/footdavant.fr\/actualites\/?s={search_term_string}\"},\"query-input\":\"required name=search_term_string\"}],\"inLanguage\":\"fr-FR\"},{\"@type\":\"Organization\",\"@id\":\"https:\/\/footdavant.fr\/actualites\/#organization\",\"name\":\"Foot d'avant\",\"url\":\"https:\/\/footdavant.fr\/actualites\/\",\"logo\":{\"@type\":\"ImageObject\",\"inLanguage\":\"fr-FR\",\"@id\":\"https:\/\/footdavant.fr\/actualites\/#\/schema\/logo\/image\/\",\"url\":\"https:\/\/footdavant.fr\/actualites\/wp-content\/uploads\/2023\/09\/Copy-of-FootDavant-Logo.png\",\"contentUrl\":\"https:\/\/footdavant.fr\/actualites\/wp-content\/uploads\/2023\/09\/Copy-of-FootDavant-Logo.png\",\"width\":936,\"height\":549,\"caption\":\"Foot d'avant\"},\"image\":{\"@id\":\"https:\/\/footdavant.fr\/actualites\/#\/schema\/logo\/image\/\"},\"sameAs\":[\"https:\/\/www.facebook.com\/Footdavant\/\",\"https:\/\/twitter.com\/FootdavantFr\",\"https:\/\/www.instagram.com\/footdavant.fr\/\"]},{\"@type\":\"Person\",\"@id\":\"https:\/\/footdavant.fr\/actualites\/#\/schema\/person\/bc222566d95871b37e597b3ed3ba5e1d\",\"name\":\"Cl\u00e9ment\",\"image\":{\"@type\":\"ImageObject\",\"inLanguage\":\"fr-FR\",\"@id\":\"https:\/\/footdavant.fr\/actualites\/#\/schema\/person\/image\/\",\"url\":\"https:\/\/secure.gravatar.com\/avatar\/7728b29aac2719421e1a9159b2254c44?s=96&d=mm&r=g\",\"contentUrl\":\"https:\/\/secure.gravatar.com\/avatar\/7728b29aac2719421e1a9159b2254c44?s=96&d=mm&r=g\",\"caption\":\"Cl\u00e9ment\"},\"sameAs\":[\"https:\/\/footdavant.fr\/\"]}]}<\/script>\n<!-- \/ Yoast SEO plugin. -->","yoast_head_json":{"title":"Rumeurs de transfert : Palhinha au Bayern, O&#39;Brien \u00e0 Everton, Marcondes \u00e0 Norwich","robots":{"index":"index","follow":"follow","max-snippet":"max-snippet:-1","max-image-preview":"max-image-preview:large","max-video-preview":"max-video-preview:-1"},"canonical":"https:\/\/footdavant.fr\/actualites\/rumeurs-de-transfert-palhinha-au-bayern-obrien-a-everton-marcondes-a-norwich\/","og_locale":"fr_FR","og_type":"article","og_title":"Rumeurs de transfert : Palhinha au Bayern, O&#39;Brien \u00e0 Everton, Marcondes \u00e0 Norwich","og_description":"Sports Mole rassemble les derni\u00e8res rumeurs de transfert, notamment Joao Palhinha au Bayern Munich, Jake O&#39;Brien \u00e0 Everton, Emiliano Marcondes \u00e0 Norwich City. Bayern Munich","og_url":"https:\/\/footdavant.fr\/actualites\/rumeurs-de-transfert-palhinha-au-bayern-obrien-a-everton-marcondes-a-norwich\/","og_site_name":"Foot d&#039;avant","article_publisher":"https:\/\/www.facebook.com\/Footdavant\/","article_published_time":"2024-06-14T20:48:09+00:00","og_image":[{"width":640,"height":480,"url":"https:\/\/footdavant.fr\/actualites\/wp-content\/uploads\/2024\/06\/Rumeurs-de-transfert-Palhinha-au-Bayern-O39Brien-a-Everton.jpg","type":"image\/jpeg"}],"author":"Cl\u00e9ment","twitter_card":"summary_large_image","twitter_creator":"@FootdavantFr","twitter_site":"@FootdavantFr","twitter_misc":{"\u00c9crit par":"Cl\u00e9ment","Dur\u00e9e de lecture estim\u00e9e":"2 minutes"},"schema":{"@context":"https:\/\/schema.org","@graph":[{"@type":"Article","@id":"https:\/\/footdavant.fr\/actualites\/rumeurs-de-transfert-palhinha-au-bayern-obrien-a-everton-marcondes-a-norwich\/#article","isPartOf":{"@id":"https:\/\/footdavant.fr\/actualites\/rumeurs-de-transfert-palhinha-au-bayern-obrien-a-everton-marcondes-a-norwich\/"},"author":{"name":"Cl\u00e9ment","@id":"https:\/\/footdavant.fr\/actualites\/#\/schema\/person\/bc222566d95871b37e597b3ed3ba5e1d"},"headline":"Rumeurs de transfert : Palhinha au Bayern, O&#39;Brien \u00e0 Everton, Marcondes \u00e0 Norwich","datePublished":"2024-06-14T20:48:09+00:00","dateModified":"2024-06-14T20:48:09+00:00","mainEntityOfPage":{"@id":"https:\/\/footdavant.fr\/actualites\/rumeurs-de-transfert-palhinha-au-bayern-obrien-a-everton-marcondes-a-norwich\/"},"wordCount":476,"publisher":{"@id":"https:\/\/footdavant.fr\/actualites\/#organization"},"keywords":["Bayern","Everton","Marcondes","Norwich","O39Brien","Palhinha","rumeurs","transfert"],"articleSection":["Premier League"],"inLanguage":"fr-FR"},{"@type":"WebPage","@id":"https:\/\/footdavant.fr\/actualites\/rumeurs-de-transfert-palhinha-au-bayern-obrien-a-everton-marcondes-a-norwich\/","url":"https:\/\/footdavant.fr\/actualites\/rumeurs-de-transfert-palhinha-au-bayern-obrien-a-everton-marcondes-a-norwich\/","name":"Rumeurs de transfert : Palhinha au Bayern, O&#39;Brien \u00e0 Everton, Marcondes \u00e0 Norwich","isPartOf":{"@id":"https:\/\/footdavant.fr\/actualites\/#website"},"datePublished":"2024-06-14T20:48:09+00:00","dateModified":"2024-06-14T20:48:09+00:00","breadcrumb":{"@id":"https:\/\/footdavant.fr\/actualites\/rumeurs-de-transfert-palhinha-au-bayern-obrien-a-everton-marcondes-a-norwich\/#breadcrumb"},"inLanguage":"fr-FR","potentialAction":[{"@type":"ReadAction","target":["https:\/\/footdavant.fr\/actualites\/rumeurs-de-transfert-palhinha-au-bayern-obrien-a-everton-marcondes-a-norwich\/"]}]},{"@type":"BreadcrumbList","@id":"https:\/\/footdavant.fr\/actualites\/rumeurs-de-transfert-palhinha-au-bayern-obrien-a-everton-marcondes-a-norwich\/#breadcrumb","itemListElement":[{"@type":"ListItem","position":1,"name":"Accueil","item":"https:\/\/footdavant.fr\/actualites\/"},{"@type":"ListItem","position":2,"name":"Rumeurs de transfert : Palhinha au Bayern, O&#39;Brien \u00e0 Everton, Marcondes \u00e0 Norwich"}]},{"@type":"WebSite","@id":"https:\/\/footdavant.fr\/actualites\/#website","url":"https:\/\/footdavant.fr\/actualites\/","name":"Foot d'avant","description":"","publisher":{"@id":"https:\/\/footdavant.fr\/actualites\/#organization"},"potentialAction":[{"@type":"SearchAction","target":{"@type":"EntryPoint","urlTemplate":"https:\/\/footdavant.fr\/actualites\/?s={search_term_string}"},"query-input":"required name=search_term_string"}],"inLanguage":"fr-FR"},{"@type":"Organization","@id":"https:\/\/footdavant.fr\/actualites\/#organization","name":"Foot d'avant","url":"https:\/\/footdavant.fr\/actualites\/","logo":{"@type":"ImageObject","inLanguage":"fr-FR","@id":"https:\/\/footdavant.fr\/actualites\/#\/schema\/logo\/image\/","url":"https:\/\/footdavant.fr\/actualites\/wp-content\/uploads\/2023\/09\/Copy-of-FootDavant-Logo.png","contentUrl":"https:\/\/footdavant.fr\/actualites\/wp-content\/uploads\/2023\/09\/Copy-of-FootDavant-Logo.png","width":936,"height":549,"caption":"Foot d'avant"},"image":{"@id":"https:\/\/footdavant.fr\/actualites\/#\/schema\/logo\/image\/"},"sameAs":["https:\/\/www.facebook.com\/Footdavant\/","https:\/\/twitter.com\/FootdavantFr","https:\/\/www.instagram.com\/footdavant.fr\/"]},{"@type":"Person","@id":"https:\/\/footdavant.fr\/actualites\/#\/schema\/person\/bc222566d95871b37e597b3ed3ba5e1d","name":"Cl\u00e9ment","image":{"@type":"ImageObject","inLanguage":"fr-FR","@id":"https:\/\/footdavant.fr\/actualites\/#\/schema\/person\/image\/","url":"https:\/\/secure.gravatar.com\/avatar\/7728b29aac2719421e1a9159b2254c44?s=96&d=mm&r=g","contentUrl":"https:\/\/secure.gravatar.com\/avatar\/7728b29aac2719421e1a9159b2254c44?s=96&d=mm&r=g","caption":"Cl\u00e9ment"},"sameAs":["https:\/\/footdavant.fr\/"]}]}},"_links":{"self":[{"href":"https:\/\/footdavant.fr\/actualites\/wp-json\/wp\/v2\/posts\/9890"}],"collection":[{"href":"https:\/\/footdavant.fr\/actualites\/wp-json\/wp\/v2\/posts"}],"about":[{"href":"https:\/\/footdavant.fr\/actualites\/wp-json\/wp\/v2\/types\/post"}],"author":[{"embeddable":true,"href":"https:\/\/footdavant.fr\/actualites\/wp-json\/wp\/v2\/users\/1"}],"replies":[{"embeddable":true,"href":"https:\/\/footdavant.fr\/actualites\/wp-json\/wp\/v2\/comments?post=9890"}],"version-history":[{"count":1,"href":"https:\/\/footdavant.fr\/actualites\/wp-json\/wp\/v2\/posts\/9890\/revisions"}],"predecessor-version":[{"id":9892,"href":"https:\/\/footdavant.fr\/actualites\/wp-json\/wp\/v2\/posts\/9890\/revisions\/9892"}],"wp:featuredmedia":[{"embeddable":true,"href":"https:\/\/footdavant.fr\/actualites\/wp-json\/wp\/v2\/media\/9891"}],"wp:attachment":[{"href":"https:\/\/footdavant.fr\/actualites\/wp-json\/wp\/v2\/media?parent=9890"}],"wp:term":[{"taxonomy":"category","embeddable":true,"href":"https:\/\/footdavant.fr\/actualites\/wp-json\/wp\/v2\/categories?post=9890"},{"taxonomy":"post_tag","embeddable":true,"href":"https:\/\/footdavant.fr\/actualites\/wp-json\/wp\/v2\/tags?post=9890"}],"curies":[{"name":"wp","href":"https:\/\/api.w.org\/{rel}","templated":true}]}}