{"id":997,"date":"2023-11-16T08:55:43","date_gmt":"2023-11-16T07:55:43","guid":{"rendered":"https:\/\/footdavant.fr\/actualites\/noel-gallagher-suggere-que-thomas-frank-devrait-remplacer-erik-ten-hag-a-manchester-united\/"},"modified":"2023-11-16T08:55:44","modified_gmt":"2023-11-16T07:55:44","slug":"noel-gallagher-suggere-que-thomas-frank-devrait-remplacer-erik-ten-hag-a-manchester-united","status":"publish","type":"post","link":"https:\/\/footdavant.fr\/actualites\/noel-gallagher-suggere-que-thomas-frank-devrait-remplacer-erik-ten-hag-a-manchester-united\/","title":{"rendered":"Noel Gallagher sugg\u00e8re que Thomas Frank devrait remplacer Erik ten Hag \u00e0 Manchester United \u2013"},"content":{"rendered":"<div id=\"penci-post-entry-inner\">\n<p>\t\t\t<i class=\"penci-post-countview-number-check\" style=\"display:none\">3<\/i><\/p>\n<p>Noel Gallagher, l&rsquo;ancien <em>Oasis<\/em> chanteur et grand fan de Manchester City, a sugg\u00e9r\u00e9 dans une r\u00e9cente interview que Manchester United gagnerait \u00e0 embaucher Thomas Frank.<\/p>\n<p>Selon <em>L&rsquo;\u00e9toile du jour<\/em>le musicien a donn\u00e9 une interview sugg\u00e9rant que les Red Devils avaient fait appel au manager de Brentford pour \u00ab r\u00e9duire les attentes \u00bb du club.<\/p>\n<p>Gallagher peut difficilement \u00eatre d\u00e9crit comme trop sympathique \u00e0 la cause des Diables Rouges. <\/p>\n<p>Lors d&rsquo;une apparition sur la BBC <em>Match du jour<\/em> en 2015, le <em>Les oiseaux volants de Noel Gallagher<\/em> Le musicien a affirm\u00e9 que l\u2019\u00e9quipe d\u2019Old Trafford avait \u00ab eu son temps \u00bb.  En tant qu\u2019expert en surveillance d\u2019un club avec de fausses aubes, je le reconnais.<\/p>\n<p>Le l\u00e9gendaire chanteur de Brit-pop estime que United doit r\u00e9duire ses attentes \u00e0 court terme et que le manager danois semblerait faire l&rsquo;affaire \u00e0 ses yeux. <\/p>\n<p>Gallagher a affirm\u00e9 dans l&rsquo;interview que l&rsquo;\u00e9quipe d&rsquo;Old Trafford avait besoin de \u00ab\u00a0quelqu&rsquo;un comme Thomas Frank pour remodeler correctement ce club de bas en haut\u00a0\u00bb.  Le fan de City a d\u00e9plor\u00e9 l&rsquo;int\u00e9r\u00eat suppos\u00e9 de United \u00e0 toujours courir apr\u00e8s de grands noms flashy comme ils l&rsquo;ont fait avec Paul Pogba.  Le musicien estime que ce genre de joueurs ne sont engag\u00e9s que pour apaiser les fans pendant quelques semaines.<\/p>\n<p>L\u2019ancien leader d\u2019Oasis pr\u00e9dit que les Diables Rouges ont \u00ab boucl\u00e9 la boucle \u00bb.  Il d\u00e9clare qu&rsquo;il se souvient qu&rsquo;avant l&rsquo;arriv\u00e9e de Sir Alex Ferguson au club, United \u00e9tait une \u00ab \u00e9quipe de coupe d\u00e9cente \u00bb et pas grand-chose de plus.<\/p>\n<p>Le club, \u00e0 ses yeux, a besoin d\u2019\u00eatre \u00ab galvanis\u00e9 \u00bb de la m\u00eame mani\u00e8re que le l\u00e9gendaire manager \u00e9cossais a pu le faire au cours des ann\u00e9es 1980. <\/p>\n<p>La derni\u00e8re p\u00e9pite de sagesse offerte par le natif de Manchester, \u00e2g\u00e9 de 56 ans, r\u00e9sonnerait probablement davantage aupr\u00e8s des fans de Man United qu&rsquo;une \u00e9ventuelle nomination de Thomas Frank.<\/p>\n<p>Le guitariste a \u00e9mis l&rsquo;hypoth\u00e8se que le probl\u00e8me ne venait peut-\u00eatre pas tant d&rsquo;Erik ten Hag que du mod\u00e8le de propri\u00e9t\u00e9 actuel.<\/p>\n<p>Gallagher pense que les vrais probl\u00e8mes du club viennent d\u2019en haut, car la famille Glazer \u00ab n\u2019a aucun amour \u00bb pour le club.  Il a \u00e9galement affirm\u00e9 que tant que de \u00ab vrais gens du football \u00bb ne parcourront pas les couloirs d\u2019Old Trafford au niveau du conseil d\u2019administration, l\u2019\u00e9quipe ne r\u00e9ussira jamais.<\/p>\n<p>L&rsquo;attitude publique de Noel Gallagher \u00e0 l&rsquo;\u00e9gard de Manchester United est naturellement ironique. Cependant, malgr\u00e9 la suggestion franchement ridicule de Frank remplacer Ten Hag, le fan de City a soulign\u00e9 certains points importants.  Si le manager n\u00e9erlandais veut r\u00e9ussir \u00e0 United, il devra galvaniser le club.  De plus, l\u2019\u00e9quipe rouge de Manchester devra nommer les bonnes personnes aux bons postes au niveau ex\u00e9cutif. <\/p>\n<p>Avec la d\u00e9mission de Richard Arnold en tant que PDG et le d\u00e9part de Sir Jim Ratcliffe <em>INEOS<\/em> \u00c0 venir sous peu, les fans esp\u00e8rent que le club d\u00e9cidera d\u2019\u00e9couter Gallagher et les nombreuses voix leur disant de faire de m\u00eame.<\/p>\n<p><!-- AI CONTENT END 3 --><\/p><\/div>\n","protected":false},"excerpt":{"rendered":"<p>3 Noel Gallagher, l&rsquo;ancien Oasis chanteur et grand fan de Manchester City, a sugg\u00e9r\u00e9 dans une r\u00e9cente interview que Manchester United gagnerait \u00e0 embaucher Thomas<\/p>\n","protected":false},"author":1,"featured_media":998,"comment_status":"closed","ping_status":"","sticky":false,"template":"","format":"standard","meta":{"footnotes":""},"categories":[3],"tags":[757,190,662,1109,192,11,1160,1162,1161,191,235,13],"yoast_head":"<!-- This site is optimized with the Yoast SEO plugin v21.0 - https:\/\/yoast.com\/wordpress\/plugins\/seo\/ -->\n<title>Noel Gallagher sugg\u00e8re que Thomas Frank devrait remplacer Erik ten Hag \u00e0 Manchester United \u2013<\/title>\n<meta name=\"robots\" content=\"index, follow, max-snippet:-1, max-image-preview:large, max-video-preview:-1\" \/>\n<link rel=\"canonical\" href=\"https:\/\/footdavant.fr\/actualites\/noel-gallagher-suggere-que-thomas-frank-devrait-remplacer-erik-ten-hag-a-manchester-united\/\" \/>\n<meta property=\"og:locale\" content=\"fr_FR\" \/>\n<meta property=\"og:type\" content=\"article\" \/>\n<meta property=\"og:title\" content=\"Noel Gallagher sugg\u00e8re que Thomas Frank devrait remplacer Erik ten Hag \u00e0 Manchester United \u2013\" \/>\n<meta property=\"og:description\" content=\"3 Noel Gallagher, l&rsquo;ancien Oasis chanteur et grand fan de Manchester City, a sugg\u00e9r\u00e9 dans une r\u00e9cente interview que Manchester United gagnerait \u00e0 embaucher Thomas\" \/>\n<meta property=\"og:url\" content=\"https:\/\/footdavant.fr\/actualites\/noel-gallagher-suggere-que-thomas-frank-devrait-remplacer-erik-ten-hag-a-manchester-united\/\" \/>\n<meta property=\"og:site_name\" content=\"Foot d&#039;avant\" \/>\n<meta property=\"article:publisher\" content=\"https:\/\/www.facebook.com\/Footdavant\/\" \/>\n<meta property=\"article:published_time\" content=\"2023-11-16T07:55:43+00:00\" \/>\n<meta property=\"article:modified_time\" content=\"2023-11-16T07:55:44+00:00\" \/>\n<meta property=\"og:image\" content=\"https:\/\/footdavant.fr\/actualites\/wp-content\/uploads\/2023\/11\/Noel-Gallagher-suggere-que-Thomas-Frank-devrait-remplacer-Erik-ten.jpg\" \/>\n\t<meta property=\"og:image:width\" content=\"1600\" \/>\n\t<meta property=\"og:image:height\" content=\"701\" \/>\n\t<meta property=\"og:image:type\" content=\"image\/jpeg\" \/>\n<meta name=\"author\" content=\"Cl\u00e9ment\" \/>\n<meta name=\"twitter:card\" content=\"summary_large_image\" \/>\n<meta name=\"twitter:creator\" content=\"@FootdavantFr\" \/>\n<meta name=\"twitter:site\" content=\"@FootdavantFr\" \/>\n<meta name=\"twitter:label1\" content=\"\u00c9crit par\" \/>\n\t<meta name=\"twitter:data1\" content=\"Cl\u00e9ment\" \/>\n\t<meta name=\"twitter:label2\" content=\"Dur\u00e9e de lecture estim\u00e9e\" \/>\n\t<meta name=\"twitter:data2\" content=\"3 minutes\" \/>\n<script type=\"application\/ld+json\" class=\"yoast-schema-graph\">{\"@context\":\"https:\/\/schema.org\",\"@graph\":[{\"@type\":\"Article\",\"@id\":\"https:\/\/footdavant.fr\/actualites\/noel-gallagher-suggere-que-thomas-frank-devrait-remplacer-erik-ten-hag-a-manchester-united\/#article\",\"isPartOf\":{\"@id\":\"https:\/\/footdavant.fr\/actualites\/noel-gallagher-suggere-que-thomas-frank-devrait-remplacer-erik-ten-hag-a-manchester-united\/\"},\"author\":{\"name\":\"Cl\u00e9ment\",\"@id\":\"https:\/\/footdavant.fr\/actualites\/#\/schema\/person\/bc222566d95871b37e597b3ed3ba5e1d\"},\"headline\":\"Noel Gallagher sugg\u00e8re que Thomas Frank devrait remplacer Erik ten Hag \u00e0 Manchester United \u2013\",\"datePublished\":\"2023-11-16T07:55:43+00:00\",\"dateModified\":\"2023-11-16T07:55:44+00:00\",\"mainEntityOfPage\":{\"@id\":\"https:\/\/footdavant.fr\/actualites\/noel-gallagher-suggere-que-thomas-frank-devrait-remplacer-erik-ten-hag-a-manchester-united\/\"},\"wordCount\":532,\"publisher\":{\"@id\":\"https:\/\/footdavant.fr\/actualites\/#organization\"},\"keywords\":[\"devrait\",\"Erik\",\"Frank\",\"Gallagher\",\"Hag\",\"Manchester\",\"Noel\",\"remplacer\",\"sugg\u00e8re\",\"ten\",\"Thomas\",\"United\"],\"articleSection\":[\"Football\"],\"inLanguage\":\"fr-FR\"},{\"@type\":\"WebPage\",\"@id\":\"https:\/\/footdavant.fr\/actualites\/noel-gallagher-suggere-que-thomas-frank-devrait-remplacer-erik-ten-hag-a-manchester-united\/\",\"url\":\"https:\/\/footdavant.fr\/actualites\/noel-gallagher-suggere-que-thomas-frank-devrait-remplacer-erik-ten-hag-a-manchester-united\/\",\"name\":\"Noel Gallagher sugg\u00e8re que Thomas Frank devrait remplacer Erik ten Hag \u00e0 Manchester United \u2013\",\"isPartOf\":{\"@id\":\"https:\/\/footdavant.fr\/actualites\/#website\"},\"datePublished\":\"2023-11-16T07:55:43+00:00\",\"dateModified\":\"2023-11-16T07:55:44+00:00\",\"breadcrumb\":{\"@id\":\"https:\/\/footdavant.fr\/actualites\/noel-gallagher-suggere-que-thomas-frank-devrait-remplacer-erik-ten-hag-a-manchester-united\/#breadcrumb\"},\"inLanguage\":\"fr-FR\",\"potentialAction\":[{\"@type\":\"ReadAction\",\"target\":[\"https:\/\/footdavant.fr\/actualites\/noel-gallagher-suggere-que-thomas-frank-devrait-remplacer-erik-ten-hag-a-manchester-united\/\"]}]},{\"@type\":\"BreadcrumbList\",\"@id\":\"https:\/\/footdavant.fr\/actualites\/noel-gallagher-suggere-que-thomas-frank-devrait-remplacer-erik-ten-hag-a-manchester-united\/#breadcrumb\",\"itemListElement\":[{\"@type\":\"ListItem\",\"position\":1,\"name\":\"Accueil\",\"item\":\"https:\/\/footdavant.fr\/actualites\/\"},{\"@type\":\"ListItem\",\"position\":2,\"name\":\"Noel Gallagher sugg\u00e8re que Thomas Frank devrait remplacer Erik ten Hag \u00e0 Manchester United \u2013\"}]},{\"@type\":\"WebSite\",\"@id\":\"https:\/\/footdavant.fr\/actualites\/#website\",\"url\":\"https:\/\/footdavant.fr\/actualites\/\",\"name\":\"Foot d'avant\",\"description\":\"\",\"publisher\":{\"@id\":\"https:\/\/footdavant.fr\/actualites\/#organization\"},\"potentialAction\":[{\"@type\":\"SearchAction\",\"target\":{\"@type\":\"EntryPoint\",\"urlTemplate\":\"https:\/\/footdavant.fr\/actualites\/?s={search_term_string}\"},\"query-input\":\"required name=search_term_string\"}],\"inLanguage\":\"fr-FR\"},{\"@type\":\"Organization\",\"@id\":\"https:\/\/footdavant.fr\/actualites\/#organization\",\"name\":\"Foot d'avant\",\"url\":\"https:\/\/footdavant.fr\/actualites\/\",\"logo\":{\"@type\":\"ImageObject\",\"inLanguage\":\"fr-FR\",\"@id\":\"https:\/\/footdavant.fr\/actualites\/#\/schema\/logo\/image\/\",\"url\":\"https:\/\/footdavant.fr\/actualites\/wp-content\/uploads\/2023\/09\/Copy-of-FootDavant-Logo.png\",\"contentUrl\":\"https:\/\/footdavant.fr\/actualites\/wp-content\/uploads\/2023\/09\/Copy-of-FootDavant-Logo.png\",\"width\":936,\"height\":549,\"caption\":\"Foot d'avant\"},\"image\":{\"@id\":\"https:\/\/footdavant.fr\/actualites\/#\/schema\/logo\/image\/\"},\"sameAs\":[\"https:\/\/www.facebook.com\/Footdavant\/\",\"https:\/\/twitter.com\/FootdavantFr\",\"https:\/\/www.instagram.com\/footdavant.fr\/\"]},{\"@type\":\"Person\",\"@id\":\"https:\/\/footdavant.fr\/actualites\/#\/schema\/person\/bc222566d95871b37e597b3ed3ba5e1d\",\"name\":\"Cl\u00e9ment\",\"image\":{\"@type\":\"ImageObject\",\"inLanguage\":\"fr-FR\",\"@id\":\"https:\/\/footdavant.fr\/actualites\/#\/schema\/person\/image\/\",\"url\":\"https:\/\/secure.gravatar.com\/avatar\/7728b29aac2719421e1a9159b2254c44?s=96&d=mm&r=g\",\"contentUrl\":\"https:\/\/secure.gravatar.com\/avatar\/7728b29aac2719421e1a9159b2254c44?s=96&d=mm&r=g\",\"caption\":\"Cl\u00e9ment\"},\"sameAs\":[\"https:\/\/footdavant.fr\/\"]}]}<\/script>\n<!-- \/ Yoast SEO plugin. -->","yoast_head_json":{"title":"Noel Gallagher sugg\u00e8re que Thomas Frank devrait remplacer Erik ten Hag \u00e0 Manchester United \u2013","robots":{"index":"index","follow":"follow","max-snippet":"max-snippet:-1","max-image-preview":"max-image-preview:large","max-video-preview":"max-video-preview:-1"},"canonical":"https:\/\/footdavant.fr\/actualites\/noel-gallagher-suggere-que-thomas-frank-devrait-remplacer-erik-ten-hag-a-manchester-united\/","og_locale":"fr_FR","og_type":"article","og_title":"Noel Gallagher sugg\u00e8re que Thomas Frank devrait remplacer Erik ten Hag \u00e0 Manchester United \u2013","og_description":"3 Noel Gallagher, l&rsquo;ancien Oasis chanteur et grand fan de Manchester City, a sugg\u00e9r\u00e9 dans une r\u00e9cente interview que Manchester United gagnerait \u00e0 embaucher Thomas","og_url":"https:\/\/footdavant.fr\/actualites\/noel-gallagher-suggere-que-thomas-frank-devrait-remplacer-erik-ten-hag-a-manchester-united\/","og_site_name":"Foot d&#039;avant","article_publisher":"https:\/\/www.facebook.com\/Footdavant\/","article_published_time":"2023-11-16T07:55:43+00:00","article_modified_time":"2023-11-16T07:55:44+00:00","og_image":[{"width":1600,"height":701,"url":"https:\/\/footdavant.fr\/actualites\/wp-content\/uploads\/2023\/11\/Noel-Gallagher-suggere-que-Thomas-Frank-devrait-remplacer-Erik-ten.jpg","type":"image\/jpeg"}],"author":"Cl\u00e9ment","twitter_card":"summary_large_image","twitter_creator":"@FootdavantFr","twitter_site":"@FootdavantFr","twitter_misc":{"\u00c9crit par":"Cl\u00e9ment","Dur\u00e9e de lecture estim\u00e9e":"3 minutes"},"schema":{"@context":"https:\/\/schema.org","@graph":[{"@type":"Article","@id":"https:\/\/footdavant.fr\/actualites\/noel-gallagher-suggere-que-thomas-frank-devrait-remplacer-erik-ten-hag-a-manchester-united\/#article","isPartOf":{"@id":"https:\/\/footdavant.fr\/actualites\/noel-gallagher-suggere-que-thomas-frank-devrait-remplacer-erik-ten-hag-a-manchester-united\/"},"author":{"name":"Cl\u00e9ment","@id":"https:\/\/footdavant.fr\/actualites\/#\/schema\/person\/bc222566d95871b37e597b3ed3ba5e1d"},"headline":"Noel Gallagher sugg\u00e8re que Thomas Frank devrait remplacer Erik ten Hag \u00e0 Manchester United \u2013","datePublished":"2023-11-16T07:55:43+00:00","dateModified":"2023-11-16T07:55:44+00:00","mainEntityOfPage":{"@id":"https:\/\/footdavant.fr\/actualites\/noel-gallagher-suggere-que-thomas-frank-devrait-remplacer-erik-ten-hag-a-manchester-united\/"},"wordCount":532,"publisher":{"@id":"https:\/\/footdavant.fr\/actualites\/#organization"},"keywords":["devrait","Erik","Frank","Gallagher","Hag","Manchester","Noel","remplacer","sugg\u00e8re","ten","Thomas","United"],"articleSection":["Football"],"inLanguage":"fr-FR"},{"@type":"WebPage","@id":"https:\/\/footdavant.fr\/actualites\/noel-gallagher-suggere-que-thomas-frank-devrait-remplacer-erik-ten-hag-a-manchester-united\/","url":"https:\/\/footdavant.fr\/actualites\/noel-gallagher-suggere-que-thomas-frank-devrait-remplacer-erik-ten-hag-a-manchester-united\/","name":"Noel Gallagher sugg\u00e8re que Thomas Frank devrait remplacer Erik ten Hag \u00e0 Manchester United \u2013","isPartOf":{"@id":"https:\/\/footdavant.fr\/actualites\/#website"},"datePublished":"2023-11-16T07:55:43+00:00","dateModified":"2023-11-16T07:55:44+00:00","breadcrumb":{"@id":"https:\/\/footdavant.fr\/actualites\/noel-gallagher-suggere-que-thomas-frank-devrait-remplacer-erik-ten-hag-a-manchester-united\/#breadcrumb"},"inLanguage":"fr-FR","potentialAction":[{"@type":"ReadAction","target":["https:\/\/footdavant.fr\/actualites\/noel-gallagher-suggere-que-thomas-frank-devrait-remplacer-erik-ten-hag-a-manchester-united\/"]}]},{"@type":"BreadcrumbList","@id":"https:\/\/footdavant.fr\/actualites\/noel-gallagher-suggere-que-thomas-frank-devrait-remplacer-erik-ten-hag-a-manchester-united\/#breadcrumb","itemListElement":[{"@type":"ListItem","position":1,"name":"Accueil","item":"https:\/\/footdavant.fr\/actualites\/"},{"@type":"ListItem","position":2,"name":"Noel Gallagher sugg\u00e8re que Thomas Frank devrait remplacer Erik ten Hag \u00e0 Manchester United \u2013"}]},{"@type":"WebSite","@id":"https:\/\/footdavant.fr\/actualites\/#website","url":"https:\/\/footdavant.fr\/actualites\/","name":"Foot d'avant","description":"","publisher":{"@id":"https:\/\/footdavant.fr\/actualites\/#organization"},"potentialAction":[{"@type":"SearchAction","target":{"@type":"EntryPoint","urlTemplate":"https:\/\/footdavant.fr\/actualites\/?s={search_term_string}"},"query-input":"required name=search_term_string"}],"inLanguage":"fr-FR"},{"@type":"Organization","@id":"https:\/\/footdavant.fr\/actualites\/#organization","name":"Foot d'avant","url":"https:\/\/footdavant.fr\/actualites\/","logo":{"@type":"ImageObject","inLanguage":"fr-FR","@id":"https:\/\/footdavant.fr\/actualites\/#\/schema\/logo\/image\/","url":"https:\/\/footdavant.fr\/actualites\/wp-content\/uploads\/2023\/09\/Copy-of-FootDavant-Logo.png","contentUrl":"https:\/\/footdavant.fr\/actualites\/wp-content\/uploads\/2023\/09\/Copy-of-FootDavant-Logo.png","width":936,"height":549,"caption":"Foot d'avant"},"image":{"@id":"https:\/\/footdavant.fr\/actualites\/#\/schema\/logo\/image\/"},"sameAs":["https:\/\/www.facebook.com\/Footdavant\/","https:\/\/twitter.com\/FootdavantFr","https:\/\/www.instagram.com\/footdavant.fr\/"]},{"@type":"Person","@id":"https:\/\/footdavant.fr\/actualites\/#\/schema\/person\/bc222566d95871b37e597b3ed3ba5e1d","name":"Cl\u00e9ment","image":{"@type":"ImageObject","inLanguage":"fr-FR","@id":"https:\/\/footdavant.fr\/actualites\/#\/schema\/person\/image\/","url":"https:\/\/secure.gravatar.com\/avatar\/7728b29aac2719421e1a9159b2254c44?s=96&d=mm&r=g","contentUrl":"https:\/\/secure.gravatar.com\/avatar\/7728b29aac2719421e1a9159b2254c44?s=96&d=mm&r=g","caption":"Cl\u00e9ment"},"sameAs":["https:\/\/footdavant.fr\/"]}]}},"_links":{"self":[{"href":"https:\/\/footdavant.fr\/actualites\/wp-json\/wp\/v2\/posts\/997"}],"collection":[{"href":"https:\/\/footdavant.fr\/actualites\/wp-json\/wp\/v2\/posts"}],"about":[{"href":"https:\/\/footdavant.fr\/actualites\/wp-json\/wp\/v2\/types\/post"}],"author":[{"embeddable":true,"href":"https:\/\/footdavant.fr\/actualites\/wp-json\/wp\/v2\/users\/1"}],"replies":[{"embeddable":true,"href":"https:\/\/footdavant.fr\/actualites\/wp-json\/wp\/v2\/comments?post=997"}],"version-history":[{"count":1,"href":"https:\/\/footdavant.fr\/actualites\/wp-json\/wp\/v2\/posts\/997\/revisions"}],"predecessor-version":[{"id":999,"href":"https:\/\/footdavant.fr\/actualites\/wp-json\/wp\/v2\/posts\/997\/revisions\/999"}],"wp:featuredmedia":[{"embeddable":true,"href":"https:\/\/footdavant.fr\/actualites\/wp-json\/wp\/v2\/media\/998"}],"wp:attachment":[{"href":"https:\/\/footdavant.fr\/actualites\/wp-json\/wp\/v2\/media?parent=997"}],"wp:term":[{"taxonomy":"category","embeddable":true,"href":"https:\/\/footdavant.fr\/actualites\/wp-json\/wp\/v2\/categories?post=997"},{"taxonomy":"post_tag","embeddable":true,"href":"https:\/\/footdavant.fr\/actualites\/wp-json\/wp\/v2\/tags?post=997"}],"curies":[{"name":"wp","href":"https:\/\/api.w.org\/{rel}","templated":true}]}}